{"id":20608,"date":"2022-01-14T11:33:55","date_gmt":"2022-01-14T09:33:55","guid":{"rendered":"https:\/\/bisbalpenedes.com\/web\/?p=20608"},"modified":"2022-01-14T11:42:36","modified_gmt":"2022-01-14T09:42:36","slug":"la-bisbal-del-penedes-ha-estrenat-un-nou-club-de-lectura-aquest-dijous","status":"publish","type":"post","link":"https:\/\/bisbalpenedes.com\/web\/2022\/01\/14\/la-bisbal-del-penedes-ha-estrenat-un-nou-club-de-lectura-aquest-dijous\/","title":{"rendered":"La Bisbal del Pened\u00e8s ha estrenat un nou club de lectura aquest dijous"},"content":{"rendered":"\n<p>La Biblioteca p\u00fablica de la Bisbal del Pened\u00e8s ha incorporat una nova activitat a la seva oferta cultural aquest mes de gener. Es tracta del club de lectura i llibres &#8220;El poder de la paraula&#8221; que condueix l&#8217;escriptor i periodista Lloren\u00e7 Aviny\u00f3. En ell, s&#8217;hi abordaran llibres i els seus autors. Els seus participants llegiran les obres recomanades i, posteriorment, es faran reunions mensuals per parlar-ne, tot plegat acompanyat d&#8217;an\u00e8cdotes i m\u00fasica relacionada amb aquests escriptors. Aix\u00ed, el club pret\u00e9n ser un espai de descobriment i compartici\u00f3 de tot all\u00f2 que sabem dels llibres i els seus autors. El Lloren\u00e7 ha explicat que &#8220;l&#8217;objectiu \u00e9s encomanar el gust per la lectura, sense prejudicis, de manera entretinguda, comprovant que tots sabem molt m\u00e9s de literatura del que creiem que sabem&#8221;.<\/p>\n\n\n\n<p>La primera jornada del club ha estat dedicada al conegut poeta granad\u00ed Federico Garc\u00eda Lorca -i la seva obra- i s&#8217;ha demanat als assistents que llegeixin el &#8220;Romancero gitano&#8221; de l&#8217;autor per a la pr\u00f2xima sessi\u00f3. Tamb\u00e9 s&#8217;ha recomanat l&#8217;obra &#8220;Casa de miseric\u00f2rdia&#8221; de Joan Margarit. La regidora de Cultura, Judith Vidal, ha explicat que &#8220;des de la Biblioteca es posaran a disposici\u00f3 dels assistents els llibres proposats al club. A partir de la setmana vinent ja podreu venir a buscar el Romancero gitano, l&#8217;obra que comentarem en la propera sessi\u00f3&#8221;.<\/p>\n\n\n\n<p>La pr\u00f2xima reuni\u00f3 del club es dur\u00e0 a terme el 3 de febrer, a les 19.30h a l&#8217;Auditori Salb\u00e0 del CMC. L&#8217;activitat \u00e9s gratu\u00efta i cal inscriure-s&#8217;hi a la biblioteca bisbalenca, presencialment o escrivint un correu electr\u00f2nic a biblioteca@bisbalpenedes.com<\/p>\n\n\n\n<hr class=\"wp-block-separator\"\/>\n\n\n\n<p><strong>CASTELLANO |<\/strong>\u00a0La Biblioteca p\u00fablica de la Bisbal del Pened\u00e8s ha incorporado una nueva actividad a su oferta cultural este mes de enero. Se trata del club de lectura y libros &#8220;El poder de la palabra&#8221; que conduce el escritor y periodista Lloren\u00e7 Aviny\u00f3. En \u00e9l, se abordar\u00e1n libros y sus autores. Sus participantes leer\u00e1n las obras recomendadas y, posteriormente, se har\u00e1n reuniones mensuales para hablar de las mismas, todo ello acompa\u00f1ado de an\u00e9cdotas y m\u00fasica relacionada con estos escritores. As\u00ed, el club pretende ser un espacio de descubrimiento y compartici\u00f3n de todo aquello que sabemos de los libros y sus autores. Lloren\u00e7 ha explicado que &#8220;el objetivo es contagiar el gusto por la lectura, sin prejuicios, de forma entretenida, comprobando que todos sabemos mucho m\u00e1s de literatura de lo que creemos que sabemos&#8221;<\/p>\n\n\n\n<p>La primera jornada del club ha estado dedicada al conocido poeta granadino Federico Garc\u00eda Lorca -y su obra- y se le ha pedido a los asistentes que lean el &#8220;Romancero gitano&#8221; del autor para la pr\u00f3xima sesi\u00f3n. Tambi\u00e9n se ha recomendado la obra &#8220;Casa de miseric\u00f2rdia&#8221; de Joan Margarit. La concejala de Cultura, Judith Vidal, ha explicado que &#8220;desde la Biblioteca se pondr\u00e1n a disposici\u00f3n de los asistentes los libros propuestos en el club. A partir de la semana que viene ya podr\u00e9is venir a buscar el Romancero gitano, la obra que comentaremos en la pr\u00f3xima sesi\u00f3n&#8221;.<\/p>\n\n\n\n<p>La pr\u00f3xima reuni\u00f3n del club se llevar\u00e1 a cabo el d\u00eda 3 de febrero, a las 19:30h, en el Auditorio Salb\u00e0 del CMC. La actividad es gratuita y para participar en la misma es necesario inscribirse en la biblioteca de la Bisbal, presencialmente o escribiendo un correo electr\u00f3nico a biblioteca@bisbalpenedes.com.<\/p>\n","protected":false},"excerpt":{"rendered":"<p>La Biblioteca p\u00fablica de la Bisbal del Pened\u00e8s ha incorporat una nova activitat a la seva oferta cultural aquest mes de gener. Es tracta del club de lectura i llibres &hellip; <a href=\"https:\/\/bisbalpenedes.com\/web\/2022\/01\/14\/la-bisbal-del-penedes-ha-estrenat-un-nou-club-de-lectura-aquest-dijous\/\" class=\"more-link\">Read More<\/a><\/p>\n","protected":false},"author":4,"featured_media":20609,"comment_status":"closed","ping_status":"closed","sticky":false,"template":"","format":"standard","meta":[],"categories":[2478,13,8],"tags":[459,412,594,393,340,148,2458,4820,5012],"_links":{"self":[{"href":"https:\/\/bisbalpenedes.com\/web\/wp-json\/wp\/v2\/posts\/20608"}],"collection":[{"href":"https:\/\/bisbalpenedes.com\/web\/wp-json\/wp\/v2\/posts"}],"about":[{"href":"https:\/\/bisbalpenedes.com\/web\/wp-json\/wp\/v2\/types\/post"}],"author":[{"embeddable":true,"href":"https:\/\/bisbalpenedes.com\/web\/wp-json\/wp\/v2\/users\/4"}],"replies":[{"embeddable":true,"href":"https:\/\/bisbalpenedes.com\/web\/wp-json\/wp\/v2\/comments?post=20608"}],"version-history":[{"count":4,"href":"https:\/\/bisbalpenedes.com\/web\/wp-json\/wp\/v2\/posts\/20608\/revisions"}],"predecessor-version":[{"id":20613,"href":"https:\/\/bisbalpenedes.com\/web\/wp-json\/wp\/v2\/posts\/20608\/revisions\/20613"}],"wp:featuredmedia":[{"embeddable":true,"href":"https:\/\/bisbalpenedes.com\/web\/wp-json\/wp\/v2\/media\/20609"}],"wp:attachment":[{"href":"https:\/\/bisbalpenedes.com\/web\/wp-json\/wp\/v2\/media?parent=20608"}],"wp:term":[{"taxonomy":"category","embeddable":true,"href":"https:\/\/bisbalpenedes.com\/web\/wp-json\/wp\/v2\/categories?post=20608"},{"taxonomy":"post_tag","embeddable":true,"href":"https:\/\/bisbalpenedes.com\/web\/wp-json\/wp\/v2\/tags?post=20608"}],"curies":[{"name":"wp","href":"https:\/\/api.w.org\/{rel}","templated":true}]}}