{"id":20596,"date":"2022-01-14T06:40:00","date_gmt":"2022-01-14T04:40:00","guid":{"rendered":"https:\/\/bisbalpenedes.com\/web\/?p=20596"},"modified":"2022-01-14T08:04:05","modified_gmt":"2022-01-14T06:04:05","slug":"informacio-de-la-generalitat-de-catalunya-sobre-la-cria-i-manteniment-daus-de-corral-per-autoconsum-2","status":"publish","type":"post","link":"https:\/\/bisbalpenedes.com\/web\/2022\/01\/14\/informacio-de-la-generalitat-de-catalunya-sobre-la-cria-i-manteniment-daus-de-corral-per-autoconsum-2\/","title":{"rendered":"Informaci\u00f3 important per als ve\u00efns que tenen aus de corral per a l&#8217;autoconsum"},"content":{"rendered":"\n<p>Des de la Direcci\u00f3 General d&#8217;Agricultura i Ramaderia de la Generalitat de Catalunya ens han informat que:<\/p>\n\n\n\n<p>Tenint en compte que amb data de 4 de gener de 2022 s&#8217;ha confirmat un focus d&#8217;Influ\u00e8ncia Avi\u00e0ria d&#8217;Alta Patogenicitat (IAAP) H5N1 en aus salvatges a les mitjanes del riu Segre, al municipi de Soses, Segri\u00e0 (Lleida).<\/p>\n\n\n\n<p>S&#8217;ha pres la decisi\u00f3 d&#8217;equiparar les mesures de bioseguretat aplicades a les zones d&#8217;especial risc a les zones d&#8217;especial vigil\u00e0ncia de tot el territori. En aquests moments est\u00e0 pendent la resoluci\u00f3 per la qual aquestes mesures es faran extensives a totes les explotacions av\u00edcoles del territori de Catalunya. S\u00f3n les seg\u00fcents:<\/p>\n\n\n\n<figure class=\"wp-block-table\"><table><tbody><tr><td><strong>Mesures ZER i ZEV (article 5.1 APA\/2442\/2006)<\/strong><\/td><\/tr><tr><td>Prohibici\u00f3 \u00fas d&#8217;aus dels ordres Anseriformes i Caradriformes com a reclams de ca\u00e7a<\/td><\/tr><tr><td>Prohibici\u00f3 cria d\u2019\u00e0necs i oques conjuntament amb altres esp\u00e8cies d&#8217;aus de corral<\/td><\/tr><tr><td>Prohibici\u00f3 de la producci\u00f3 i manteniment d&#8217;aus de corral a l&#8217;aire lliure ( es pot autoritzar si disposa de sistema per evitar entrada d&#8217;aus silvestres pr\u00e8via sol\u00b7licitud)<\/td><\/tr><tr><td>Prohibici\u00f3 de donar aigua a les aus de corral procedent de dip\u00f2sits on puguin accedir aus silvestres (excepte si estan tractats de manera que garanteixi la inactivaci\u00f3 del virus de la IA)<\/td><\/tr><tr><td>Els dip\u00f2sits d&#8217;aigua situats a l&#8217;exterior necessaris per motius de benestar animal quedaran prou protegits contra les aus aqu\u00e0tiques silvestres<\/td><\/tr><tr><td>Prohibida la pres\u00e8ncia d&#8217;aus de corral o altres tipus d&#8217;aus captives en centres de concentraci\u00f3 d&#8217;animals (definits a l&#8217;article 3.7 de la Llei 8\/2003)<\/td><\/tr><\/tbody><\/table><\/figure>\n\n\n\n<p><strong>Si sou particulars i teniu aus de corral per a l&#8217;autoconsum, us recordem que \u00e9s important que comuniqueu aquesta activitat a l&#8217;Oficina Comarcal del DACC corresponent <\/strong>(al Consell Comarcal del Baix Pened\u00e8s). D&#8217;altra banda, si teniu qualsevol sospita de la malaltia, \u00e9s crucial que la notifiqueu. Es considera <strong>sospita d&#8217;Influ\u00e8ncia Avi\u00e0ria d&#8217;Alta Patogenicitat l&#8217;aparici\u00f3 d&#8217;algun dels seg\u00fcents s\u00edmptomes:<\/strong><\/p>\n\n\n\n<ul><li>Disminuci\u00f3 del consum de pinso i aigua superior al 20%.<\/li><li>Disminuci\u00f3 en la posta superior al 5% durant m\u00e9s de 2 dies consecutius, sense causa justificada.&nbsp;&nbsp;&nbsp;&nbsp;&nbsp;&nbsp; &nbsp;&nbsp;&nbsp;&nbsp;&nbsp;&nbsp;&nbsp;&nbsp;&nbsp;&nbsp;&nbsp;&nbsp;&nbsp;&nbsp;&nbsp;&nbsp;&nbsp;&nbsp;&nbsp;&nbsp;&nbsp;&nbsp;&nbsp;&nbsp;&nbsp;&nbsp;&nbsp;&nbsp;&nbsp;&nbsp;&nbsp;&nbsp;&nbsp;&nbsp;&nbsp;&nbsp;&nbsp;&nbsp;&nbsp;&nbsp;&nbsp;&nbsp;&nbsp;&nbsp;&nbsp;&nbsp;&nbsp;&nbsp;&nbsp;&nbsp;&nbsp;&nbsp;&nbsp;&nbsp;&nbsp;&nbsp;&nbsp;&nbsp;&nbsp;&nbsp;&nbsp;&nbsp;&nbsp;&nbsp;&nbsp;&nbsp;&nbsp;&nbsp;&nbsp;&nbsp;&nbsp;&nbsp;&nbsp;<\/li><li>Mortalitat superior al 3% durant una setmana, sense causa justificada.&nbsp;&nbsp;<\/li><li>Qualsevol signe cl\u00ednic o lesi\u00f3 <em>post mortem<\/em> sospit\u00f3s d\u2019 influ\u00e8ncia aviar (tos, esternuts, llagrimeig, descarrega nasal\/oral, anor\u00e8xia, cianosi del cap, cresta o barbeta, edema facial, diarrea, simptomatologia nerviosa, lesions hemorr\u00e0giques, etc.).&nbsp;&nbsp;<\/li><\/ul>\n\n\n\n<p>Per a m\u00e9s informaci\u00f3, podeu accedir a l&#8217;enlla\u00e7: <a href=\"https:\/\/govern.cat\/salapremsa\/notes-premsa\/417305\/generalitat-intensifica-vigilancia-aus-deteccio-dinfluenca-aviaria-cinc-ocells-salvatges\">https:\/\/govern.cat\/salapremsa\/notes-premsa\/417305\/generalitat-intensifica-vigilancia-aus-deteccio-dinfluenca-aviaria-cinc-ocells-salvatges<\/a><\/p>\n\n\n\n<hr class=\"wp-block-separator\"\/>\n\n\n\n<p><strong>CASTELLANO |\u00a0Informaci\u00f3n importante para los vecinos que tienen aves de corral para el autoconsumo<\/strong><\/p>\n\n\n\n<p>Desde la Direcci\u00f3n General de Agricultura y Ganader\u00eda de la Generalitat de Catalunya nos han informado que:<\/p>\n\n\n\n<p>Teniendo en cuenta que a fecha de 4 de enero de 2022 se ha confirmado un foco de Influencia Aviar de Alta Patogenicidad (IAAP) H5N1 en aves salvajes en las medianas del r\u00edo Segre, en el municipio de Soses, Segri\u00e0 (Lleida).<\/p>\n\n\n\n<p>Se ha tomado la decisi\u00f3n de equiparar las medidas de bioseguridad aplicadas en las zonas de especial riesgo a las zonas de especial vigilancia de todo el territorio. En estos momentos est\u00e1 pendiente la resoluci\u00f3n por la cual estas medidas se har\u00e1n extensivas a todas las explotaciones av\u00edcolas del territorio de Catalunya. Son las siguientes:<\/p>\n\n\n\n<figure class=\"wp-block-table\"><table><tbody><tr><td><strong>Medidas ZER i ZEV (art\u00edculo 5.1 APA\/2442\/2006)<\/strong><\/td><\/tr><tr><td>Prohibici\u00f3n del uso de aves de las \u00f3rdenes Anseriformes y Caradriformes como reclamos de caza<\/td><\/tr><tr><td>Prohibici\u00f3n de cr\u00eda de patos y ocas conjuntamente con otras especies de aves de corral<\/td><\/tr><tr><td>Prohibici\u00f3n de la producci\u00f3n y mantenimiento de aves de corral al aire libre (se puede autorizar si dispone de sistema para evitar la entrada de aves silvestres previa solicitud)<\/td><\/tr><tr><td>Prohibici\u00f3n de dar agua a las aves de corral procedente de dep\u00f3sitos a los que puedan acceder aves silvestres (excepto si est\u00e1n tratados de manera que garantice la inactivaci\u00f3n del virus de la IA)<\/td><\/tr><tr><td>Los dep\u00f3sitos de agua situados en el exterior necesarios por motivos de bienestar animal quedar\u00e1n suficientemente protegidos contra las aves acu\u00e1ticas silvestres<\/td><\/tr><tr><td>Prohibida la presencia de aves de corral u otros tipos de aves cautivas en centros de concentraci\u00f3n de animales (definidos en el art\u00edculo 3.7 de la Ley 8\/2003)<\/td><\/tr><\/tbody><\/table><\/figure>\n\n\n\n<p><strong>Si sois particulares y ten\u00e9is aves de corral para el autoconsumo, os recordamos que es importante que comuniqu\u00e9is esta actividad a la Oficina Comarcal del DACC correspondiente<\/strong> (al Consell Comarcal del Baix Pened\u00e8s). Por otro lado, si ten\u00e9is cualquier sospecha de enfermedad, es crucial que la notifiqu\u00e9is. Se considera <strong>sospecha de Influencia Aviar de Alta Patogenicidad, la aparici\u00f3n de alguno de estos s\u00edntomas:<\/strong><\/p>\n\n\n\n<ul><li>Disminuci\u00f3n del consumo de pienso y agua superior al 20%<\/li><li>Disminuci\u00f3n en la puesta superior al 5% durante m\u00e1s de 2 d\u00edas consecutivos, sin causa justificada.<\/li><li>Mortalidad superior al 3% durante una semana, sin causa justificada.<\/li><li>Cualquier signo cl\u00ednico o lesi\u00f3n <em>post mortem<\/em> sospechoso de influencia aviar (tos, estornudos, lagrimeo, descarga nasal\/oral, anorexia, cianosis de la cabeza, cresta o barbilla, edema facial, diarrea, sintomatolog\u00eda nerviosa, lesiones hemorr\u00e1gicas, etc.)<\/li><\/ul>\n\n\n\n<p>Para m\u00e1s informaci\u00f3n, pod\u00e9is acceder al enlace: <a href=\"https:\/\/govern.cat\/salapremsa\/notes-premsa\/417305\/generalitat-intensifica-vigilancia-aus-deteccio-dinfluenca-aviaria-cinc-ocells-salvatges\">https:\/\/govern.cat\/salapremsa\/notes-premsa\/417305\/generalitat-intensifica-vigilancia-aus-deteccio-dinfluenca-aviaria-cinc-ocells-salvatges<\/a><\/p>\n\n\n\n<figure class=\"wp-block-image size-large\"><img loading=\"lazy\" width=\"1024\" height=\"725\" src=\"https:\/\/bisbalpenedes.com\/web\/wp-content\/uploads\/2020\/11\/20201116_2020-E-RC-3684-triptic-cria-aus-autoconsum-catalunya_page-0001-1024x725.jpg\" alt=\"\" class=\"wp-image-15449\" srcset=\"https:\/\/bisbalpenedes.com\/web\/wp-content\/uploads\/2020\/11\/20201116_2020-E-RC-3684-triptic-cria-aus-autoconsum-catalunya_page-0001-1024x725.jpg 1024w, https:\/\/bisbalpenedes.com\/web\/wp-content\/uploads\/2020\/11\/20201116_2020-E-RC-3684-triptic-cria-aus-autoconsum-catalunya_page-0001-600x425.jpg 600w, https:\/\/bisbalpenedes.com\/web\/wp-content\/uploads\/2020\/11\/20201116_2020-E-RC-3684-triptic-cria-aus-autoconsum-catalunya_page-0001-300x212.jpg 300w, https:\/\/bisbalpenedes.com\/web\/wp-content\/uploads\/2020\/11\/20201116_2020-E-RC-3684-triptic-cria-aus-autoconsum-catalunya_page-0001-768x543.jpg 768w, https:\/\/bisbalpenedes.com\/web\/wp-content\/uploads\/2020\/11\/20201116_2020-E-RC-3684-triptic-cria-aus-autoconsum-catalunya_page-0001.jpg 1754w\" sizes=\"(max-width: 1024px) 100vw, 1024px\" \/><\/figure>\n","protected":false},"excerpt":{"rendered":"<p>Des de la Direcci\u00f3 General d&#8217;Agricultura i Ramaderia de la Generalitat de Catalunya ens han informat que: Tenint en compte que amb data de 4 de gener de 2022 s&#8217;ha &hellip; <a href=\"https:\/\/bisbalpenedes.com\/web\/2022\/01\/14\/informacio-de-la-generalitat-de-catalunya-sobre-la-cria-i-manteniment-daus-de-corral-per-autoconsum-2\/\" class=\"more-link\">Read More<\/a><\/p>\n","protected":false},"author":4,"featured_media":15450,"comment_status":"closed","ping_status":"closed","sticky":false,"template":"","format":"standard","meta":[],"categories":[32,8,14],"tags":[4212,4209,2726,4210,4211,4214,4213],"_links":{"self":[{"href":"https:\/\/bisbalpenedes.com\/web\/wp-json\/wp\/v2\/posts\/20596"}],"collection":[{"href":"https:\/\/bisbalpenedes.com\/web\/wp-json\/wp\/v2\/posts"}],"about":[{"href":"https:\/\/bisbalpenedes.com\/web\/wp-json\/wp\/v2\/types\/post"}],"author":[{"embeddable":true,"href":"https:\/\/bisbalpenedes.com\/web\/wp-json\/wp\/v2\/users\/4"}],"replies":[{"embeddable":true,"href":"https:\/\/bisbalpenedes.com\/web\/wp-json\/wp\/v2\/comments?post=20596"}],"version-history":[{"count":2,"href":"https:\/\/bisbalpenedes.com\/web\/wp-json\/wp\/v2\/posts\/20596\/revisions"}],"predecessor-version":[{"id":20598,"href":"https:\/\/bisbalpenedes.com\/web\/wp-json\/wp\/v2\/posts\/20596\/revisions\/20598"}],"wp:featuredmedia":[{"embeddable":true,"href":"https:\/\/bisbalpenedes.com\/web\/wp-json\/wp\/v2\/media\/15450"}],"wp:attachment":[{"href":"https:\/\/bisbalpenedes.com\/web\/wp-json\/wp\/v2\/media?parent=20596"}],"wp:term":[{"taxonomy":"category","embeddable":true,"href":"https:\/\/bisbalpenedes.com\/web\/wp-json\/wp\/v2\/categories?post=20596"},{"taxonomy":"post_tag","embeddable":true,"href":"https:\/\/bisbalpenedes.com\/web\/wp-json\/wp\/v2\/tags?post=20596"}],"curies":[{"name":"wp","href":"https:\/\/api.w.org\/{rel}","templated":true}]}}