{"id":20591,"date":"2022-01-13T18:22:43","date_gmt":"2022-01-13T16:22:43","guid":{"rendered":"https:\/\/bisbalpenedes.com\/web\/?p=20591"},"modified":"2022-01-13T18:37:06","modified_gmt":"2022-01-13T16:37:06","slug":"e-distribucion-ha-comunicat-que-dema-divendres-14-de-gener-tallara-la-llum-a-lortigos-per-dur-a-terme-tasques-de-manteniment","status":"publish","type":"post","link":"https:\/\/bisbalpenedes.com\/web\/2022\/01\/13\/e-distribucion-ha-comunicat-que-dema-divendres-14-de-gener-tallara-la-llum-a-lortigos-per-dur-a-terme-tasques-de-manteniment\/","title":{"rendered":"E-distribuci\u00f3n ha comunicat que dem\u00e0 divendres 14 de gener tallar\u00e0 la llum a L&#8217;Ortig\u00f3s per dur a terme tasques de manteniment"},"content":{"rendered":"\n<p>E-distribuci\u00f3n ha comunicat que dem\u00e0 divendres, de 9:15h a 13:00h, procedir\u00e0 a tallar la llum a l&#8217;Ortig\u00f3s per tasques de manteniment.<\/p>\n\n\n\n<hr class=\"wp-block-separator\"\/>\n\n\n\n<p>E-distribuci\u00f3n ha comunicado que ma\u00f1ana viernes, de 9:15h a 13:00h, proceder\u00e1 a cortar la luz en l&#8217;Ortig\u00f3s por trabajos de mantenimento.<br><\/p>\n","protected":false},"excerpt":{"rendered":"<p>E-distribuci\u00f3n ha comunicat que dem\u00e0 divendres, de 9:15h a 13:00h, procedir\u00e0 a tallar la llum a l&#8217;Ortig\u00f3s per tasques de manteniment. E-distribuci\u00f3n ha comunicado que ma\u00f1ana viernes, de 9:15h a &hellip; <a href=\"https:\/\/bisbalpenedes.com\/web\/2022\/01\/13\/e-distribucion-ha-comunicat-que-dema-divendres-14-de-gener-tallara-la-llum-a-lortigos-per-dur-a-terme-tasques-de-manteniment\/\" class=\"more-link\">Read More<\/a><\/p>\n","protected":false},"author":4,"featured_media":20594,"comment_status":"closed","ping_status":"closed","sticky":false,"template":"","format":"standard","meta":[],"categories":[1628,8],"tags":[604,393,1629],"_links":{"self":[{"href":"https:\/\/bisbalpenedes.com\/web\/wp-json\/wp\/v2\/posts\/20591"}],"collection":[{"href":"https:\/\/bisbalpenedes.com\/web\/wp-json\/wp\/v2\/posts"}],"about":[{"href":"https:\/\/bisbalpenedes.com\/web\/wp-json\/wp\/v2\/types\/post"}],"author":[{"embeddable":true,"href":"https:\/\/bisbalpenedes.com\/web\/wp-json\/wp\/v2\/users\/4"}],"replies":[{"embeddable":true,"href":"https:\/\/bisbalpenedes.com\/web\/wp-json\/wp\/v2\/comments?post=20591"}],"version-history":[{"count":1,"href":"https:\/\/bisbalpenedes.com\/web\/wp-json\/wp\/v2\/posts\/20591\/revisions"}],"predecessor-version":[{"id":20593,"href":"https:\/\/bisbalpenedes.com\/web\/wp-json\/wp\/v2\/posts\/20591\/revisions\/20593"}],"wp:featuredmedia":[{"embeddable":true,"href":"https:\/\/bisbalpenedes.com\/web\/wp-json\/wp\/v2\/media\/20594"}],"wp:attachment":[{"href":"https:\/\/bisbalpenedes.com\/web\/wp-json\/wp\/v2\/media?parent=20591"}],"wp:term":[{"taxonomy":"category","embeddable":true,"href":"https:\/\/bisbalpenedes.com\/web\/wp-json\/wp\/v2\/categories?post=20591"},{"taxonomy":"post_tag","embeddable":true,"href":"https:\/\/bisbalpenedes.com\/web\/wp-json\/wp\/v2\/tags?post=20591"}],"curies":[{"name":"wp","href":"https:\/\/api.w.org\/{rel}","templated":true}]}}