{"id":20580,"date":"2022-01-08T15:01:54","date_gmt":"2022-01-08T13:01:54","guid":{"rendered":"https:\/\/bisbalpenedes.com\/web\/?p=20580"},"modified":"2022-01-08T15:02:38","modified_gmt":"2022-01-08T13:02:38","slug":"avis-per-vent-per-al-dissabte-8-i-el-diumenge-9-de-gener-de-2022","status":"publish","type":"post","link":"https:\/\/bisbalpenedes.com\/web\/2022\/01\/08\/avis-per-vent-per-al-dissabte-8-i-el-diumenge-9-de-gener-de-2022\/","title":{"rendered":"Av\u00eds per vent per al dissabte 8 i el diumenge 9 de gener de 2022"},"content":{"rendered":"\n<p>El Servei Meteorol\u00f2gic de Catalunya ha em\u00e8s un av\u00eds per vent per avui dissabte i dem\u00e0 diumenge. Extremeu les precaucions.<\/p>\n\n\n\n<hr class=\"wp-block-separator\"\/>\n\n\n\n<p>El Servicio Meteorol\u00f3gico de Catalunya ha emitido un aviso por viento para hoy s\u00e1bado y ma\u00f1ana domingo. Extremad las precauciones.<\/p>\n\n\n\n<figure class=\"wp-block-image size-large\"><img loading=\"lazy\" width=\"768\" height=\"1024\" src=\"https:\/\/bisbalpenedes.com\/web\/wp-content\/uploads\/2022\/01\/64F9845D-C5C5-489E-BA70-EC5A5567ACD2-768x1024.jpeg\" alt=\"\" class=\"wp-image-20584\" srcset=\"https:\/\/bisbalpenedes.com\/web\/wp-content\/uploads\/2022\/01\/64F9845D-C5C5-489E-BA70-EC5A5567ACD2-768x1024.jpeg 768w, https:\/\/bisbalpenedes.com\/web\/wp-content\/uploads\/2022\/01\/64F9845D-C5C5-489E-BA70-EC5A5567ACD2-scaled-600x800.jpeg 600w, https:\/\/bisbalpenedes.com\/web\/wp-content\/uploads\/2022\/01\/64F9845D-C5C5-489E-BA70-EC5A5567ACD2-225x300.jpeg 225w, https:\/\/bisbalpenedes.com\/web\/wp-content\/uploads\/2022\/01\/64F9845D-C5C5-489E-BA70-EC5A5567ACD2-1152x1536.jpeg 1152w, https:\/\/bisbalpenedes.com\/web\/wp-content\/uploads\/2022\/01\/64F9845D-C5C5-489E-BA70-EC5A5567ACD2-1536x2048.jpeg 1536w, https:\/\/bisbalpenedes.com\/web\/wp-content\/uploads\/2022\/01\/64F9845D-C5C5-489E-BA70-EC5A5567ACD2-scaled.jpeg 1920w\" sizes=\"(max-width: 768px) 100vw, 768px\" \/><\/figure>\n","protected":false},"excerpt":{"rendered":"<p>El Servei Meteorol\u00f2gic de Catalunya ha em\u00e8s un av\u00eds per vent per avui dissabte i dem\u00e0 diumenge. Extremeu les precaucions. El Servicio Meteorol\u00f3gico de Catalunya ha emitido un aviso por &hellip; <a href=\"https:\/\/bisbalpenedes.com\/web\/2022\/01\/08\/avis-per-vent-per-al-dissabte-8-i-el-diumenge-9-de-gener-de-2022\/\" class=\"more-link\">Read More<\/a><\/p>\n","protected":false},"author":4,"featured_media":20581,"comment_status":"closed","ping_status":"closed","sticky":false,"template":"","format":"standard","meta":[],"categories":[1628,2543,8],"tags":[393,1187,3362],"_links":{"self":[{"href":"https:\/\/bisbalpenedes.com\/web\/wp-json\/wp\/v2\/posts\/20580"}],"collection":[{"href":"https:\/\/bisbalpenedes.com\/web\/wp-json\/wp\/v2\/posts"}],"about":[{"href":"https:\/\/bisbalpenedes.com\/web\/wp-json\/wp\/v2\/types\/post"}],"author":[{"embeddable":true,"href":"https:\/\/bisbalpenedes.com\/web\/wp-json\/wp\/v2\/users\/4"}],"replies":[{"embeddable":true,"href":"https:\/\/bisbalpenedes.com\/web\/wp-json\/wp\/v2\/comments?post=20580"}],"version-history":[{"count":2,"href":"https:\/\/bisbalpenedes.com\/web\/wp-json\/wp\/v2\/posts\/20580\/revisions"}],"predecessor-version":[{"id":20585,"href":"https:\/\/bisbalpenedes.com\/web\/wp-json\/wp\/v2\/posts\/20580\/revisions\/20585"}],"wp:featuredmedia":[{"embeddable":true,"href":"https:\/\/bisbalpenedes.com\/web\/wp-json\/wp\/v2\/media\/20581"}],"wp:attachment":[{"href":"https:\/\/bisbalpenedes.com\/web\/wp-json\/wp\/v2\/media?parent=20580"}],"wp:term":[{"taxonomy":"category","embeddable":true,"href":"https:\/\/bisbalpenedes.com\/web\/wp-json\/wp\/v2\/categories?post=20580"},{"taxonomy":"post_tag","embeddable":true,"href":"https:\/\/bisbalpenedes.com\/web\/wp-json\/wp\/v2\/tags?post=20580"}],"curies":[{"name":"wp","href":"https:\/\/api.w.org\/{rel}","templated":true}]}}