{"id":20578,"date":"2022-01-07T13:31:42","date_gmt":"2022-01-07T11:31:42","guid":{"rendered":"https:\/\/bisbalpenedes.com\/web\/?p=20578"},"modified":"2022-01-07T13:31:42","modified_gmt":"2022-01-07T11:31:42","slug":"saprova-un-contracte-menor-per-adequar-la-depuradora-de-lesplai-als-requisits-de-lagencia-catalana-de-laigua","status":"publish","type":"post","link":"https:\/\/bisbalpenedes.com\/web\/2022\/01\/07\/saprova-un-contracte-menor-per-adequar-la-depuradora-de-lesplai-als-requisits-de-lagencia-catalana-de-laigua\/","title":{"rendered":"S\u2019aprova un contracte menor per adequar la depuradora de l\u2019Esplai als requisits de l\u2019Ag\u00e8ncia Catalana de l\u2019Aigua"},"content":{"rendered":"\n<p>Abans de finalitzar l\u2019any 2021, l\u2019alcaldessa de la Bisbal del Pened\u00e8s, Agn\u00e8s Ferr\u00e9, va signar un Decret d\u2019alcaldia mitjan\u00e7ant el qual aprovava un contracte menor amb FCC Aqualia S.A. per adequar la depuradora de l\u2019Esplai als requisits en mat\u00e8ria de seguretat i adequaci\u00f3 de la instal\u00b7laci\u00f3; i control i telegesti\u00f3 de la instal\u00b7laci\u00f3 de l\u2019Ag\u00e8ncia Catalana de l\u2019Aigua (ACA). Aquest contracte s\u2019ha fet per un import de 46.624,76\u20ac (IVA incl\u00f2s) i contempla les seg\u00fcents actuacions, que es faran durant els primers mesos del 2022:<\/p>\n\n\n\n<ul><li>Renovacions del bombament d\u2019entrada i del tractament biol\u00f2gic<\/li><li>Actuacions d\u2019optimitzaci\u00f3 del consum energ\u00e8tic<\/li><li>Instal\u00b7laci\u00f3 de cabal\u00edmetre de sortida<\/li><li>Actuacions de millora de les instal\u00b7lacions per les necessitats dels treballadors<\/li><li>Millora de les instal\u00b7lacions contra incendis<\/li><li>Renovacions d\u2019equips per adequar-los al que marca l\u2019ACA<\/li><\/ul>\n\n\n\n<p>L\u2019Estaci\u00f3 Depuradora d\u2019Aig\u00fces Residuals (EDAR) de l\u2019Esplai es va construir l\u2019any 2010. Sis anys despr\u00e9s, el 2016, s\u2019hi van fer millores i inversions amb l\u2019objectiu d\u2019adequar-la a la normativa i es van iniciar els tr\u00e0mits per fer el trasp\u00e0s de la gesti\u00f3 i el manteniment de l\u2019Ajuntament de la Bisbal del Pened\u00e8s a l\u2019Ag\u00e8ncia Catalana de l\u2019Aigua. El novembre de 2019, un t\u00e8cnic de l\u2019ACA va fer una visita t\u00e8cnica a les instal\u00b7lacions per avaluar-ne l\u2019estat i va deixar const\u00e0ncia de les millores que calia fer per donar compliment a les mesures establertes en el Programa de Mesures del Pla de Gesti\u00f3 de Districte de Conca fluvial de Catalunya.<\/p>\n\n\n\n<hr class=\"wp-block-separator\"\/>\n\n\n\n<p><strong>CASTELLANO |\u00a0<\/strong>Antes de terminar el a\u00f1o 2021, la alcaldesa de la Bisbal del Pened\u00e8s, Agn\u00e8s Ferr\u00e9, firm\u00f3 un Decreto de alcald\u00eda mediante el cual aprobaba un contrato menor con FCC Aqualia S.A. para adecuar la depuradora de l\u2019Esplai a los requisitos en materia de seguridad y adecuaci\u00f3n de la instalaci\u00f3n; y control y telegesti\u00f3n de la instalaci\u00f3n de la Ag\u00e8ncia Catalana de l\u2019Aigua (ACA). Este contrato se ha hecho por un importe de 46.624,76\u20ac (IVA incluido)\u00a0 y contempla las siguientes actuaciones, que se llevaran a cabo durante los primeros meses del 2022:<\/p>\n\n\n\n<ul><li>Renovaciones del bombeo de entrada y del tratamiento biol\u00f3gico<\/li><li>Actuaciones de optimizaci\u00f3n del consumo energ\u00e9tico<\/li><li>Instalaci\u00f3n de cabal\u00edmetro de salida<\/li><li>Actuaciones de mejora de las instalaciones para las necesidades de los trabajadores<\/li><li>Mejora de las instalaciones contra incendios<\/li><li>Renovaciones de equipos para adecuarlos a lo que marca la ACA<\/li><\/ul>\n\n\n\n<p>La Estaci\u00f3n Depuradora de Aguas Residuales (EDAR) del Esplai se construy\u00f3 en el a\u00f1o 2010. Seis a\u00f1os m\u00e1s tarde, en el 2016, se hicieron mejoras e inversiones con el objetivo de adecuarla a la normativa y se iniciaron los tr\u00e1mites para hacer el traspaso de la gesti\u00f3n y el mantenimiento del Ayuntamiento de la Bisbal del Pened\u00e8s a la Ag\u00e8ncia Catalana de l\u2019Aigua. En noviembre de 2019, un t\u00e9cnico del ACA realiz\u00f3 una visita t\u00e9cnica a las instalaciones para evaluar el estado y dej\u00f3 constancia de las mejoras que hab\u00eda que hacer para dar cumplimiento a las medidas establecidas en el Programa de Medidas del Plan de Gesti\u00f3n del Distrito de Conca fluvial de Catalunya.<\/p>\n","protected":false},"excerpt":{"rendered":"<p>Abans de finalitzar l\u2019any 2021, l\u2019alcaldessa de la Bisbal del Pened\u00e8s, Agn\u00e8s Ferr\u00e9, va signar un Decret d\u2019alcaldia mitjan\u00e7ant el qual aprovava un contracte menor amb FCC Aqualia S.A. per &hellip; <a href=\"https:\/\/bisbalpenedes.com\/web\/2022\/01\/07\/saprova-un-contracte-menor-per-adequar-la-depuradora-de-lesplai-als-requisits-de-lagencia-catalana-de-laigua\/\" class=\"more-link\">Read More<\/a><\/p>\n","protected":false},"author":4,"featured_media":18889,"comment_status":"closed","ping_status":"closed","sticky":false,"template":"","format":"standard","meta":[],"categories":[2057,8],"tags":[768,1968,3936,393],"_links":{"self":[{"href":"https:\/\/bisbalpenedes.com\/web\/wp-json\/wp\/v2\/posts\/20578"}],"collection":[{"href":"https:\/\/bisbalpenedes.com\/web\/wp-json\/wp\/v2\/posts"}],"about":[{"href":"https:\/\/bisbalpenedes.com\/web\/wp-json\/wp\/v2\/types\/post"}],"author":[{"embeddable":true,"href":"https:\/\/bisbalpenedes.com\/web\/wp-json\/wp\/v2\/users\/4"}],"replies":[{"embeddable":true,"href":"https:\/\/bisbalpenedes.com\/web\/wp-json\/wp\/v2\/comments?post=20578"}],"version-history":[{"count":1,"href":"https:\/\/bisbalpenedes.com\/web\/wp-json\/wp\/v2\/posts\/20578\/revisions"}],"predecessor-version":[{"id":20579,"href":"https:\/\/bisbalpenedes.com\/web\/wp-json\/wp\/v2\/posts\/20578\/revisions\/20579"}],"wp:featuredmedia":[{"embeddable":true,"href":"https:\/\/bisbalpenedes.com\/web\/wp-json\/wp\/v2\/media\/18889"}],"wp:attachment":[{"href":"https:\/\/bisbalpenedes.com\/web\/wp-json\/wp\/v2\/media?parent=20578"}],"wp:term":[{"taxonomy":"category","embeddable":true,"href":"https:\/\/bisbalpenedes.com\/web\/wp-json\/wp\/v2\/categories?post=20578"},{"taxonomy":"post_tag","embeddable":true,"href":"https:\/\/bisbalpenedes.com\/web\/wp-json\/wp\/v2\/tags?post=20578"}],"curies":[{"name":"wp","href":"https:\/\/api.w.org\/{rel}","templated":true}]}}