{"id":20564,"date":"2022-01-05T12:33:26","date_gmt":"2022-01-05T10:33:26","guid":{"rendered":"https:\/\/bisbalpenedes.com\/web\/?p=20564"},"modified":"2022-01-05T12:33:26","modified_gmt":"2022-01-05T10:33:26","slug":"lalcaldessa-de-la-bisbal-del-penedes-ja-te-la-clau-que-obre-totes-les-cases-de-la-vila-preparada-per-entregar-se-la-als-reis-quan-acabi-la-cavalcada","status":"publish","type":"post","link":"https:\/\/bisbalpenedes.com\/web\/2022\/01\/05\/lalcaldessa-de-la-bisbal-del-penedes-ja-te-la-clau-que-obre-totes-les-cases-de-la-vila-preparada-per-entregar-se-la-als-reis-quan-acabi-la-cavalcada\/","title":{"rendered":"L&#8217;alcaldessa de la Bisbal del Pened\u00e8s ja t\u00e9 la clau que obre totes les cases de la vila preparada per entregar-se-la als Reis quan acabi la cavalcada"},"content":{"rendered":"\n<p>SSMM els Reis d\u2019Orient arriben avui a la Bisbal del Pened\u00e8s i l\u2019alcaldessa Agn\u00e8s Ferr\u00e9 ja t\u00e9 preparada la clau que obre totes les cases per entregar-se-la als Reis quan acabi la cavalcada.<\/p>\n\n\n\n<figure class=\"wp-block-image size-large\"><img loading=\"lazy\" width=\"1024\" height=\"768\" src=\"https:\/\/bisbalpenedes.com\/web\/wp-content\/uploads\/2022\/01\/CLAU-REIS-2-1024x768.jpeg\" alt=\"\" class=\"wp-image-20566\" srcset=\"https:\/\/bisbalpenedes.com\/web\/wp-content\/uploads\/2022\/01\/CLAU-REIS-2-1024x768.jpeg 1024w, https:\/\/bisbalpenedes.com\/web\/wp-content\/uploads\/2022\/01\/CLAU-REIS-2-600x450.jpeg 600w, https:\/\/bisbalpenedes.com\/web\/wp-content\/uploads\/2022\/01\/CLAU-REIS-2-300x225.jpeg 300w, https:\/\/bisbalpenedes.com\/web\/wp-content\/uploads\/2022\/01\/CLAU-REIS-2-768x576.jpeg 768w, https:\/\/bisbalpenedes.com\/web\/wp-content\/uploads\/2022\/01\/CLAU-REIS-2-1536x1152.jpeg 1536w, https:\/\/bisbalpenedes.com\/web\/wp-content\/uploads\/2022\/01\/CLAU-REIS-2.jpeg 2048w\" sizes=\"(max-width: 1024px) 100vw, 1024px\" \/><\/figure>\n\n\n\n<p>Us recordem el recorregut que faran els Reis:<\/p>\n\n\n\n<p><strong>-A partir de les 16:30h<\/strong>&nbsp;visitaran el local social del Priorat de la Bisbal i entregaran alguns regals.<\/p>\n\n\n\n<p><strong>-A partir de les 17:30h<\/strong>&nbsp;seran al local social de Can Gordei i entregaran alguns regals.<\/p>\n\n\n\n<p><strong>-A les 18:30h<\/strong>&nbsp;visitaran el local social de La Miralba i entregaran alguns regals.<\/p>\n\n\n\n<p>\u2013<strong>A les 19.30h&nbsp;<\/strong>iniciaran el seu recorregut pels carrers del municipi amb inici a l\u2019avinguda Colom i continuaci\u00f3 pel carrer Llibertat, la pla\u00e7a Sant Jordi, el carrer Major, la pla\u00e7a Major, el carrer Balmes, el carrer \u00c0ngel Guimer\u00e0 i, de retorn, al carrer Balmes, la pla\u00e7a Major, la pla\u00e7a de l\u2019Esgl\u00e9sia i l\u2019Ajuntament, on rebran la clau que obre totes les cases de la m\u00e0 de l\u2019alcaldessa de la vila, Agn\u00e8s Ferr\u00e9.<\/p>\n\n\n\n<p>L\u2019acte d\u2019entrega de la clau es du a terme al balc\u00f3 de l\u2019Ajuntament i comptar\u00e0 amb la pres\u00e8ncia de quatre petits convidats que van guanyar el sorteig que es va fer el passat 2 de gener entre els dibuixos que els infants del municipi havien fet per als Reis.<\/p>\n\n\n\n<p>En acabar la cavalcada hi haur\u00e0 la tradicional entrega de paquets a la Societat Cultural i Recreativa Bisbalenca.<\/p>\n\n\n\n<p>Des de l\u2019Ajuntament de la Bisbal del Pened\u00e8s demanem que tots els nens i nenes portin mascareta, que vagin amb la seva bombolla de conviv\u00e8ncia i que es distribueixin al llarg de la cavalcada per evitar possibles aglomeracions.<\/p>\n\n\n\n<figure class=\"wp-block-image size-large\"><img loading=\"lazy\" width=\"1024\" height=\"1024\" src=\"https:\/\/bisbalpenedes.com\/web\/wp-content\/uploads\/2022\/01\/RECOMANACIONS-CAVALCADES-1024x1024.jpeg\" alt=\"\" class=\"wp-image-20567\" srcset=\"https:\/\/bisbalpenedes.com\/web\/wp-content\/uploads\/2022\/01\/RECOMANACIONS-CAVALCADES-1024x1024.jpeg 1024w, https:\/\/bisbalpenedes.com\/web\/wp-content\/uploads\/2022\/01\/RECOMANACIONS-CAVALCADES-300x300.jpeg 300w, https:\/\/bisbalpenedes.com\/web\/wp-content\/uploads\/2022\/01\/RECOMANACIONS-CAVALCADES-100x100.jpeg 100w, https:\/\/bisbalpenedes.com\/web\/wp-content\/uploads\/2022\/01\/RECOMANACIONS-CAVALCADES-600x600.jpeg 600w, https:\/\/bisbalpenedes.com\/web\/wp-content\/uploads\/2022\/01\/RECOMANACIONS-CAVALCADES-150x150.jpeg 150w, https:\/\/bisbalpenedes.com\/web\/wp-content\/uploads\/2022\/01\/RECOMANACIONS-CAVALCADES-768x768.jpeg 768w, https:\/\/bisbalpenedes.com\/web\/wp-content\/uploads\/2022\/01\/RECOMANACIONS-CAVALCADES.jpeg 1080w\" sizes=\"(max-width: 1024px) 100vw, 1024px\" \/><\/figure>\n\n\n\n<figure class=\"wp-block-image size-large\"><img loading=\"lazy\" width=\"1024\" height=\"576\" src=\"https:\/\/bisbalpenedes.com\/web\/wp-content\/uploads\/2022\/01\/RECOMANACIONS-CAVALCADES-1024x576.jpg\" alt=\"\" class=\"wp-image-20568\" srcset=\"https:\/\/bisbalpenedes.com\/web\/wp-content\/uploads\/2022\/01\/RECOMANACIONS-CAVALCADES-1024x576.jpg 1024w, https:\/\/bisbalpenedes.com\/web\/wp-content\/uploads\/2022\/01\/RECOMANACIONS-CAVALCADES-600x338.jpg 600w, https:\/\/bisbalpenedes.com\/web\/wp-content\/uploads\/2022\/01\/RECOMANACIONS-CAVALCADES-300x169.jpg 300w, https:\/\/bisbalpenedes.com\/web\/wp-content\/uploads\/2022\/01\/RECOMANACIONS-CAVALCADES-768x432.jpg 768w, https:\/\/bisbalpenedes.com\/web\/wp-content\/uploads\/2022\/01\/RECOMANACIONS-CAVALCADES.jpg 1200w\" sizes=\"(max-width: 1024px) 100vw, 1024px\" \/><\/figure>\n\n\n\n<hr class=\"wp-block-separator\"\/>\n\n\n\n<p>SSMM los Reyes Magos llegan hoy a la Bisbal del Pened\u00e8s y la alcaldesa Agn\u00e8s Ferr\u00e9 ya tiene preparada la llave que abre todas las casas para entreg\u00e1rsela a los Reyes cuando termine la cabalgata.<\/p>\n\n\n\n<p>Os recordamos el Recorrido que har\u00e1n los Reyes:<\/p>\n\n\n\n<p><strong>-A partir de las 16:30h<\/strong>&nbsp;visitar\u00e1n el local social del Priorat de la Bisbal y entregar\u00e1n algunos regalos.<\/p>\n\n\n\n<p><strong>-A partir de las 17:30h<\/strong>&nbsp;estar\u00e1n en el local social de Can Gordei y entregar\u00e1n algunos regalos.<\/p>\n\n\n\n<p><strong>-A las 18:30h<\/strong>&nbsp;visitar\u00e1n el local social de La Miralba y entregar\u00e1n algunos regalos.<\/p>\n\n\n\n<p><strong>-A las 19.30h<\/strong>&nbsp;iniciar\u00e1n su recorrido por las calles del municipio con inicio en la avenida Colom y continuaci\u00f3n por la calle Libertad, la plaza Sant Jordi, la calle Major, la plaza Major, la calle Balmes, la calle \u00c0ngel Guimer\u00e0 y, de retorno, en la calle Balmes, la plaza Major, la plaza de la Iglesia y el Ayuntamiento, donde recibir\u00e1n la llave que abre todas las casas de la mano de la alcaldesa del municipio, Agn\u00e8s Ferr\u00e9.<\/p>\n\n\n\n<p>El acto de entrega de la llave se lleva a cabo al balc\u00f3n del Ayuntamiento y contar\u00e1 con la presencia de cuatro peque\u00f1os invitados que ganaron el sorteo que se hizo el pasado 2 de enero entre los dibujos que los ni\u00f1os del municipio hab\u00edan hecho para los Reyes.<\/p>\n\n\n\n<p>Al acabar la cabalgata se har\u00e1 la tradicional entrega de paquetes a la Sociedad Cultural y Recreativa Bisbalenca.&nbsp;<\/p>\n\n\n\n<p>Desde el Ayuntamiento de la Bisbal del Pened\u00e8s pedimos que todos los ni\u00f1os y ni\u00f1as lleven mascarilla, que vayan con su burbuja de convivencia y que se distribuyan a lo largo de la cabalgata para evitar posibles aglomeraciones.<\/p>\n\n\n\n<figure class=\"wp-block-image size-large\"><img loading=\"lazy\" width=\"1024\" height=\"1024\" src=\"https:\/\/bisbalpenedes.com\/web\/wp-content\/uploads\/2022\/01\/RECOMENDACIONES-CAVALGATAS-1024x1024.jpeg\" alt=\"\" class=\"wp-image-20569\" srcset=\"https:\/\/bisbalpenedes.com\/web\/wp-content\/uploads\/2022\/01\/RECOMENDACIONES-CAVALGATAS-1024x1024.jpeg 1024w, https:\/\/bisbalpenedes.com\/web\/wp-content\/uploads\/2022\/01\/RECOMENDACIONES-CAVALGATAS-300x300.jpeg 300w, https:\/\/bisbalpenedes.com\/web\/wp-content\/uploads\/2022\/01\/RECOMENDACIONES-CAVALGATAS-100x100.jpeg 100w, https:\/\/bisbalpenedes.com\/web\/wp-content\/uploads\/2022\/01\/RECOMENDACIONES-CAVALGATAS-600x600.jpeg 600w, https:\/\/bisbalpenedes.com\/web\/wp-content\/uploads\/2022\/01\/RECOMENDACIONES-CAVALGATAS-150x150.jpeg 150w, https:\/\/bisbalpenedes.com\/web\/wp-content\/uploads\/2022\/01\/RECOMENDACIONES-CAVALGATAS-768x768.jpeg 768w, https:\/\/bisbalpenedes.com\/web\/wp-content\/uploads\/2022\/01\/RECOMENDACIONES-CAVALGATAS.jpeg 1080w\" sizes=\"(max-width: 1024px) 100vw, 1024px\" \/><\/figure>\n","protected":false},"excerpt":{"rendered":"<p>SSMM els Reis d\u2019Orient arriben avui a la Bisbal del Pened\u00e8s i l\u2019alcaldessa Agn\u00e8s Ferr\u00e9 ja t\u00e9 preparada la clau que obre totes les cases per entregar-se-la als Reis quan &hellip; <a href=\"https:\/\/bisbalpenedes.com\/web\/2022\/01\/05\/lalcaldessa-de-la-bisbal-del-penedes-ja-te-la-clau-que-obre-totes-les-cases-de-la-vila-preparada-per-entregar-se-la-als-reis-quan-acabi-la-cavalcada\/\" class=\"more-link\">Read More<\/a><\/p>\n","protected":false},"author":4,"featured_media":20565,"comment_status":"closed","ping_status":"closed","sticky":false,"template":"","format":"standard","meta":[],"categories":[2057,13,4668,8],"tags":[459,198,962,393,246,520,2535,1084],"_links":{"self":[{"href":"https:\/\/bisbalpenedes.com\/web\/wp-json\/wp\/v2\/posts\/20564"}],"collection":[{"href":"https:\/\/bisbalpenedes.com\/web\/wp-json\/wp\/v2\/posts"}],"about":[{"href":"https:\/\/bisbalpenedes.com\/web\/wp-json\/wp\/v2\/types\/post"}],"author":[{"embeddable":true,"href":"https:\/\/bisbalpenedes.com\/web\/wp-json\/wp\/v2\/users\/4"}],"replies":[{"embeddable":true,"href":"https:\/\/bisbalpenedes.com\/web\/wp-json\/wp\/v2\/comments?post=20564"}],"version-history":[{"count":1,"href":"https:\/\/bisbalpenedes.com\/web\/wp-json\/wp\/v2\/posts\/20564\/revisions"}],"predecessor-version":[{"id":20570,"href":"https:\/\/bisbalpenedes.com\/web\/wp-json\/wp\/v2\/posts\/20564\/revisions\/20570"}],"wp:featuredmedia":[{"embeddable":true,"href":"https:\/\/bisbalpenedes.com\/web\/wp-json\/wp\/v2\/media\/20565"}],"wp:attachment":[{"href":"https:\/\/bisbalpenedes.com\/web\/wp-json\/wp\/v2\/media?parent=20564"}],"wp:term":[{"taxonomy":"category","embeddable":true,"href":"https:\/\/bisbalpenedes.com\/web\/wp-json\/wp\/v2\/categories?post=20564"},{"taxonomy":"post_tag","embeddable":true,"href":"https:\/\/bisbalpenedes.com\/web\/wp-json\/wp\/v2\/tags?post=20564"}],"curies":[{"name":"wp","href":"https:\/\/api.w.org\/{rel}","templated":true}]}}