{"id":20560,"date":"2022-01-05T11:16:11","date_gmt":"2022-01-05T09:16:11","guid":{"rendered":"https:\/\/bisbalpenedes.com\/web\/?p=20560"},"modified":"2022-01-05T11:16:11","modified_gmt":"2022-01-05T09:16:11","slug":"tots-els-membres-de-la-comitiva-reial-i-tots-els-participants-en-la-cavalcada-de-reis-se-sotmetran-previament-a-una-prova-dantigens","status":"publish","type":"post","link":"https:\/\/bisbalpenedes.com\/web\/2022\/01\/05\/tots-els-membres-de-la-comitiva-reial-i-tots-els-participants-en-la-cavalcada-de-reis-se-sotmetran-previament-a-una-prova-dantigens\/","title":{"rendered":"Tots els membres de la comitiva reial i tots els participants en la cavalcada de Reis se sotmetran pr\u00e8viament a una prova d&#8217;ant\u00edgens"},"content":{"rendered":"\n<p>Els membres de la comitiva reial arriben a la Bisbal del Pened\u00e8s des de terres molt llunyanes. Per aquest motiu, a mesura que van arribant es comprovar\u00e0 que no tenen COVID-19 amb un test d\u2019ant\u00edgens, amb l\u2019objectiu d\u2019assegurar que la cavalcada \u00e9s 100% segura. Els reis, els patges, els ajudants i, en definitiva, totes les persones que formen part de la cavalcada, se sotmetran a la prova i nom\u00e9s hi participaran si el resultat \u00e9s negatiu.&nbsp;<\/p>\n\n\n\n<p>Des de l\u2019Ajuntament de la Bisbal del Pened\u00e8s us demanem que, durant els actes de Reis i la cavalcada, tots els nens i nenes portin mascareta, que vagin amb la seva bombolla de conviv\u00e8ncia i que es distribueixin al llarg de la cavalcada per evitar aglomeracions.\u00a0\u00a0Gaudir d\u2019una cavalcada segura, \u00e9s cosa de tots!<\/p>\n\n\n\n<hr class=\"wp-block-separator\"\/>\n\n\n\n<p>Los miembros de la comitiva real llegan a la Bisbal del Pened\u00e8s desde tierras muy lejanas. Por este motivo, a medida que vayan llegando se comprobar\u00e1 que no tienen COVID-19 con un test de ant\u00edgenos, con el objetivo de asegurar que la cabalgata es 100% segura. Los reyes, los pajes, los ayudantes y, en definitiva, todas las personas que forman parte de la cabalgata, se someter\u00e1n a la prueba y solamente participaran en la misma si el resultado de la misma es negativo.<\/p>\n\n\n\n<p>Desde el Ayuntamiento de la Bisbal del Pened\u00e8s os pedimos que, durante los actos de Reyes y la cabalgata, todos los ni\u00f1os y ni\u00f1as lleven mascarilla, que vayan con su burbuja de convivencia y que se distribuyan a lo largo de la cabalgata para evitar aglomeraciones. Disfrutar de una cabalgata segura, \u00a1Es cosa de todos!<\/p>\n\n\n\n<figure class=\"wp-block-image size-large\"><img loading=\"lazy\" width=\"1024\" height=\"768\" src=\"https:\/\/bisbalpenedes.com\/web\/wp-content\/uploads\/2022\/01\/CAVALCADA-SEGURA-2.jpeg\" alt=\"\" class=\"wp-image-20561\" srcset=\"https:\/\/bisbalpenedes.com\/web\/wp-content\/uploads\/2022\/01\/CAVALCADA-SEGURA-2.jpeg 1024w, https:\/\/bisbalpenedes.com\/web\/wp-content\/uploads\/2022\/01\/CAVALCADA-SEGURA-2-600x450.jpeg 600w, https:\/\/bisbalpenedes.com\/web\/wp-content\/uploads\/2022\/01\/CAVALCADA-SEGURA-2-300x225.jpeg 300w, https:\/\/bisbalpenedes.com\/web\/wp-content\/uploads\/2022\/01\/CAVALCADA-SEGURA-2-768x576.jpeg 768w\" sizes=\"(max-width: 1024px) 100vw, 1024px\" \/><\/figure>\n","protected":false},"excerpt":{"rendered":"<p>Els membres de la comitiva reial arriben a la Bisbal del Pened\u00e8s des de terres molt llunyanes. Per aquest motiu, a mesura que van arribant es comprovar\u00e0 que no tenen &hellip; <a href=\"https:\/\/bisbalpenedes.com\/web\/2022\/01\/05\/tots-els-membres-de-la-comitiva-reial-i-tots-els-participants-en-la-cavalcada-de-reis-se-sotmetran-previament-a-una-prova-dantigens\/\" class=\"more-link\">Read More<\/a><\/p>\n","protected":false},"author":4,"featured_media":20562,"comment_status":"closed","ping_status":"closed","sticky":false,"template":"","format":"standard","meta":[],"categories":[13,4668,8],"tags":[1877,5003,393,97,5004],"_links":{"self":[{"href":"https:\/\/bisbalpenedes.com\/web\/wp-json\/wp\/v2\/posts\/20560"}],"collection":[{"href":"https:\/\/bisbalpenedes.com\/web\/wp-json\/wp\/v2\/posts"}],"about":[{"href":"https:\/\/bisbalpenedes.com\/web\/wp-json\/wp\/v2\/types\/post"}],"author":[{"embeddable":true,"href":"https:\/\/bisbalpenedes.com\/web\/wp-json\/wp\/v2\/users\/4"}],"replies":[{"embeddable":true,"href":"https:\/\/bisbalpenedes.com\/web\/wp-json\/wp\/v2\/comments?post=20560"}],"version-history":[{"count":1,"href":"https:\/\/bisbalpenedes.com\/web\/wp-json\/wp\/v2\/posts\/20560\/revisions"}],"predecessor-version":[{"id":20563,"href":"https:\/\/bisbalpenedes.com\/web\/wp-json\/wp\/v2\/posts\/20560\/revisions\/20563"}],"wp:featuredmedia":[{"embeddable":true,"href":"https:\/\/bisbalpenedes.com\/web\/wp-json\/wp\/v2\/media\/20562"}],"wp:attachment":[{"href":"https:\/\/bisbalpenedes.com\/web\/wp-json\/wp\/v2\/media?parent=20560"}],"wp:term":[{"taxonomy":"category","embeddable":true,"href":"https:\/\/bisbalpenedes.com\/web\/wp-json\/wp\/v2\/categories?post=20560"},{"taxonomy":"post_tag","embeddable":true,"href":"https:\/\/bisbalpenedes.com\/web\/wp-json\/wp\/v2\/tags?post=20560"}],"curies":[{"name":"wp","href":"https:\/\/api.w.org\/{rel}","templated":true}]}}