{"id":2054,"date":"2017-03-11T00:40:25","date_gmt":"2017-03-10T18:40:25","guid":{"rendered":"http:\/\/bisbalpenedes.com\/web\/?p=2054"},"modified":"2017-03-11T02:01:55","modified_gmt":"2017-03-10T20:01:55","slug":"el-centre-municipal-de-cultura-acollira-lexposicio-residus-una-materia-de-primera-del-13-al-24-de-marc","status":"publish","type":"post","link":"https:\/\/bisbalpenedes.com\/web\/2017\/03\/11\/el-centre-municipal-de-cultura-acollira-lexposicio-residus-una-materia-de-primera-del-13-al-24-de-marc\/","title":{"rendered":"El Centre Municipal de Cultura acollir\u00e0 l\u2019exposici\u00f3 \u201cResidus. Una mat\u00e8ria (de) primera\u201d del 13 al 24 de mar\u00e7"},"content":{"rendered":"<p><a href=\"http:\/\/bisbalpenedes.com\/web\/wp-content\/uploads\/2017\/03\/expo_materia_primera_1.jpg\"><img loading=\"lazy\" class=\"alignnone size-medium wp-image-2055 aligncenter\" title=\"expo_materia_primera_1\" src=\"http:\/\/bisbalpenedes.com\/web\/wp-content\/uploads\/2017\/03\/expo_materia_primera_1-212x300.jpg\" alt=\"\" width=\"212\" height=\"300\" srcset=\"https:\/\/bisbalpenedes.com\/web\/wp-content\/uploads\/2017\/03\/expo_materia_primera_1-212x300.jpg 212w, https:\/\/bisbalpenedes.com\/web\/wp-content\/uploads\/2017\/03\/expo_materia_primera_1-600x849.jpg 600w, https:\/\/bisbalpenedes.com\/web\/wp-content\/uploads\/2017\/03\/expo_materia_primera_1-723x1024.jpg 723w, https:\/\/bisbalpenedes.com\/web\/wp-content\/uploads\/2017\/03\/expo_materia_primera_1.jpg 1169w\" sizes=\"(max-width: 212px) 100vw, 212px\" \/><\/a><\/p>\n<p>El Centre Municipal de Cultura de la Bisbal del Pened\u00e8s acollir\u00e0 del 13 al 24 de mar\u00e7 l\u2019exposici\u00f3 \u201cResidus. Una mat\u00e8ria (de) primera\u201d, una mostra itinerant organitzada des de la Regidoria de Medi Ambient i la Diputaci\u00f3 de Tarragona.<\/p>\n<p>En l\u2019actualitat usem i adquirim molts productes produ\u00efts amb material reciclat com ara el cartr\u00f3, les llaunes, l\u2019acer o els pl\u00e0stics. De fet, la majoria de residus que generem els humans s\u00f3n una font de recursos de primer ordre que ens permet, despr\u00e9s de la seva recollida selectiva, reaprofitar-los com mai abans hav\u00edem fet.<\/p>\n<p>La Diputaci\u00f3 de Tarragona ens proposa aquesta exposici\u00f3 com una breu mostra de les possibilitats de l\u2019ecodisseny en l\u2019aprofitament de residus. A m\u00e9s, ens ofereix algunes dades sobre els residus i el reciclatge corresponents a la demarcaci\u00f3 de Tarragona i les Terres de l\u2019Ebre, informaci\u00f3 que sense dubte ens far\u00e0 prendre consci\u00e8ncia de la necessitat de millorar la recollida selectiva i la prevenci\u00f3 en la generaci\u00f3 de residus.<\/p>\n","protected":false},"excerpt":{"rendered":"<p>El Centre Municipal de Cultura de la Bisbal del Pened\u00e8s acollir\u00e0 del 13 al 24 de mar\u00e7 l\u2019exposici\u00f3 \u201cResidus. Una mat\u00e8ria (de) primera\u201d, una mostra itinerant organitzada des de la &hellip; <a href=\"https:\/\/bisbalpenedes.com\/web\/2017\/03\/11\/el-centre-municipal-de-cultura-acollira-lexposicio-residus-una-materia-de-primera-del-13-al-24-de-marc\/\" class=\"more-link\">Read More<\/a><\/p>\n","protected":false},"author":4,"featured_media":2055,"comment_status":"closed","ping_status":"closed","sticky":false,"template":"","format":"standard","meta":[],"categories":[32,8],"tags":[],"_links":{"self":[{"href":"https:\/\/bisbalpenedes.com\/web\/wp-json\/wp\/v2\/posts\/2054"}],"collection":[{"href":"https:\/\/bisbalpenedes.com\/web\/wp-json\/wp\/v2\/posts"}],"about":[{"href":"https:\/\/bisbalpenedes.com\/web\/wp-json\/wp\/v2\/types\/post"}],"author":[{"embeddable":true,"href":"https:\/\/bisbalpenedes.com\/web\/wp-json\/wp\/v2\/users\/4"}],"replies":[{"embeddable":true,"href":"https:\/\/bisbalpenedes.com\/web\/wp-json\/wp\/v2\/comments?post=2054"}],"version-history":[{"count":3,"href":"https:\/\/bisbalpenedes.com\/web\/wp-json\/wp\/v2\/posts\/2054\/revisions"}],"predecessor-version":[{"id":2057,"href":"https:\/\/bisbalpenedes.com\/web\/wp-json\/wp\/v2\/posts\/2054\/revisions\/2057"}],"wp:featuredmedia":[{"embeddable":true,"href":"https:\/\/bisbalpenedes.com\/web\/wp-json\/wp\/v2\/media\/2055"}],"wp:attachment":[{"href":"https:\/\/bisbalpenedes.com\/web\/wp-json\/wp\/v2\/media?parent=2054"}],"wp:term":[{"taxonomy":"category","embeddable":true,"href":"https:\/\/bisbalpenedes.com\/web\/wp-json\/wp\/v2\/categories?post=2054"},{"taxonomy":"post_tag","embeddable":true,"href":"https:\/\/bisbalpenedes.com\/web\/wp-json\/wp\/v2\/tags?post=2054"}],"curies":[{"name":"wp","href":"https:\/\/api.w.org\/{rel}","templated":true}]}}