{"id":20536,"date":"2021-12-30T14:06:28","date_gmt":"2021-12-30T12:06:28","guid":{"rendered":"https:\/\/bisbalpenedes.com\/web\/?p=20536"},"modified":"2021-12-30T14:06:28","modified_gmt":"2021-12-30T12:06:28","slug":"la-junta-de-govern-del-dilluns-27-de-desembre-va-aprovar-dos-punts-amb-competencies-delegades-del-ple","status":"publish","type":"post","link":"https:\/\/bisbalpenedes.com\/web\/2021\/12\/30\/la-junta-de-govern-del-dilluns-27-de-desembre-va-aprovar-dos-punts-amb-competencies-delegades-del-ple\/","title":{"rendered":"La Junta de Govern del dilluns 27 de desembre va aprovar dos punts amb compet\u00e8ncies delegades del Ple"},"content":{"rendered":"\n<p>La Junta de Govern del dilluns 27 de desembre va aprovar dos punts amb compet\u00e8ncies delegades del Ple.<\/p>\n\n\n\n<p>-Retirada del set\u00e8 classificat i petici\u00f3 de documentaci\u00f3 al vuit\u00e8 classificat del procediment de contractaci\u00f3 de les obres de la primera fase del poliesportiu municipal.<\/p>\n\n\n\n<p>-Iniciar procediment de penalitzaci\u00f3, si s&#8217;escau, a la sisena empresa classificada en l&#8217;adjudicaci\u00f3 de les obres de la primera fase del poliesportiu municipal.<\/p>\n\n\n\n<p>Les sessions de la Junta de Govern local no s\u00f3n p\u00fabliques, per\u00f2 quan actua amb compet\u00e8ncies delegades del Ple, la sessi\u00f3 se sotmet als mateixos requisits de publicitat de les sessions del Ple, que s\u00f3n p\u00fabliques. Aix\u00ed ho va declarar la STS 161\/2013, de 26 de setembre. Per aquest motiu, l&#8217;equip de govern va convidar els regidors de l&#8217;oposici\u00f3 a assistir com a p\u00fablic durant la votaci\u00f3 d&#8217;aquests punts de la Junta de Govern. En aquest cas, per\u00f2, no es va obrir al p\u00fablic com a mesura de prevenci\u00f3 contra la COVID-19 i s&#8217;ha publicat el v\u00eddeo a Youtube per garantir-ne la publicitat: <\/p>\n\n\n\n<figure class=\"wp-block-embed is-type-video is-provider-youtube wp-block-embed-youtube wp-embed-aspect-16-9 wp-has-aspect-ratio\"><div class=\"wp-block-embed__wrapper\">\n<iframe loading=\"lazy\" title=\"Punts de la Junta de Govern del 27\/12\/21 amb compet\u00e8ncies delegades del Ple\" width=\"1170\" height=\"658\" src=\"https:\/\/www.youtube.com\/embed\/e27qnk2BdFY?feature=oembed\" frameborder=\"0\" allow=\"accelerometer; autoplay; clipboard-write; encrypted-media; gyroscope; picture-in-picture\" allowfullscreen><\/iframe>\n<\/div><\/figure>\n\n\n\n<hr class=\"wp-block-separator\"\/>\n\n\n\n<p><strong>CASTELLANO |<\/strong> La Junta de Gobierno del lunes 27 de diciembre aprob\u00f3 dos puntos con competencias delegadas del Pleno.<\/p>\n\n\n\n<p>-Retirada del s\u00e9ptimo clasificado y petici\u00f3n de documentaci\u00f3n al octavo clasificado del procedimiento de contrataci\u00f3n de las obras de la primera fase del polideportivo municipal.<\/p>\n\n\n\n<p>-Iniciar procedimiento de penalizaci\u00f3n, si corresponde, a la sexta empresa clasificada en la adjudicaci\u00f3n de las obras de la primera fase del polideportivo municipal.<\/p>\n\n\n\n<p>Las sesiones de la Junta de Gobierno local no son p\u00fablicas, pero cuando act\u00faa con competencias delegadas del Pleno, la sesi\u00f3n se somete a los mismos requisitos de publicidad que las sesiones del Pleno, que son p\u00fablicas. As\u00ed lo declar\u00f3 la STS 161\/2013, del 26 de septiembre. Por este motivo, el equipo de gobierno invit\u00f3 a los concejales de la oposici\u00f3n a asistir como p\u00fablico durante la votaci\u00f3n de estos puntos de la Junta de Gobierno. En este caso, no obstante, no se abri\u00f3 al p\u00fablico como medida de prevenci\u00f3n contra la COVID-19 y se ha publicado el v\u00eddeo en Youtube para garantizar su publicidad: <\/p>\n\n\n\n<figure class=\"wp-block-embed is-type-video is-provider-youtube wp-block-embed-youtube wp-embed-aspect-16-9 wp-has-aspect-ratio\"><div class=\"wp-block-embed__wrapper\">\n<iframe loading=\"lazy\" title=\"Punts de la Junta de Govern del 27\/12\/21 amb compet\u00e8ncies delegades del Ple\" width=\"1170\" height=\"658\" src=\"https:\/\/www.youtube.com\/embed\/e27qnk2BdFY?feature=oembed\" frameborder=\"0\" allow=\"accelerometer; autoplay; clipboard-write; encrypted-media; gyroscope; picture-in-picture\" allowfullscreen><\/iframe>\n<\/div><\/figure>\n\n\n\n<p> <\/p>\n","protected":false},"excerpt":{"rendered":"<p>La Junta de Govern del dilluns 27 de desembre va aprovar dos punts amb compet\u00e8ncies delegades del Ple. -Retirada del set\u00e8 classificat i petici\u00f3 de documentaci\u00f3 al vuit\u00e8 classificat del &hellip; <a href=\"https:\/\/bisbalpenedes.com\/web\/2021\/12\/30\/la-junta-de-govern-del-dilluns-27-de-desembre-va-aprovar-dos-punts-amb-competencies-delegades-del-ple\/\" class=\"more-link\">Read More<\/a><\/p>\n","protected":false},"author":4,"featured_media":20537,"comment_status":"closed","ping_status":"closed","sticky":false,"template":"","format":"standard","meta":[],"categories":[3085,8],"tags":[459,686,393],"_links":{"self":[{"href":"https:\/\/bisbalpenedes.com\/web\/wp-json\/wp\/v2\/posts\/20536"}],"collection":[{"href":"https:\/\/bisbalpenedes.com\/web\/wp-json\/wp\/v2\/posts"}],"about":[{"href":"https:\/\/bisbalpenedes.com\/web\/wp-json\/wp\/v2\/types\/post"}],"author":[{"embeddable":true,"href":"https:\/\/bisbalpenedes.com\/web\/wp-json\/wp\/v2\/users\/4"}],"replies":[{"embeddable":true,"href":"https:\/\/bisbalpenedes.com\/web\/wp-json\/wp\/v2\/comments?post=20536"}],"version-history":[{"count":1,"href":"https:\/\/bisbalpenedes.com\/web\/wp-json\/wp\/v2\/posts\/20536\/revisions"}],"predecessor-version":[{"id":20538,"href":"https:\/\/bisbalpenedes.com\/web\/wp-json\/wp\/v2\/posts\/20536\/revisions\/20538"}],"wp:featuredmedia":[{"embeddable":true,"href":"https:\/\/bisbalpenedes.com\/web\/wp-json\/wp\/v2\/media\/20537"}],"wp:attachment":[{"href":"https:\/\/bisbalpenedes.com\/web\/wp-json\/wp\/v2\/media?parent=20536"}],"wp:term":[{"taxonomy":"category","embeddable":true,"href":"https:\/\/bisbalpenedes.com\/web\/wp-json\/wp\/v2\/categories?post=20536"},{"taxonomy":"post_tag","embeddable":true,"href":"https:\/\/bisbalpenedes.com\/web\/wp-json\/wp\/v2\/tags?post=20536"}],"curies":[{"name":"wp","href":"https:\/\/api.w.org\/{rel}","templated":true}]}}