{"id":20533,"date":"2021-12-30T12:33:33","date_gmt":"2021-12-30T10:33:33","guid":{"rendered":"https:\/\/bisbalpenedes.com\/web\/?p=20533"},"modified":"2021-12-30T18:46:39","modified_gmt":"2021-12-30T16:46:39","slug":"el-servei-de-bar-i-botiga-de-can-gordei-obrira-tots-els-dies-a-partir-del-dia-2-de-gener","status":"publish","type":"post","link":"https:\/\/bisbalpenedes.com\/web\/2021\/12\/30\/el-servei-de-bar-i-botiga-de-can-gordei-obrira-tots-els-dies-a-partir-del-dia-2-de-gener\/","title":{"rendered":"El servei de bar i botiga de Can Gordei obrir\u00e0 tots els dies a partir del dia 2 de gener"},"content":{"rendered":"\n<p>La Junta de Govern del dilluns 27 de desembre va adjudicar definitivament l&#8217;explotaci\u00f3 del bar i la botiga del local social de Can Gordei a Ma. \u00c0ngels Pi\u00f1ero i avui dijous 30 de desembre s&#8217;ha signat el contracte. Durant tota aquesta setmana s&#8217;han estat duent a terme els treballs de neteja i s&#8217;han dut a terme les darreres tramitacions administratives de les obres, amb l&#8217;objectiu de poder tornar a posar en marxa els serveis el diumenge 2 de gener.<\/p>\n\n\n\n<p>L&#8217;horari del servei de bar i botiga del local social de Can Gordei ser\u00e0 el seg\u00fcent:<\/p>\n\n\n\n<ul><li>Dilluns de 8h a 10h<\/li><li>Dimarts, dimecres i dijous: de 7.30h a 22h<\/li><li>Divendres: de 7.30h a 23h<\/li><li>Dissabte: de 8.00 a 23h<\/li><li>Diumenge: de 8.00h a 22h<\/li><\/ul>\n\n\n\n<p>L&#8217;Ajuntament de la Bisbal del Pened\u00e8s est\u00e0 preparant una reinauguraci\u00f3 que es dur\u00e0 a terme quan les mesures contra la COVID-19 ho permetin.<\/p>\n\n\n\n<hr class=\"wp-block-separator\"\/>\n\n\n\n<p>La Junta de Gobierno del lunes 27 de diciembre adjudic\u00f3 definitivamente la explotaci\u00f3n del bar y la tienda del local social de Can Gordei a Ma. \u00c0ngels Pi\u00f1ero y hoy jueves 30 de diciembre se ha firmado el contrato. Durante toda esta semana se han estado llevando a cabo trabajos de limpieza y se han realizado las \u00faltimas tramitaciones administrativas de las obras, con el objetivo de poder volver a poner en marcha los servicios el domingo 2 de enero.<\/p>\n\n\n\n<p>El horario del servicio de bar y tienda del local social de Can Gordei ser\u00e1 el siguiente:<\/p>\n\n\n\n<ul><li>Lunes de 8h a 10h<\/li><li>Martes, mi\u00e9rcoles y jueves: de 7.30h a 22h<\/li><li>Viernes: de 7.30h a 23h<\/li><li>S\u00e1bado: de 8.00h a 23h<\/li><li>Domingo: de 8.00h a 22h<\/li><\/ul>\n\n\n\n<p>El Ayuntamiento de la Bisbal del Pened\u00e8s est\u00e1 preparando una reinauguraci\u00f3n que se llevar\u00e1 a cabo cuando las medidas contra la COVID-19 lo permitan.<\/p>\n","protected":false},"excerpt":{"rendered":"<p>La Junta de Govern del dilluns 27 de desembre va adjudicar definitivament l&#8217;explotaci\u00f3 del bar i la botiga del local social de Can Gordei a Ma. \u00c0ngels Pi\u00f1ero i avui &hellip; <a href=\"https:\/\/bisbalpenedes.com\/web\/2021\/12\/30\/el-servei-de-bar-i-botiga-de-can-gordei-obrira-tots-els-dies-a-partir-del-dia-2-de-gener\/\" class=\"more-link\">Read More<\/a><\/p>\n","protected":false},"author":4,"featured_media":20534,"comment_status":"closed","ping_status":"closed","sticky":false,"template":"","format":"standard","meta":[],"categories":[4287,8],"tags":[459,198,393],"_links":{"self":[{"href":"https:\/\/bisbalpenedes.com\/web\/wp-json\/wp\/v2\/posts\/20533"}],"collection":[{"href":"https:\/\/bisbalpenedes.com\/web\/wp-json\/wp\/v2\/posts"}],"about":[{"href":"https:\/\/bisbalpenedes.com\/web\/wp-json\/wp\/v2\/types\/post"}],"author":[{"embeddable":true,"href":"https:\/\/bisbalpenedes.com\/web\/wp-json\/wp\/v2\/users\/4"}],"replies":[{"embeddable":true,"href":"https:\/\/bisbalpenedes.com\/web\/wp-json\/wp\/v2\/comments?post=20533"}],"version-history":[{"count":4,"href":"https:\/\/bisbalpenedes.com\/web\/wp-json\/wp\/v2\/posts\/20533\/revisions"}],"predecessor-version":[{"id":20545,"href":"https:\/\/bisbalpenedes.com\/web\/wp-json\/wp\/v2\/posts\/20533\/revisions\/20545"}],"wp:featuredmedia":[{"embeddable":true,"href":"https:\/\/bisbalpenedes.com\/web\/wp-json\/wp\/v2\/media\/20534"}],"wp:attachment":[{"href":"https:\/\/bisbalpenedes.com\/web\/wp-json\/wp\/v2\/media?parent=20533"}],"wp:term":[{"taxonomy":"category","embeddable":true,"href":"https:\/\/bisbalpenedes.com\/web\/wp-json\/wp\/v2\/categories?post=20533"},{"taxonomy":"post_tag","embeddable":true,"href":"https:\/\/bisbalpenedes.com\/web\/wp-json\/wp\/v2\/tags?post=20533"}],"curies":[{"name":"wp","href":"https:\/\/api.w.org\/{rel}","templated":true}]}}