{"id":20529,"date":"2021-12-30T12:06:30","date_gmt":"2021-12-30T10:06:30","guid":{"rendered":"https:\/\/bisbalpenedes.com\/web\/?p=20529"},"modified":"2021-12-30T12:06:30","modified_gmt":"2021-12-30T10:06:30","slug":"novetats-en-les-mesures-de-contencio-per-la-covid-19-a-partir-del-30-de-desembre-de-2021","status":"publish","type":"post","link":"https:\/\/bisbalpenedes.com\/web\/2021\/12\/30\/novetats-en-les-mesures-de-contencio-per-la-covid-19-a-partir-del-30-de-desembre-de-2021\/","title":{"rendered":"Novetats en les mesures de contenci\u00f3 per la COVID-19 a partir del 30 de desembre de 2021"},"content":{"rendered":"\n<p>El Departament de Salut de la Generalitat de Catalunya ha publicat que, segons els acords adoptats en la darrera Comisi\u00f3n de Salud P\u00fablica del Ministerio de Sanidad, des d\u2019avui dijous 30 de setembre:<\/p>\n\n\n\n<ul><li>Els a\u00efllaments de casos positius sense s\u00edmptomes o amb s\u00edmptomes lleus i les quarantenes de contactes estrets no vacunats seran de 7 dies si la persona est\u00e0 sense s\u00edmptomes en finalitzar aquest per\u00edode.<\/li><\/ul>\n\n\n\n<ul><li>Tant i heu estat diagnosticats com a cas positiu per COVID-19 com si sou contacte estret no vacunat, heu de fer un correcte a\u00efllament a casa.<\/li><\/ul>\n\n\n\n<hr class=\"wp-block-separator\"\/>\n\n\n\n<p>El Departamento de Salud de la Generalitat de Catalunya ha publicado que, seg\u00fan los acuerdos adoptados en la \u00faltima Comisi\u00f3n de Salud P\u00fablica del Ministerio de Sanidad, desde hoy jueves 30 de septiembre:<\/p>\n\n\n\n<ul><li>Los aislamientos de casos positivos sin s\u00edntomas o con s\u00edntomas leves y las cuarentenas de contactos estrechos no vacunados ser\u00e1n de 7 d\u00edas si la persona est\u00e1 sin s\u00edntomas al finalizar este periodo.<\/li><\/ul>\n\n\n\n<ul><li>Tanto si hab\u00e9is sido diagnosticados como caso positivo por COVID-19 como si sois contacto estrecho no vacunado, ten\u00e9is que hacer un correcto aislamiento en casa.<\/li><\/ul>\n","protected":false},"excerpt":{"rendered":"<p>El Departament de Salut de la Generalitat de Catalunya ha publicat que, segons els acords adoptats en la darrera Comisi\u00f3n de Salud P\u00fablica del Ministerio de Sanidad, des d\u2019avui dijous &hellip; <a href=\"https:\/\/bisbalpenedes.com\/web\/2021\/12\/30\/novetats-en-les-mesures-de-contencio-per-la-covid-19-a-partir-del-30-de-desembre-de-2021\/\" class=\"more-link\">Read More<\/a><\/p>\n","protected":false},"author":4,"featured_media":20530,"comment_status":"closed","ping_status":"closed","sticky":false,"template":"","format":"standard","meta":[],"categories":[3636,4095,8,14],"tags":[3550,3559,393,145],"_links":{"self":[{"href":"https:\/\/bisbalpenedes.com\/web\/wp-json\/wp\/v2\/posts\/20529"}],"collection":[{"href":"https:\/\/bisbalpenedes.com\/web\/wp-json\/wp\/v2\/posts"}],"about":[{"href":"https:\/\/bisbalpenedes.com\/web\/wp-json\/wp\/v2\/types\/post"}],"author":[{"embeddable":true,"href":"https:\/\/bisbalpenedes.com\/web\/wp-json\/wp\/v2\/users\/4"}],"replies":[{"embeddable":true,"href":"https:\/\/bisbalpenedes.com\/web\/wp-json\/wp\/v2\/comments?post=20529"}],"version-history":[{"count":1,"href":"https:\/\/bisbalpenedes.com\/web\/wp-json\/wp\/v2\/posts\/20529\/revisions"}],"predecessor-version":[{"id":20531,"href":"https:\/\/bisbalpenedes.com\/web\/wp-json\/wp\/v2\/posts\/20529\/revisions\/20531"}],"wp:featuredmedia":[{"embeddable":true,"href":"https:\/\/bisbalpenedes.com\/web\/wp-json\/wp\/v2\/media\/20530"}],"wp:attachment":[{"href":"https:\/\/bisbalpenedes.com\/web\/wp-json\/wp\/v2\/media?parent=20529"}],"wp:term":[{"taxonomy":"category","embeddable":true,"href":"https:\/\/bisbalpenedes.com\/web\/wp-json\/wp\/v2\/categories?post=20529"},{"taxonomy":"post_tag","embeddable":true,"href":"https:\/\/bisbalpenedes.com\/web\/wp-json\/wp\/v2\/tags?post=20529"}],"curies":[{"name":"wp","href":"https:\/\/api.w.org\/{rel}","templated":true}]}}