{"id":20523,"date":"2021-12-29T15:44:34","date_gmt":"2021-12-29T13:44:34","guid":{"rendered":"https:\/\/bisbalpenedes.com\/web\/?p=20523"},"modified":"2021-12-29T15:44:34","modified_gmt":"2021-12-29T13:44:34","slug":"el-dijous-30-de-desembre-tindra-lloc-un-ple-extraordinari-de-caracter-urgent-a-lajuntament-de-la-bisbal-del-penedes","status":"publish","type":"post","link":"https:\/\/bisbalpenedes.com\/web\/2021\/12\/29\/el-dijous-30-de-desembre-tindra-lloc-un-ple-extraordinari-de-caracter-urgent-a-lajuntament-de-la-bisbal-del-penedes\/","title":{"rendered":"El dijous 30 de desembre tindr\u00e0 lloc un Ple extraordinari de car\u00e0cter urgent a l&#8217;Ajuntament de La Bisbal del Pened\u00e8s"},"content":{"rendered":"\n<p>Avui dimecres s&#8217;ha convocat un Ple extraordinari i urgent per al dijous 30 de desembre a les 8h.&nbsp;<\/p>\n\n\n\n<p>El dijous 30 de desembre, a les 8h, tindr\u00e0 lloc un Ple extraordinari i urgent a l&#8217;Ajuntament de la Bisbal del Pened\u00e8s. L&#8217;ordre del dia \u00e9s el seg\u00fcent:<\/p>\n\n\n\n<ul><li>1. Aprovar la urg\u00e8ncia de la convocat\u00f2ria de Ple<\/li><li>2. Desestimar al\u00b7legacions contra el pressupost i aprovar definitivament el pressupost municipal 2022<\/li><li>3. Calendari fiscal 2022<\/li><\/ul>\n\n\n\n<p>L\u2019aforament per al p\u00fablic ser\u00e0 limitat. Posteriorment, publicarem el v\u00eddeo al canal de Youtube de l&#8217;Ajuntament de la Bisbal del Pened\u00e8s.<\/p>\n\n\n\n<p>L\u2019alcaldessa de la Bisbal del Pened\u00e8s, Agn\u00e8s Ferr\u00e9, ha explicat que \u201chem convocat aquest ple amb l\u2019objectiu de desestimar les al\u00b7legacions presentades per la regidora d\u2019Ara La Bisbal al pressupost municipal de 2022. La urg\u00e8ncia ve donada pel fet que, en tractar-se del pressupost 2022, hem de resoldre les al\u00b7legacions abans que acabi l\u2019any perqu\u00e8 el nou pressupost pugui entrar en vigor l\u20191 de gener\u201d.<\/p>\n\n\n\n<hr class=\"wp-block-separator\"\/>\n\n\n\n<p><strong>CASTELLANO |<\/strong>&nbsp;Hoy mi\u00e9rcoles se ha convocado un Pleno extraordinario y urgente para el jueves 30 de diciembre a las 8h.<\/p>\n\n\n\n<p>El jueves 30 de diciembre, a las 8h, tendr\u00e1 lugar un Pleno extraordinario y urgente en el Ayuntamiento de la Bisbal del Pened\u00e8s. El orden del d\u00eda es el siguiente:<\/p>\n\n\n\n<ul><li>1.-Aprobar la urgencia de la convocatoria del Pleno.<\/li><li>2.-Desestimar alegaciones contra el presupuesto y aprobar definitivamente el presupuesto municipal 2022<\/li><li>3.-Calendario fiscal 2022<\/li><\/ul>\n\n\n\n<p>El aforo para el p\u00fablico ser\u00e1 limitado. Posteriormente, publicaremos el v\u00eddeo en el canal de Youtube del Ayuntamiento de la Bisbal del Pened\u00e8s.<\/p>\n\n\n\n<p>La alcaldesa de la Bisbal del Pened\u00e8s, Agn\u00e8s Ferr\u00e9, ha explicado que \u201chemos convocado este pleno con el objetivo de desestimar las alegaciones presentadas por la concejala de Ara La Bisbal al presupuesto municipal del 2022. La urgencia viene dada por el hecho de que, al tratarse del presupuesto 2022, tenemos que resolver las alegaciones antes de que finalice el a\u00f1o para que el nuevo presupuesto pueda entrar en vigor el 1 de enero\u201d.<\/p>\n","protected":false},"excerpt":{"rendered":"<p>Avui dimecres s&#8217;ha convocat un Ple extraordinari i urgent per al dijous 30 de desembre a les 8h.&nbsp; El dijous 30 de desembre, a les 8h, tindr\u00e0 lloc un Ple &hellip; <a href=\"https:\/\/bisbalpenedes.com\/web\/2021\/12\/29\/el-dijous-30-de-desembre-tindra-lloc-un-ple-extraordinari-de-caracter-urgent-a-lajuntament-de-la-bisbal-del-penedes\/\" class=\"more-link\">Read More<\/a><\/p>\n","protected":false},"author":4,"featured_media":14975,"comment_status":"closed","ping_status":"closed","sticky":false,"template":"","format":"standard","meta":[],"categories":[8,2250],"tags":[393,423,4316],"_links":{"self":[{"href":"https:\/\/bisbalpenedes.com\/web\/wp-json\/wp\/v2\/posts\/20523"}],"collection":[{"href":"https:\/\/bisbalpenedes.com\/web\/wp-json\/wp\/v2\/posts"}],"about":[{"href":"https:\/\/bisbalpenedes.com\/web\/wp-json\/wp\/v2\/types\/post"}],"author":[{"embeddable":true,"href":"https:\/\/bisbalpenedes.com\/web\/wp-json\/wp\/v2\/users\/4"}],"replies":[{"embeddable":true,"href":"https:\/\/bisbalpenedes.com\/web\/wp-json\/wp\/v2\/comments?post=20523"}],"version-history":[{"count":2,"href":"https:\/\/bisbalpenedes.com\/web\/wp-json\/wp\/v2\/posts\/20523\/revisions"}],"predecessor-version":[{"id":20525,"href":"https:\/\/bisbalpenedes.com\/web\/wp-json\/wp\/v2\/posts\/20523\/revisions\/20525"}],"wp:featuredmedia":[{"embeddable":true,"href":"https:\/\/bisbalpenedes.com\/web\/wp-json\/wp\/v2\/media\/14975"}],"wp:attachment":[{"href":"https:\/\/bisbalpenedes.com\/web\/wp-json\/wp\/v2\/media?parent=20523"}],"wp:term":[{"taxonomy":"category","embeddable":true,"href":"https:\/\/bisbalpenedes.com\/web\/wp-json\/wp\/v2\/categories?post=20523"},{"taxonomy":"post_tag","embeddable":true,"href":"https:\/\/bisbalpenedes.com\/web\/wp-json\/wp\/v2\/tags?post=20523"}],"curies":[{"name":"wp","href":"https:\/\/api.w.org\/{rel}","templated":true}]}}