{"id":20515,"date":"2021-12-29T11:42:27","date_gmt":"2021-12-29T09:42:27","guid":{"rendered":"https:\/\/bisbalpenedes.com\/web\/?p=20515"},"modified":"2021-12-29T11:42:27","modified_gmt":"2021-12-29T09:42:27","slug":"sadjudica-definitivament-la-redaccio-del-projecte-de-construccio-i-rehabilitacio-de-la-fassina","status":"publish","type":"post","link":"https:\/\/bisbalpenedes.com\/web\/2021\/12\/29\/sadjudica-definitivament-la-redaccio-del-projecte-de-construccio-i-rehabilitacio-de-la-fassina\/","title":{"rendered":"S\u2019adjudica definitivament la redacci\u00f3 del projecte de construcci\u00f3 i rehabilitaci\u00f3 de \u201cla fassina\u201d"},"content":{"rendered":"\n<p>La Junta de Govern del 27 de desembre va adjudicar definitivament la redacci\u00f3 del projecte de construcci\u00f3 de magatzems per a la brigada municipal -i altres espais de <em>la fassina<\/em>&#8211; i de la rehabilitaci\u00f3 de la torre de <em>la fassina <\/em>a l&#8217;empresa EDDAB Arquitectura SLP. L&#8217;adjudicaci\u00f3 definitiva s&#8217;ha fet per un import de 15.000\u20ac i un termini d&#8217;un mes per a la redacci\u00f3 del projecte. Durant els pr\u00f2xims dies se signar\u00e0 el contracte i s&#8217;iniciar\u00e0 la redacci\u00f3 del projecte.<\/p>\n\n\n\n<p>El termini de licitaci\u00f3 de la redacci\u00f3 del projecte de construcci\u00f3 i rehabilitaci\u00f3 de <em>la fassina <\/em>va comen\u00e7ar el 25 d&#8217;octubre i s&#8217;hi van presentar un total de 10 empreses.<\/p>\n\n\n\n<hr class=\"wp-block-separator\"\/>\n\n\n\n<p>La Junta de Gobierno del 27 de diciembre adjudic\u00f3 definitivamente la redacci\u00f3n del proyecto de construcci\u00f3n de almacenes para la brigada municipal -y otros espacios de <em>la fassina<\/em>&#8211; y de la rehabilitaci\u00f3n de la torre de <em>la fassina <\/em>a la empresa EDDAB Arquitectura SLP. La adjudicaci\u00f3n definitiva se ha realizado por un importe de 15.000\u20ac y un plazo de un mes para la redacci\u00f3n del proyecto. Durante los pr\u00f3ximos d\u00edas se firmar\u00e1 el contrato y se iniciar\u00e1 la redacci\u00f3n del proyecto.<\/p>\n\n\n\n<p>El plazo de licitaci\u00f3n de la redacci\u00f3n del proyecto de construcci\u00f3n y rehabilitaci\u00f3n de <em>la fassina <\/em>empez\u00f3 el 25 de octubre y se presentaron un total de 10 empresas.<\/p>\n","protected":false},"excerpt":{"rendered":"<p>La Junta de Govern del 27 de desembre va adjudicar definitivament la redacci\u00f3 del projecte de construcci\u00f3 de magatzems per a la brigada municipal -i altres espais de la fassina&#8211; &hellip; <a href=\"https:\/\/bisbalpenedes.com\/web\/2021\/12\/29\/sadjudica-definitivament-la-redaccio-del-projecte-de-construccio-i-rehabilitacio-de-la-fassina\/\" class=\"more-link\">Read More<\/a><\/p>\n","protected":false},"author":4,"featured_media":16502,"comment_status":"closed","ping_status":"closed","sticky":false,"template":"","format":"standard","meta":[],"categories":[3085,8,15],"tags":[393,3504,484,394],"_links":{"self":[{"href":"https:\/\/bisbalpenedes.com\/web\/wp-json\/wp\/v2\/posts\/20515"}],"collection":[{"href":"https:\/\/bisbalpenedes.com\/web\/wp-json\/wp\/v2\/posts"}],"about":[{"href":"https:\/\/bisbalpenedes.com\/web\/wp-json\/wp\/v2\/types\/post"}],"author":[{"embeddable":true,"href":"https:\/\/bisbalpenedes.com\/web\/wp-json\/wp\/v2\/users\/4"}],"replies":[{"embeddable":true,"href":"https:\/\/bisbalpenedes.com\/web\/wp-json\/wp\/v2\/comments?post=20515"}],"version-history":[{"count":1,"href":"https:\/\/bisbalpenedes.com\/web\/wp-json\/wp\/v2\/posts\/20515\/revisions"}],"predecessor-version":[{"id":20516,"href":"https:\/\/bisbalpenedes.com\/web\/wp-json\/wp\/v2\/posts\/20515\/revisions\/20516"}],"wp:featuredmedia":[{"embeddable":true,"href":"https:\/\/bisbalpenedes.com\/web\/wp-json\/wp\/v2\/media\/16502"}],"wp:attachment":[{"href":"https:\/\/bisbalpenedes.com\/web\/wp-json\/wp\/v2\/media?parent=20515"}],"wp:term":[{"taxonomy":"category","embeddable":true,"href":"https:\/\/bisbalpenedes.com\/web\/wp-json\/wp\/v2\/categories?post=20515"},{"taxonomy":"post_tag","embeddable":true,"href":"https:\/\/bisbalpenedes.com\/web\/wp-json\/wp\/v2\/tags?post=20515"}],"curies":[{"name":"wp","href":"https:\/\/api.w.org\/{rel}","templated":true}]}}