{"id":20510,"date":"2021-12-29T11:35:12","date_gmt":"2021-12-29T09:35:12","guid":{"rendered":"https:\/\/bisbalpenedes.com\/web\/?p=20510"},"modified":"2021-12-29T11:37:10","modified_gmt":"2021-12-29T09:37:10","slug":"entrevista-a-lalcaldessa-agnes-ferre-sobre-temes-municipals-al-programa-lull-al-dia-2","status":"publish","type":"post","link":"https:\/\/bisbalpenedes.com\/web\/2021\/12\/29\/entrevista-a-lalcaldessa-agnes-ferre-sobre-temes-municipals-al-programa-lull-al-dia-2\/","title":{"rendered":"Entrevista a l\u2019alcaldessa Agn\u00e8s Ferr\u00e9 sobre temes municipals al programa L\u2019Ull al dia"},"content":{"rendered":"\n<p>El programa l&#8217;Ull al dia d&#8217;<a href=\"https:\/\/www.facebook.com\/etv.llobregat\/?__cft__%5B0%5D=AZWFtyKfVwTRCSVmTUnfI1xL8mtUPPdsi17sLoiOGJeU3A1GzrizLMgjXu2-C9a_705VQw9HgIcxCz1JDMPVYr6jplUYI4ESIaHbi_BnkeAnLwJIA86ZQI8X2I5yqNIxvDE&amp;__tn__=kK-R\">Etv<\/a>&nbsp;ha entrevistat l&#8217;alcaldessa de La Bisbal del Pened\u00e8s, Agn\u00e8s Ferr\u00e9, aquest mes de desembre. L&#8217;entrevista es va centrar en la gesti\u00f3 municipal i s&#8217;hi van abordar temes com la pand\u00e8mia de COVID-19, la campanya comercial \u2018Troba la Llum del Nadal\u2019, el pressupost 2022 i les novetats que incorpora -com ara el projecte dels \u2018men\u00fas saludables\u2019 i les activitats per a joves als locals socials-, les subvencions municipals, la nova app L\u00ednea Verde perqu\u00e8 la ciutadania pugui comunicar les incid\u00e8ncies de forma r\u00e0pida i an\u00f2nima, el 25N, la Marat\u00f3 de TV3 i la salut mental i la recollida de poda porta a porta.<\/p>\n\n\n\n<p>Enlla\u00e7 a l&#8217;entrevista:\u00a0<a href=\"https:\/\/etv.alacarta.cat\/l-ull-al-dia\/capitol\/agnes-ferre\">https:\/\/etv.alacarta.cat\/l-ull-al-dia\/capitol\/agnes-ferre<\/a><\/p>\n\n\n\n<hr class=\"wp-block-separator\"\/>\n\n\n\n<p>El programa l&#8217;Ull al dia de ETV ha entrevistado a la alcaldesa de La Bisbal Pened\u00e8s, Agn\u00e8s Ferr\u00e9, este mes de diciembre. La entrevista se centr\u00f3 en la gesti\u00f3n municipal y se abordaron temas como la pandemia por COVID-19, la campa\u00f1a comercial \u2018Troba la Llum del Nadal\u2019, el presupuesto 2022 y las novedades que incorpora-como por ejemplo el proyecto de los \u2018men\u00fas saludables\u2019 y las actividades para j\u00f3venes en los locales sociales- las subvenciones municipales, la nueva app L\u00ednea Verde para que la ciudadan\u00eda pueda comunicar incidencias de manera r\u00e1pida y an\u00f3nima, el 25N, la Marat\u00f3 de TV3 y la salud mental y la recogida de poda puerta por puerta.<\/p>\n\n\n\n<p>Enlace a la entrevista:&nbsp;<a href=\"https:\/\/etv.alacarta.cat\/l-ull-al-dia\/capitol\/agnes-ferre\">https:\/\/etv.alacarta.cat\/l-ull-al-dia\/capitol\/agnes-ferre<\/a><\/p>\n","protected":false},"excerpt":{"rendered":"<p>El programa l&#8217;Ull al dia d&#8217;Etv&nbsp;ha entrevistat l&#8217;alcaldessa de La Bisbal del Pened\u00e8s, Agn\u00e8s Ferr\u00e9, aquest mes de desembre. L&#8217;entrevista es va centrar en la gesti\u00f3 municipal i s&#8217;hi van &hellip; <a href=\"https:\/\/bisbalpenedes.com\/web\/2021\/12\/29\/entrevista-a-lalcaldessa-agnes-ferre-sobre-temes-municipals-al-programa-lull-al-dia-2\/\" class=\"more-link\">Read More<\/a><\/p>\n","protected":false},"author":4,"featured_media":20511,"comment_status":"closed","ping_status":"closed","sticky":false,"template":"","format":"standard","meta":[],"categories":[2057,8],"tags":[1151,2471,393,1100,4999],"_links":{"self":[{"href":"https:\/\/bisbalpenedes.com\/web\/wp-json\/wp\/v2\/posts\/20510"}],"collection":[{"href":"https:\/\/bisbalpenedes.com\/web\/wp-json\/wp\/v2\/posts"}],"about":[{"href":"https:\/\/bisbalpenedes.com\/web\/wp-json\/wp\/v2\/types\/post"}],"author":[{"embeddable":true,"href":"https:\/\/bisbalpenedes.com\/web\/wp-json\/wp\/v2\/users\/4"}],"replies":[{"embeddable":true,"href":"https:\/\/bisbalpenedes.com\/web\/wp-json\/wp\/v2\/comments?post=20510"}],"version-history":[{"count":3,"href":"https:\/\/bisbalpenedes.com\/web\/wp-json\/wp\/v2\/posts\/20510\/revisions"}],"predecessor-version":[{"id":20514,"href":"https:\/\/bisbalpenedes.com\/web\/wp-json\/wp\/v2\/posts\/20510\/revisions\/20514"}],"wp:featuredmedia":[{"embeddable":true,"href":"https:\/\/bisbalpenedes.com\/web\/wp-json\/wp\/v2\/media\/20511"}],"wp:attachment":[{"href":"https:\/\/bisbalpenedes.com\/web\/wp-json\/wp\/v2\/media?parent=20510"}],"wp:term":[{"taxonomy":"category","embeddable":true,"href":"https:\/\/bisbalpenedes.com\/web\/wp-json\/wp\/v2\/categories?post=20510"},{"taxonomy":"post_tag","embeddable":true,"href":"https:\/\/bisbalpenedes.com\/web\/wp-json\/wp\/v2\/tags?post=20510"}],"curies":[{"name":"wp","href":"https:\/\/api.w.org\/{rel}","templated":true}]}}