{"id":20506,"date":"2021-12-29T10:09:50","date_gmt":"2021-12-29T08:09:50","guid":{"rendered":"https:\/\/bisbalpenedes.com\/web\/?p=20506"},"modified":"2021-12-29T10:11:38","modified_gmt":"2021-12-29T08:11:38","slug":"saprova-la-renovacio-de-lacord-amb-lacm-pel-consum-de-lelectricitat-de-lenllumenat-public-i-les-installacions-municipals","status":"publish","type":"post","link":"https:\/\/bisbalpenedes.com\/web\/2021\/12\/29\/saprova-la-renovacio-de-lacord-amb-lacm-pel-consum-de-lelectricitat-de-lenllumenat-public-i-les-installacions-municipals\/","title":{"rendered":"S&#8217;aprova la renovaci\u00f3 de l&#8217;acord amb l&#8217;ACM per al consum de l&#8217;electricitat de l&#8217;enllumenat p\u00fablic i les instal\u00b7lacions municipals"},"content":{"rendered":"\n<p>La Junta de Govern del dilluns 27 de desembre ha aprovat la renovaci\u00f3 de l&#8217;acord marc amb l&#8217;Associaci\u00f3 Catalana de Municipis i Comarques (ACM) per al consum d&#8217;electricitat de l&#8217;enllumenat p\u00fablic i les instal\u00b7lacions municipals.<\/p>\n\n\n\n<p>L&#8217;Ajuntament de la Bisbal del Pened\u00e8s es va afegir a la central de compres de l&#8217;ACM el 2019 i, el febrer de 2020, es va adherir al contracte per al consum de l&#8217;electricitat de l&#8217;enllumenat p\u00fablic i les instal\u00b7lacions municipals. Ara, s&#8217;ha adherit a l&#8217;acord marc per a l&#8217;1 de gener de 2022.<\/p>\n\n\n\n<p>La central de compres de l&#8217;ACM, a trav\u00e9s del Consorci Catal\u00e0 pel Desenvolupament Local, permet a l&#8217;Ajuntament de la Bisbal del Pened\u00e8s obtenir un preu m\u00e9s baix i reduir tamb\u00e9 els terminis dels procediments administratius a trav\u00e9s del sistema de compres conjuntes.<\/p>\n\n\n\n<hr class=\"wp-block-separator\"\/>\n\n\n\n<p><strong>CASTELLANO |<\/strong>&nbsp;La Junta de Gobierno del lunes 27 de diciembre ha aprobado la renovaci\u00f3n del acuerdo marco con la Associaci\u00f3 Catalana de Municipis y Comarques (ACM) para el consumo de electricidad del alumbrado p\u00fablico y las instalaciones municipales.<\/p>\n\n\n\n<p>El Ayuntamiento de la Bisbal del Pened\u00e8s se a\u00f1adi\u00f3 a la central de compras de la ACM en el 2019 y, en febrero del 2020, se adhiri\u00f3 al contrato para el consumo de electricidad del alumbrado p\u00fablico y las instalaciones municipales. Ahora, se ha adherido al acuerdo marco para el 1 de enero de 2022.<\/p>\n\n\n\n<p>La central de compras de la ACM, a trav\u00e9s del Consorci Catal\u00e0 pel Desenvolupament Local, permite al Ayuntamiento de la Bisbal del Pened\u00e8s obtener un precio m\u00e1s bajo y reducir tambi\u00e9n los plazos de los procedimientos administrativos a trav\u00e9s del sistema de compras conjuntas.<\/p>\n","protected":false},"excerpt":{"rendered":"<p>La Junta de Govern del dilluns 27 de desembre ha aprovat la renovaci\u00f3 de l&#8217;acord marc amb l&#8217;Associaci\u00f3 Catalana de Municipis i Comarques (ACM) per al consum d&#8217;electricitat de l&#8217;enllumenat &hellip; <a href=\"https:\/\/bisbalpenedes.com\/web\/2021\/12\/29\/saprova-la-renovacio-de-lacord-amb-lacm-pel-consum-de-lelectricitat-de-lenllumenat-public-i-les-installacions-municipals\/\" class=\"more-link\">Read More<\/a><\/p>\n","protected":false},"author":4,"featured_media":20507,"comment_status":"closed","ping_status":"closed","sticky":false,"template":"","format":"standard","meta":[],"categories":[2402,3085,8],"tags":[874,876,459,686,393],"_links":{"self":[{"href":"https:\/\/bisbalpenedes.com\/web\/wp-json\/wp\/v2\/posts\/20506"}],"collection":[{"href":"https:\/\/bisbalpenedes.com\/web\/wp-json\/wp\/v2\/posts"}],"about":[{"href":"https:\/\/bisbalpenedes.com\/web\/wp-json\/wp\/v2\/types\/post"}],"author":[{"embeddable":true,"href":"https:\/\/bisbalpenedes.com\/web\/wp-json\/wp\/v2\/users\/4"}],"replies":[{"embeddable":true,"href":"https:\/\/bisbalpenedes.com\/web\/wp-json\/wp\/v2\/comments?post=20506"}],"version-history":[{"count":2,"href":"https:\/\/bisbalpenedes.com\/web\/wp-json\/wp\/v2\/posts\/20506\/revisions"}],"predecessor-version":[{"id":20509,"href":"https:\/\/bisbalpenedes.com\/web\/wp-json\/wp\/v2\/posts\/20506\/revisions\/20509"}],"wp:featuredmedia":[{"embeddable":true,"href":"https:\/\/bisbalpenedes.com\/web\/wp-json\/wp\/v2\/media\/20507"}],"wp:attachment":[{"href":"https:\/\/bisbalpenedes.com\/web\/wp-json\/wp\/v2\/media?parent=20506"}],"wp:term":[{"taxonomy":"category","embeddable":true,"href":"https:\/\/bisbalpenedes.com\/web\/wp-json\/wp\/v2\/categories?post=20506"},{"taxonomy":"post_tag","embeddable":true,"href":"https:\/\/bisbalpenedes.com\/web\/wp-json\/wp\/v2\/tags?post=20506"}],"curies":[{"name":"wp","href":"https:\/\/api.w.org\/{rel}","templated":true}]}}