{"id":20495,"date":"2021-12-28T13:42:41","date_gmt":"2021-12-28T11:42:41","guid":{"rendered":"https:\/\/bisbalpenedes.com\/web\/?p=20495"},"modified":"2021-12-28T13:47:42","modified_gmt":"2021-12-28T11:47:42","slug":"la-junta-de-govern-ha-aprovat-la-darrera-certificacio-de-les-obres-del-local-social-de-can-gordei","status":"publish","type":"post","link":"https:\/\/bisbalpenedes.com\/web\/2021\/12\/28\/la-junta-de-govern-ha-aprovat-la-darrera-certificacio-de-les-obres-del-local-social-de-can-gordei\/","title":{"rendered":"La Junta de Govern ha aprovat la darrera certificaci\u00f3 de les obres del local social de Can Gordei"},"content":{"rendered":"\n<p>La Junta de Govern del dilluns 27 de desembre ha aprovat la sisena i \u00faltima certificaci\u00f3 de les obres del local social de Can Gordei, per un import de 28.253,62\u20ac. Ara nom\u00e9s faltar\u00e0 col\u00b7locar la porta corredissa que parteix la sala polivalent en dues i es liquidar\u00e0 quan sigui instal\u00b7lada. L&#8217;Ajuntament est\u00e0 preparant la recepci\u00f3 de les obres per poder tornar a obrir el local i la botiga de Can Gordei.<\/p>\n\n\n\n<p>Les obres d&#8217;ampliaci\u00f3 i reforma del local social de Can Gordei van comen\u00e7ar al juliol amb l&#8217;empresa Forjadores y estructuras de hormig\u00f3n ONE S.L., i van ser adjudicades per un import de 60.376,26\u20ac, que es va veure incrementat en 4.956,5\u20ac arran de la modificaci\u00f3 del contracte de reforma i ampliaci\u00f3 que es va fer al setembre i que era necessari per donar continu\u00eftat a la reforma. L&#8217;import de la inversi\u00f3 es finan\u00e7ar\u00e0 amb recursos de l&#8217;Ajuntament de la Bisbal del Pened\u00e8s i una subvenci\u00f3 del Pla d&#8217;Acci\u00f3 Municipal (PAM) de la Diputaci\u00f3 de Tarragona.<\/p>\n\n\n\n<hr class=\"wp-block-separator\"\/>\n\n\n\n<figure class=\"wp-block-image size-large\"><img loading=\"lazy\" width=\"768\" height=\"1024\" src=\"https:\/\/bisbalpenedes.com\/web\/wp-content\/uploads\/2021\/12\/AGNES-I-FELIU-VISITA-CAN-GORDEI-1-768x1024.jpg\" alt=\"\" class=\"wp-image-20497\" srcset=\"https:\/\/bisbalpenedes.com\/web\/wp-content\/uploads\/2021\/12\/AGNES-I-FELIU-VISITA-CAN-GORDEI-1-768x1024.jpg 768w, https:\/\/bisbalpenedes.com\/web\/wp-content\/uploads\/2021\/12\/AGNES-I-FELIU-VISITA-CAN-GORDEI-1-scaled-600x800.jpg 600w, https:\/\/bisbalpenedes.com\/web\/wp-content\/uploads\/2021\/12\/AGNES-I-FELIU-VISITA-CAN-GORDEI-1-225x300.jpg 225w, https:\/\/bisbalpenedes.com\/web\/wp-content\/uploads\/2021\/12\/AGNES-I-FELIU-VISITA-CAN-GORDEI-1-1152x1536.jpg 1152w, https:\/\/bisbalpenedes.com\/web\/wp-content\/uploads\/2021\/12\/AGNES-I-FELIU-VISITA-CAN-GORDEI-1-1536x2048.jpg 1536w, https:\/\/bisbalpenedes.com\/web\/wp-content\/uploads\/2021\/12\/AGNES-I-FELIU-VISITA-CAN-GORDEI-1-scaled.jpg 1920w\" sizes=\"(max-width: 768px) 100vw, 768px\" \/><figcaption>L&#8217;alcaldessa i responsable d&#8217;Urbanisme, Agn\u00e8s Ferr\u00e9; i el regidor de Barris, Feliu Gil; en una visita al local social de Can Gordei<\/figcaption><\/figure>\n\n\n\n<p><strong>CASTELLANO<\/strong> |\u00a0La Junta de Gobierno del lunes 27 de diciembre ha aprobado la sexta y \u00faltima certificaci\u00f3n de las obras del local social de Can Gordei, por un importe de 28.253,62\u20ac. Ahora solo faltar\u00e1 colocar la puerta corredera que parte la sala polivalente en dos y se liquidar\u00e1 cuando est\u00e1 instalada. El Ayuntamiento est\u00e1 preparando la recepci\u00f3n de las obras para poder volver a abrir el local y la tienda de Can Gordei.<\/p>\n\n\n\n<p>Las obras de ampliaci\u00f3n y reforma del local social de Can Gordei empezaron en julio con la empresa Forjadores y estructuras de hormig\u00f3n ONE S.L. y fueron adjudicadas por un importe de 60.376,26\u20ac, que se vio incrementado en 4.956,5\u20ac a ra\u00edz de la modificaci\u00f3n del contrato de reforma y ampliaci\u00f3n que se hizo en septiembre y que era necesario para dar continuidad a la reforma. El importe de la inversi\u00f3n se financiar\u00e1 con recursos del Ayuntamiento de la Bisbal del Pened\u00e8s y una subvenci\u00f3n del Plan de Acci\u00f3n Municipal (PAM) de la Diputaci\u00f3n de Tarragona.<\/p>\n","protected":false},"excerpt":{"rendered":"<p>La Junta de Govern del dilluns 27 de desembre ha aprovat la sisena i \u00faltima certificaci\u00f3 de les obres del local social de Can Gordei, per un import de 28.253,62\u20ac. &hellip; <a href=\"https:\/\/bisbalpenedes.com\/web\/2021\/12\/28\/la-junta-de-govern-ha-aprovat-la-darrera-certificacio-de-les-obres-del-local-social-de-can-gordei\/\" class=\"more-link\">Read More<\/a><\/p>\n","protected":false},"author":4,"featured_media":20496,"comment_status":"closed","ping_status":"closed","sticky":false,"template":"","format":"standard","meta":[],"categories":[4287,8,15],"tags":[3638,198,393,247,1517],"_links":{"self":[{"href":"https:\/\/bisbalpenedes.com\/web\/wp-json\/wp\/v2\/posts\/20495"}],"collection":[{"href":"https:\/\/bisbalpenedes.com\/web\/wp-json\/wp\/v2\/posts"}],"about":[{"href":"https:\/\/bisbalpenedes.com\/web\/wp-json\/wp\/v2\/types\/post"}],"author":[{"embeddable":true,"href":"https:\/\/bisbalpenedes.com\/web\/wp-json\/wp\/v2\/users\/4"}],"replies":[{"embeddable":true,"href":"https:\/\/bisbalpenedes.com\/web\/wp-json\/wp\/v2\/comments?post=20495"}],"version-history":[{"count":2,"href":"https:\/\/bisbalpenedes.com\/web\/wp-json\/wp\/v2\/posts\/20495\/revisions"}],"predecessor-version":[{"id":20499,"href":"https:\/\/bisbalpenedes.com\/web\/wp-json\/wp\/v2\/posts\/20495\/revisions\/20499"}],"wp:featuredmedia":[{"embeddable":true,"href":"https:\/\/bisbalpenedes.com\/web\/wp-json\/wp\/v2\/media\/20496"}],"wp:attachment":[{"href":"https:\/\/bisbalpenedes.com\/web\/wp-json\/wp\/v2\/media?parent=20495"}],"wp:term":[{"taxonomy":"category","embeddable":true,"href":"https:\/\/bisbalpenedes.com\/web\/wp-json\/wp\/v2\/categories?post=20495"},{"taxonomy":"post_tag","embeddable":true,"href":"https:\/\/bisbalpenedes.com\/web\/wp-json\/wp\/v2\/tags?post=20495"}],"curies":[{"name":"wp","href":"https:\/\/api.w.org\/{rel}","templated":true}]}}