{"id":2049,"date":"2017-03-09T01:07:55","date_gmt":"2017-03-08T19:07:55","guid":{"rendered":"http:\/\/bisbalpenedes.com\/web\/?p=2049"},"modified":"2017-03-09T01:07:55","modified_gmt":"2017-03-08T19:07:55","slug":"la-biblioteca-de-la-bisbal-del-penedes-entrara-a-formar-part-de-la-xarxa-de-biblioteques-de-la-generalitat","status":"publish","type":"post","link":"https:\/\/bisbalpenedes.com\/web\/2017\/03\/09\/la-biblioteca-de-la-bisbal-del-penedes-entrara-a-formar-part-de-la-xarxa-de-biblioteques-de-la-generalitat\/","title":{"rendered":"La Biblioteca de La Bisbal del Pened\u00e8s entrar\u00e0 a formar part de la Xarxa de Biblioteques de la Generalitat"},"content":{"rendered":"<p lang=\"es-ES\" align=\"justify\"><span style=\"font-family: Verdana, sans-serif;\"><span>\u00a0 \u00a0 \u00a0 <a href=\"http:\/\/bisbalpenedes.com\/web\/wp-content\/uploads\/2017\/03\/fotobiblio.jpg\"><img loading=\"lazy\" class=\"size-medium wp-image-2050 aligncenter\" title=\"fotobiblio\" src=\"http:\/\/bisbalpenedes.com\/web\/wp-content\/uploads\/2017\/03\/fotobiblio-300x257.jpg\" alt=\"\" width=\"300\" height=\"257\" srcset=\"https:\/\/bisbalpenedes.com\/web\/wp-content\/uploads\/2017\/03\/fotobiblio-300x257.jpg 300w, https:\/\/bisbalpenedes.com\/web\/wp-content\/uploads\/2017\/03\/fotobiblio-600x515.jpg 600w, https:\/\/bisbalpenedes.com\/web\/wp-content\/uploads\/2017\/03\/fotobiblio-1024x878.jpg 1024w\" sizes=\"(max-width: 300px) 100vw, 300px\" \/><\/a>\u00a0 \u00a0 \u00a0 La Biblioteca P\u00fablica Municipal de La Bisbal del Pened\u00e8s entrar\u00e0 a formar part de la Xarxa de Biblioteques de la Generalitat. Aix\u00f2 suposar\u00e0 un pas qualitatiu important que l&#8217;usuari podr\u00e0 notar amb millores com ara el fet de poder agafar llibres en pr\u00e9stec d&#8217;altres biblioteques amb un mateix carnet o el fet de poder-se acollir al pr\u00e9stec interbibliotecari i, d&#8217;aquesta manera, optar a demanar llibres d&#8217;altres biblioteques que formin part del Sistema de Lectura P\u00fablica de Catalunya. A m\u00e9s, el Departament de Cultura de la Generalitat, a trav\u00e9s de la Direcci\u00f3 territorial de Cultura de Tarragona, far\u00e0 una inversi\u00f3 inicial en llibres pel valor de 10.000 \u20ac. \u00c9s per tot plegat que la biblioteca romandr\u00e0 tancada fins al 18 de mar\u00e7, ja que s&#8217;ha d&#8217;inventariar tota la bibliografia disponible en l&#8217;actualitat, identificar els llibres amb els codis que s&#8217;empren al cat\u00e0leg la Xarxa de Biblioteques, retirar aquells llibres que no formin part del cat\u00e0leg de la Xarxa (a excepci\u00f3 dels de la col\u00b7lecci\u00f3 local) i fer la col\u00b7locaci\u00f3 de les obres codificades als prestatges, que tamb\u00e9 s&#8217;estan redistribuint i organitzant. Com que hi ha llibres que no podran ser donats d&#8217;alta al cat\u00e0leg de la Xarxa de Biblioteques perqu\u00e8 no en formen part, l&#8217;Ajuntament ha decidit fer donacions d&#8217;aquestes obres als centres escolars del municipi.<\/span><\/span><\/p>\n<p lang=\"es-ES\" align=\"justify\"><span style=\"font-family: Verdana, sans-serif;\"><span>\u00a0 \u00a0 \u00a0A m\u00e9s, el personal de la biblioteca municipal est\u00e0 realitzant formacions amb la finalitat d&#8217;adaptar-se a les noves eines, com ara el nou programari inform\u00e0tic Millenium, que permetr\u00e0 tramitar gran part de les tasques de la Biblioteca i gestionar-ne els recursos bibliogr\u00e0fics. <\/span><\/span><\/p>\n<p align=\"justify\"><span style=\"font-family: Verdana, sans-serif;\">\u00a0 \u00a0 \u00a0 Cal dir que temporalment s&#8217;ha retirat l&#8217;exposici\u00f3 de copes de la Joventut Bisbalenca de la sala que ocupava al CMC, ja que es requeria d&#8217;aquest espai per a poder realitzar part de les tasques d&#8217;inventariat i organitzaci\u00f3 dels recursos bibliogr\u00e0fics de la Biblioteca. \u00c9s per aix\u00f2 que les copes han estat guardades de la forma m\u00e9s \u00f2ptima per tal de preservar-les dels agents externs i conservar-les de la millor manera possible.<\/span><\/p>\n","protected":false},"excerpt":{"rendered":"<p>\u00a0 \u00a0 \u00a0 \u00a0 \u00a0 \u00a0 La Biblioteca P\u00fablica Municipal de La Bisbal del Pened\u00e8s entrar\u00e0 a formar part de la Xarxa de Biblioteques de la Generalitat. Aix\u00f2 suposar\u00e0 un &hellip; <a href=\"https:\/\/bisbalpenedes.com\/web\/2017\/03\/09\/la-biblioteca-de-la-bisbal-del-penedes-entrara-a-formar-part-de-la-xarxa-de-biblioteques-de-la-generalitat\/\" class=\"more-link\">Read More<\/a><\/p>\n","protected":false},"author":4,"featured_media":2050,"comment_status":"closed","ping_status":"closed","sticky":false,"template":"","format":"standard","meta":[],"categories":[13],"tags":[180,234],"_links":{"self":[{"href":"https:\/\/bisbalpenedes.com\/web\/wp-json\/wp\/v2\/posts\/2049"}],"collection":[{"href":"https:\/\/bisbalpenedes.com\/web\/wp-json\/wp\/v2\/posts"}],"about":[{"href":"https:\/\/bisbalpenedes.com\/web\/wp-json\/wp\/v2\/types\/post"}],"author":[{"embeddable":true,"href":"https:\/\/bisbalpenedes.com\/web\/wp-json\/wp\/v2\/users\/4"}],"replies":[{"embeddable":true,"href":"https:\/\/bisbalpenedes.com\/web\/wp-json\/wp\/v2\/comments?post=2049"}],"version-history":[{"count":2,"href":"https:\/\/bisbalpenedes.com\/web\/wp-json\/wp\/v2\/posts\/2049\/revisions"}],"predecessor-version":[{"id":2052,"href":"https:\/\/bisbalpenedes.com\/web\/wp-json\/wp\/v2\/posts\/2049\/revisions\/2052"}],"wp:featuredmedia":[{"embeddable":true,"href":"https:\/\/bisbalpenedes.com\/web\/wp-json\/wp\/v2\/media\/2050"}],"wp:attachment":[{"href":"https:\/\/bisbalpenedes.com\/web\/wp-json\/wp\/v2\/media?parent=2049"}],"wp:term":[{"taxonomy":"category","embeddable":true,"href":"https:\/\/bisbalpenedes.com\/web\/wp-json\/wp\/v2\/categories?post=2049"},{"taxonomy":"post_tag","embeddable":true,"href":"https:\/\/bisbalpenedes.com\/web\/wp-json\/wp\/v2\/tags?post=2049"}],"curies":[{"name":"wp","href":"https:\/\/api.w.org\/{rel}","templated":true}]}}