{"id":20480,"date":"2021-12-24T20:13:10","date_gmt":"2021-12-24T18:13:10","guid":{"rendered":"https:\/\/bisbalpenedes.com\/web\/?p=20480"},"modified":"2021-12-24T20:13:10","modified_gmt":"2021-12-24T18:13:10","slug":"comunicat-de-lalcaldessa-la-nit-de-nadal-tornarem-a-tenir-llum-a-lesglesia-i-aviat-tornarem-a-sentir-el-campanar-gracies-al-consell-parroquial","status":"publish","type":"post","link":"https:\/\/bisbalpenedes.com\/web\/2021\/12\/24\/comunicat-de-lalcaldessa-la-nit-de-nadal-tornarem-a-tenir-llum-a-lesglesia-i-aviat-tornarem-a-sentir-el-campanar-gracies-al-consell-parroquial\/","title":{"rendered":"COMUNICAT DE L&#8217;ALCALDESSA: La nit de Nadal tornarem a tenir llum a l\u2019esgl\u00e9sia i aviat tornarem a sentir el campanar, gr\u00e0cies al Consell parroquial"},"content":{"rendered":"\n<p><strong>COMUNICAT DE L&#8217;ALCALDESSA |&nbsp;La nit de Nadal tornarem a tenir llum a l\u2019esgl\u00e9sia i aviat tornarem a sentir el campanar, gr\u00e0cies al Consell parroquial<\/strong><\/p>\n\n\n\n<p>En nom propi i de tot l\u2019equip de govern, felicito a totes les persones que formen part del Consell parroquial de l\u2019esgl\u00e9sia de Santa Maria de La Bisbal del Pened\u00e8s, per aquests mesos de lluita, preocupacions i treball constant per aconseguir que tornem a tenir llum a l\u2019esgl\u00e9sia i tornin a sonar les campanes.<\/p>\n\n\n\n<p>La mala gesti\u00f3 i deixadesa de l\u2019anterior moss\u00e8n de la parr\u00f2quia de la Bisbal, va portar al fet que es tall\u00e9s la llum de la parr\u00f2quia per impagament.<\/p>\n\n\n\n<p>Aquesta nit tornarem a tenir llum a l\u2019esgl\u00e9sia, tornarem a gaudir de l\u2019orgue i a tornar a la normalitat.<\/p>\n\n\n\n<p>Torno a manifestar l\u2019agra\u00efment a totes les persones del Consell parroquial que ho heu fet possible.<\/p>\n\n\n\n<p>Aprofito per donar la benvinguda a Mn. Josep Ma. Alegret i Mn. Josep Ma. Font a La Bisbal del Pened\u00e8s.<\/p>\n\n\n\n<p>Bon Nadal!<\/p>\n\n\n\n<p>Agn\u00e8s Ferr\u00e9 i Ca\u00f1ellas<\/p>\n\n\n\n<p>Alcaldessa de la Bisbal del Pened\u00e8s<\/p>\n\n\n\n<hr class=\"wp-block-separator\"\/>\n\n\n\n<p><strong>COMUNICADO DE LA ALCALDESA | La noche de Navidad volveremos a tener luz en la iglesia y pronto volveremos a o\u00edr el campanario, gracias al Consejo Parroquial<\/strong><\/p>\n\n\n\n<p>En nombre propio y de todo el equipo de gobierno, felicito a todas las personas que forman parte del Consejo parroquial de la iglesia de Santa Mar\u00eda de La Bisbal del Pened\u00e8s por estos meses de lucha, preocupaciones y trabajo constante para conseguir que volvamos a tener luz en la iglesia y vuelvan a sonar las campanas.<\/p>\n\n\n\n<p>La mala gesti\u00f3n y dejadez del anterior cura de la parroquia de la Bisbal, condujo a que se cortase la luz de la parroquia por impago.&nbsp;<\/p>\n\n\n\n<p>Esta noche volveremos a tener luz en la iglesia, volveremos a disfrutar del \u00f3rgano y a volver al a normalidad.<\/p>\n\n\n\n<p>Vuelvo a manifestar el agradecimiento a todas las personas del Consejo parroquial que lo hab\u00e9is hecho posible.<\/p>\n\n\n\n<p>Aprovecho para dar la bienvenida a Mn. Josep Ma. Alegret y Mn. Josep Ma. Font a la Bisbal del Pened\u00e8s.<\/p>\n\n\n\n<p>\u00a1Feliz Navidad!&nbsp;<\/p>\n\n\n\n<p>Agn\u00e8s Ferr\u00e9 Ca\u00f1ellas<\/p>\n\n\n\n<p>Alcaldesa de la Bisbal del Pened\u00e8s<\/p>\n","protected":false},"excerpt":{"rendered":"<p>COMUNICAT DE L&#8217;ALCALDESSA |&nbsp;La nit de Nadal tornarem a tenir llum a l\u2019esgl\u00e9sia i aviat tornarem a sentir el campanar, gr\u00e0cies al Consell parroquial En nom propi i de tot &hellip; <a href=\"https:\/\/bisbalpenedes.com\/web\/2021\/12\/24\/comunicat-de-lalcaldessa-la-nit-de-nadal-tornarem-a-tenir-llum-a-lesglesia-i-aviat-tornarem-a-sentir-el-campanar-gracies-al-consell-parroquial\/\" class=\"more-link\">Read More<\/a><\/p>\n","protected":false},"author":4,"featured_media":20482,"comment_status":"closed","ping_status":"closed","sticky":false,"template":"","format":"standard","meta":[],"categories":[8],"tags":[1151,4993,1605,4995,2382],"_links":{"self":[{"href":"https:\/\/bisbalpenedes.com\/web\/wp-json\/wp\/v2\/posts\/20480"}],"collection":[{"href":"https:\/\/bisbalpenedes.com\/web\/wp-json\/wp\/v2\/posts"}],"about":[{"href":"https:\/\/bisbalpenedes.com\/web\/wp-json\/wp\/v2\/types\/post"}],"author":[{"embeddable":true,"href":"https:\/\/bisbalpenedes.com\/web\/wp-json\/wp\/v2\/users\/4"}],"replies":[{"embeddable":true,"href":"https:\/\/bisbalpenedes.com\/web\/wp-json\/wp\/v2\/comments?post=20480"}],"version-history":[{"count":1,"href":"https:\/\/bisbalpenedes.com\/web\/wp-json\/wp\/v2\/posts\/20480\/revisions"}],"predecessor-version":[{"id":20483,"href":"https:\/\/bisbalpenedes.com\/web\/wp-json\/wp\/v2\/posts\/20480\/revisions\/20483"}],"wp:featuredmedia":[{"embeddable":true,"href":"https:\/\/bisbalpenedes.com\/web\/wp-json\/wp\/v2\/media\/20482"}],"wp:attachment":[{"href":"https:\/\/bisbalpenedes.com\/web\/wp-json\/wp\/v2\/media?parent=20480"}],"wp:term":[{"taxonomy":"category","embeddable":true,"href":"https:\/\/bisbalpenedes.com\/web\/wp-json\/wp\/v2\/categories?post=20480"},{"taxonomy":"post_tag","embeddable":true,"href":"https:\/\/bisbalpenedes.com\/web\/wp-json\/wp\/v2\/tags?post=20480"}],"curies":[{"name":"wp","href":"https:\/\/api.w.org\/{rel}","templated":true}]}}