{"id":20471,"date":"2021-12-23T19:48:47","date_gmt":"2021-12-23T17:48:47","guid":{"rendered":"https:\/\/bisbalpenedes.com\/web\/?p=20471"},"modified":"2021-12-23T19:48:47","modified_gmt":"2021-12-23T17:48:47","slug":"els-dies-2-i-3-de-gener-gaudiu-del-parc-de-nadal-de-la-bisbal","status":"publish","type":"post","link":"https:\/\/bisbalpenedes.com\/web\/2021\/12\/23\/els-dies-2-i-3-de-gener-gaudiu-del-parc-de-nadal-de-la-bisbal\/","title":{"rendered":"Els dies 2 i 3 de gener gaudiu del Parc de Nadal de la Bisbal"},"content":{"rendered":"\n<p>Gaudeix de les festes a la Bisbal del Pened\u00e8s! Les regidories de Cultura i Lleure han preparat el \u2018Parc de Nadal\u2019 perqu\u00e8 grans i petits el pugueu gaudir els dies 2 i 3 de gener dels inflables, la ludoteca i moltes altres activitats nadalenques.<\/p>\n\n\n\n<p>A m\u00e9s:<\/p>\n\n\n\n<ul><li>El diumenge 2 de gener a les 13h gaudirem d\u2019un concert\/vermut nadalenc amb la \u201cBellvei Band\u201d<\/li><li>El diumenge 2 de gener a les 16:30h ens visitar\u00e0 el patge reial<\/li><li>I el dia 5 de gener\u2026 la m\u00e0gia recorrer\u00e0 els carrers del nucli amb la cavalcada de SSMM els Reis d\u2019Orient.<\/li><\/ul>\n\n\n\n<p>\u00c9s Nadal a la Bisbal! Gaudeix de les festes!<\/p>\n\n\n\n<hr class=\"wp-block-separator\"\/>\n\n\n\n<p>Disfruta de las fiestas en la Bisbal del Pened\u00e8s! Las concejal\u00edas de Cultura y Ocio han preparado el \u2018Parc de Nadal\u2019 para que grandes y peque\u00f1os pod\u00e1is disfrutar los d\u00edas 2 y 3 de enero de los inflables, la ludoteca y muchas otras actividades navide\u00f1as.<\/p>\n\n\n\n<p>Adem\u00e1s:<\/p>\n\n\n\n<ul><li>El domingo 2 de enero a las 13h disfrutaremos de un concierto\/vermut con la \u201cBellvei Band\u201d<\/li><li>El domingo 2 de enero a las 16:30h nos visitar\u00e1 el paje real<\/li><li>Y el d\u00eda 5 de enero\u2026 la magia recorrer\u00e1 las calles del n\u00facleo con la cabalgata de SSMM los Reyes Magos.<\/li><\/ul>\n\n\n\n<p>\u00a1Es Navidad en la Bisbal! \u00a1Disfruta de las Fiestas!<\/p>\n","protected":false},"excerpt":{"rendered":"<p>Gaudeix de les festes a la Bisbal del Pened\u00e8s! Les regidories de Cultura i Lleure han preparat el \u2018Parc de Nadal\u2019 perqu\u00e8 grans i petits el pugueu gaudir els dies &hellip; <a href=\"https:\/\/bisbalpenedes.com\/web\/2021\/12\/23\/els-dies-2-i-3-de-gener-gaudiu-del-parc-de-nadal-de-la-bisbal\/\" class=\"more-link\">Read More<\/a><\/p>\n","protected":false},"author":4,"featured_media":20472,"comment_status":"closed","ping_status":"closed","sticky":false,"template":"","format":"standard","meta":[],"categories":[2942,13,4668,8],"tags":[230,73,3083,4992,4991,4990,1078],"_links":{"self":[{"href":"https:\/\/bisbalpenedes.com\/web\/wp-json\/wp\/v2\/posts\/20471"}],"collection":[{"href":"https:\/\/bisbalpenedes.com\/web\/wp-json\/wp\/v2\/posts"}],"about":[{"href":"https:\/\/bisbalpenedes.com\/web\/wp-json\/wp\/v2\/types\/post"}],"author":[{"embeddable":true,"href":"https:\/\/bisbalpenedes.com\/web\/wp-json\/wp\/v2\/users\/4"}],"replies":[{"embeddable":true,"href":"https:\/\/bisbalpenedes.com\/web\/wp-json\/wp\/v2\/comments?post=20471"}],"version-history":[{"count":1,"href":"https:\/\/bisbalpenedes.com\/web\/wp-json\/wp\/v2\/posts\/20471\/revisions"}],"predecessor-version":[{"id":20473,"href":"https:\/\/bisbalpenedes.com\/web\/wp-json\/wp\/v2\/posts\/20471\/revisions\/20473"}],"wp:featuredmedia":[{"embeddable":true,"href":"https:\/\/bisbalpenedes.com\/web\/wp-json\/wp\/v2\/media\/20472"}],"wp:attachment":[{"href":"https:\/\/bisbalpenedes.com\/web\/wp-json\/wp\/v2\/media?parent=20471"}],"wp:term":[{"taxonomy":"category","embeddable":true,"href":"https:\/\/bisbalpenedes.com\/web\/wp-json\/wp\/v2\/categories?post=20471"},{"taxonomy":"post_tag","embeddable":true,"href":"https:\/\/bisbalpenedes.com\/web\/wp-json\/wp\/v2\/tags?post=20471"}],"curies":[{"name":"wp","href":"https:\/\/api.w.org\/{rel}","templated":true}]}}