{"id":20467,"date":"2021-12-23T19:29:34","date_gmt":"2021-12-23T17:29:34","guid":{"rendered":"https:\/\/bisbalpenedes.com\/web\/?p=20467"},"modified":"2021-12-23T19:29:34","modified_gmt":"2021-12-23T17:29:34","slug":"el-divendres-24-de-desembre-entren-en-vigor-noves-mesures-per-la-covid-19","status":"publish","type":"post","link":"https:\/\/bisbalpenedes.com\/web\/2021\/12\/23\/el-divendres-24-de-desembre-entren-en-vigor-noves-mesures-per-la-covid-19\/","title":{"rendered":"El divendres 24 de desembre entren en vigor noves mesures per la COVID-19"},"content":{"rendered":"\n<p>El Departament d\u2019Interior de la Generalitat de Catalunya ha publicat les noves mesures de contenci\u00f3 per la COVID-19. Entraran en vigor dem\u00e0 divendres 24 de desembre.<\/p>\n\n\n\n<p><br>Trobareu consells per adaptar-vos a les restriccions i als canvis en aquest enlla\u00e7: <a rel=\"noreferrer noopener\" href=\"http:\/\/ow.ly\/ahpa50Hij0w\" target=\"_blank\">http:\/\/ow.ly\/ahpa50Hij0w<\/a><\/p>\n\n\n\n<p><br>Trobareu els certificats autoresponsables de despla\u00e7ament per la crisi sanit\u00e0ria de la COVID-19 en aquest altre enlla\u00e7: <a rel=\"noreferrer noopener\" href=\"https:\/\/interior.gencat.cat\/ca\/arees_dactuacio\/proteccio_civil\/consells_autoproteccio_emergencia\/malalties-transmissibles-emergents-amb-potencial-alt-risc-\/certificat-autoresponsable-de-desplacament-en-el-marc-de-lestat-dalarma-per-la-crisi-sanitaria-per-la-covid-19\/index.html\" target=\"_blank\">https:\/\/interior.gencat.cat\/ca\/arees_dactuacio\/proteccio_civil\/consells_autoproteccio_emergencia\/malalties-transmissibles-emergents-amb-potencial-alt-risc-\/certificat-autoresponsable-de-desplacament-en-el-marc-de-lestat-dalarma-per-la-crisi-sanitaria-per-la-covid-19\/index.html<\/a><\/p>\n\n\n\n<hr class=\"wp-block-separator\"\/>\n\n\n\n<p><br>El Departamento de Interior de la Generalitat de Catalunya ha publicado las nuevas medidas de contenci\u00f3n de la COVID-19. Entrar\u00e1n en vigor ma\u00f1ana viernes 24 de diciembre.<\/p>\n\n\n\n<p>Encontrar\u00e9is consejos para adaptaros a las restricciones y a los cambios en este enlace: <a rel=\"noreferrer noopener\" href=\"http:\/\/ow.ly\/ahpa50Hij0w\" target=\"_blank\">http:\/\/ow.ly\/ahpa50Hij0w<\/a><\/p>\n\n\n\n<p><br>Encontrar\u00e9is los certificados autorresponsables de desplazamiento por la crisis sanitaria de la COVID-19 en este otro enlace: <a rel=\"noreferrer noopener\" href=\"https:\/\/interior.gencat.cat\/ca\/arees_dactuacio\/proteccio_civil\/consells_autoproteccio_emergencia\/malalties-transmissibles-emergents-amb-potencial-alt-risc-\/certificat-autoresponsable-de-desplacament-en-el-marc-de-lestat-dalarma-per-la-crisi-sanitaria-per-la-covid-19\/index.html\" target=\"_blank\">https:\/\/interior.gencat.cat\/ca\/arees_dactuacio\/proteccio_civil\/consells_autoproteccio_emergencia\/malalties-transmissibles-emergents-amb-potencial-alt-risc-\/certificat-autoresponsable-de-desplacament-en-el-marc-de-lestat-dalarma-per-la-crisi-sanitaria-per-la-covid-19\/index.html<\/a><\/p>\n\n\n\n<figure class=\"wp-block-image size-large\"><img loading=\"lazy\" width=\"724\" height=\"1024\" src=\"https:\/\/bisbalpenedes.com\/web\/wp-content\/uploads\/2021\/12\/IMG_7171-724x1024.jpg\" alt=\"\" class=\"wp-image-20468\" srcset=\"https:\/\/bisbalpenedes.com\/web\/wp-content\/uploads\/2021\/12\/IMG_7171-724x1024.jpg 724w, https:\/\/bisbalpenedes.com\/web\/wp-content\/uploads\/2021\/12\/IMG_7171-600x849.jpg 600w, https:\/\/bisbalpenedes.com\/web\/wp-content\/uploads\/2021\/12\/IMG_7171-212x300.jpg 212w, https:\/\/bisbalpenedes.com\/web\/wp-content\/uploads\/2021\/12\/IMG_7171-768x1086.jpg 768w, https:\/\/bisbalpenedes.com\/web\/wp-content\/uploads\/2021\/12\/IMG_7171-1086x1536.jpg 1086w, https:\/\/bisbalpenedes.com\/web\/wp-content\/uploads\/2021\/12\/IMG_7171.jpg 1131w\" sizes=\"(max-width: 724px) 100vw, 724px\" \/><\/figure>\n","protected":false},"excerpt":{"rendered":"<p>El Departament d\u2019Interior de la Generalitat de Catalunya ha publicat les noves mesures de contenci\u00f3 per la COVID-19. Entraran en vigor dem\u00e0 divendres 24 de desembre. Trobareu consells per adaptar-vos &hellip; <a href=\"https:\/\/bisbalpenedes.com\/web\/2021\/12\/23\/el-divendres-24-de-desembre-entren-en-vigor-noves-mesures-per-la-covid-19\/\" class=\"more-link\">Read More<\/a><\/p>\n","protected":false},"author":4,"featured_media":20469,"comment_status":"closed","ping_status":"closed","sticky":false,"template":"","format":"standard","meta":[],"categories":[3636,4095,8,14],"tags":[3550,3559,393,4905,4096],"_links":{"self":[{"href":"https:\/\/bisbalpenedes.com\/web\/wp-json\/wp\/v2\/posts\/20467"}],"collection":[{"href":"https:\/\/bisbalpenedes.com\/web\/wp-json\/wp\/v2\/posts"}],"about":[{"href":"https:\/\/bisbalpenedes.com\/web\/wp-json\/wp\/v2\/types\/post"}],"author":[{"embeddable":true,"href":"https:\/\/bisbalpenedes.com\/web\/wp-json\/wp\/v2\/users\/4"}],"replies":[{"embeddable":true,"href":"https:\/\/bisbalpenedes.com\/web\/wp-json\/wp\/v2\/comments?post=20467"}],"version-history":[{"count":1,"href":"https:\/\/bisbalpenedes.com\/web\/wp-json\/wp\/v2\/posts\/20467\/revisions"}],"predecessor-version":[{"id":20470,"href":"https:\/\/bisbalpenedes.com\/web\/wp-json\/wp\/v2\/posts\/20467\/revisions\/20470"}],"wp:featuredmedia":[{"embeddable":true,"href":"https:\/\/bisbalpenedes.com\/web\/wp-json\/wp\/v2\/media\/20469"}],"wp:attachment":[{"href":"https:\/\/bisbalpenedes.com\/web\/wp-json\/wp\/v2\/media?parent=20467"}],"wp:term":[{"taxonomy":"category","embeddable":true,"href":"https:\/\/bisbalpenedes.com\/web\/wp-json\/wp\/v2\/categories?post=20467"},{"taxonomy":"post_tag","embeddable":true,"href":"https:\/\/bisbalpenedes.com\/web\/wp-json\/wp\/v2\/tags?post=20467"}],"curies":[{"name":"wp","href":"https:\/\/api.w.org\/{rel}","templated":true}]}}