{"id":20443,"date":"2021-12-22T23:08:17","date_gmt":"2021-12-22T21:08:17","guid":{"rendered":"https:\/\/bisbalpenedes.com\/web\/?p=20443"},"modified":"2021-12-22T23:09:35","modified_gmt":"2021-12-22T21:09:35","slug":"el-ple-ha-aprovat-la-modificacio-de-les-ordenances-num-13-14-i-15-relatives-a-les-taxes-docupacio-de-terrenys-dus-public-i-de-sol-i-subsol","status":"publish","type":"post","link":"https:\/\/bisbalpenedes.com\/web\/2021\/12\/22\/el-ple-ha-aprovat-la-modificacio-de-les-ordenances-num-13-14-i-15-relatives-a-les-taxes-docupacio-de-terrenys-dus-public-i-de-sol-i-subsol\/","title":{"rendered":"El Ple ha aprovat la modificaci\u00f3 de les ordenances n\u00fam. 13, 14 i 15 &#8211; relatives a les taxes d&#8217;ocupaci\u00f3 de terrenys d&#8217;\u00fas p\u00fablic i de s\u00f2l i subsol"},"content":{"rendered":"\n<p>El <a href=\"https:\/\/bit.ly\/33LaEoN\">Ple ordinari<\/a> de l&#8217;Ajuntament de la Bisbal del Pened\u00e8s celebrat el dimarts 21 de desembre va aprovar la modificaci\u00f3 de les ordenances relatives a les taxes d&#8217;ocupaci\u00f3 de terrenys d&#8217;\u00fas p\u00fablic i de s\u00f2l i subsol, per unificar-les i adequar-les a la normativa vigent.<\/p>\n\n\n\n<blockquote class=\"wp-block-quote\"><p>La modificaci\u00f3 s&#8217;ha publicat al Portal de Transpar\u00e8ncia i el podeu consultar en aquest enlla\u00e7: <a href=\"https:\/\/bisbalpenedes.eadministracio.cat\/board\">https:\/\/bisbalpenedes.eadministracio.cat\/board<\/a><\/p><\/blockquote>\n\n\n\n<p><strong>Les ordenances que es modifiquen s\u00f3n les seg\u00fcents:<\/strong><\/p>\n\n\n\n<ul><li>Ordenan\u00e7a n\u00fam. 13, reguladora de la taxa per l\u2019ocupaci\u00f3 dels terrenys d\u2019\u00fas p\u00fablic amb parades, barraques i casetes en venda.<\/li><li>Ordenan\u00e7a n\u00fam. 14, reguladora de la taxa per l\u2019entrada de vehicles a trav\u00e9s de la vorera.<\/li><li>Ordenan\u00e7a n\u00fam. 15, reguladora de la taxa per \u00fas privatiu o aprofitament especial del s\u00f2l, subsol o vol a empreses subministradores.<\/li><\/ul>\n\n\n\n<p>Les tres queden unificades en una ordenan\u00e7a de nova creaci\u00f3: \u201cOrdenan\u00e7a fiscal reguladora de la taxa per ocupaci\u00f3 del s\u00f2l, vol i subsol de la via p\u00fablica\u201d.<\/p>\n\n\n\n<p><strong>Subjectes passius:<\/strong><\/p>\n\n\n\n<p>-Titulars de llic\u00e8ncies o concessions municipals i aquells que tinguin aprofitament o utilitzaci\u00f3 privativa del domini p\u00fablic local. Amb aquesta modificaci\u00f3 es podr\u00e0 tirar endavant la licitaci\u00f3 del bar del local social de la Miralba.<\/p>\n\n\n\n<p>-Els que sense llic\u00e8ncia o concessi\u00f3 realitzin alguns dels aprofitaments inclosos en l\u2019ordenan\u00e7a.<\/p>\n\n\n\n<p><strong>Quota tribut\u00e0ria:<\/strong><\/p>\n\n\n\n<p>-Empreses explotadores de serveis de subministrament: taxa de l&#8217;1,5% dels ingressos bruts de la facturaci\u00f3 que obtinguin anualment, dins el terme municipal.<\/p>\n\n\n\n<p>-Per ocupaci\u00f3 del s\u00f2l:<\/p>\n\n\n\n<p>Parades de mercat setmana, casetes de venda i atraccions, per m2:<\/p>\n\n\n\n<p>0,19\u20ac\/dia (era 53 ptes &#8211; 0,31\u20ac\/dia)<\/p>\n\n\n\n<p>Guals: quota de 22\u20ac\/any (el mateix preu)<\/p>\n\n\n\n<p>Punts de rec\u00e0rrega de cotxes el\u00e8ctrics per m2: 69,20\u20ac\/any (nou)<\/p>\n\n\n\n<p>M\u00e0quina de venda autom\u00e0tica de qualsevol producte, per unitat: 69,20\u20ac\/any<\/p>\n\n\n\n<p>-Per ocupaci\u00f3 del subsol:<\/p>\n\n\n\n<p>L\u00ednies el\u00e8ctriques subterr\u00e0nies, cables conductors, canonades per a la conducci\u00f3 de gasos o l\u00edquids, per metre lineal: 581,28\u20ac\/any (abans 1,5%).<\/p>\n\n\n\n<hr class=\"wp-block-separator\"\/>\n\n\n\n<p><strong>CASTELLANO |<\/strong>&nbsp;El <a href=\"Ple%20ordinari\">Pleno ordinario<\/a> del Ayuntamiento de la Bisbal del Pened\u00e8s celebrado el martes 21 de diciembre aprob\u00f3 la modificaci\u00f3n de las ordenanzas relativas a las tasas de ocupaci\u00f3n de terrenos de uso p\u00fablico y de suelo y subsuelo para unificarlas y adecuarlas a la normativa vigente.<\/p>\n\n\n\n<blockquote class=\"wp-block-quote\"><p>La modificaci\u00f3n se ha publicado en el Portal de Transparencia y lo pod\u00e9is consultar en este enlace: <a href=\"https:\/\/bisbalpenedes.eadministracio.cat\/board\">https:\/\/bisbalpenedes.eadministracio.cat\/board<\/a><\/p><\/blockquote>\n\n\n\n<p><strong>Las ordenanzas que se modifican son las siguientes:<\/strong><\/p>\n\n\n\n<ul><li>Ordenanza n.\u00ba 13, reguladora de la tasa por la ocupaci\u00f3n de los terrenos de uso p\u00fablico con paradas, barracas y casetas en venta.<\/li><li>Ordenanza n.\u00ba 14, reguladora de la tasa por la entrada de veh\u00edculos a trav\u00e9s de la acera.<\/li><li>Ordenanza n.\u00ba 15, reguladora de la tasa por uso privativo o aprovechamiento especial del suelo, subsuelo o vuelo a empresas suministradoras.<\/li><\/ul>\n\n\n\n<p>Las tres quedan unificadas en una ordenanza de nueva creaci\u00f3n: \u201cOrdenanza fiscal reguladora de la tasa por ocupaci\u00f3n del suelo, vuelo y subsuelo de la v\u00eda p\u00fablica\u201d.<\/p>\n\n\n\n<p><strong>Sujetos pasivos:<\/strong><\/p>\n\n\n\n<p>-Titulares de licencias o concesiones municipales y aquellos que tengan aprovechamiento o utilizaci\u00f3n privativa del dominio p\u00fablico local. Con esta modificaci\u00f3n se podr\u00e1 sacar adelante la licitaci\u00f3n del bar del local social de la Miralba.<\/p>\n\n\n\n<p>-Los que sin licencia o concesi\u00f3n realicen algunos de los aprovechamientos incluidos en la ordenanza.<\/p>\n\n\n\n<p><strong>Cuota tributaria:<\/strong><\/p>\n\n\n\n<p>-Empresas explotadoras de servicios de suministro: tasa del 1,5% de los ingresos brutos de la facturaci\u00f3n que obtengan anualmente, dentro del t\u00e9rmino municipal.<\/p>\n\n\n\n<p>-Por ocupaci\u00f3n del suelo:<\/p>\n\n\n\n<p>Paradas de mercado semana, casetas de venta y atracciones, por m\u00b2:<\/p>\n\n\n\n<p>0,19\u20ac\/d\u00eda (era 53 ptas &#8211; 0,31\u20ac\/d\u00eda)<\/p>\n\n\n\n<p>Vados: cuota de 22\u20ac\/a\u00f1o (el mismo precio)<\/p>\n\n\n\n<p>Puntos de recarga de coches el\u00e9ctricos por m\u00b2: 69,20\u20ac\/a\u00f1o (nuevo)<\/p>\n\n\n\n<p>M\u00e1quina de venta autom\u00e1tica de cualquier producto, por unidad: 69,20\u20ac\/a\u00f1o<\/p>\n\n\n\n<p>-Por ocupaci\u00f3n del subsuelo:<\/p>\n\n\n\n<p>Tendidos el\u00e9ctricos subterr\u00e1neos, cables conductores, ca\u00f1er\u00edas para la conducci\u00f3n de gases o l\u00edquidos, por metro lineal: 581,28\u20ac\/a\u00f1o (antes 1,5%).<\/p>\n","protected":false},"excerpt":{"rendered":"<p>El Ple ordinari de l&#8217;Ajuntament de la Bisbal del Pened\u00e8s celebrat el dimarts 21 de desembre va aprovar la modificaci\u00f3 de les ordenances relatives a les taxes d&#8217;ocupaci\u00f3 de terrenys &hellip; <a href=\"https:\/\/bisbalpenedes.com\/web\/2021\/12\/22\/el-ple-ha-aprovat-la-modificacio-de-les-ordenances-num-13-14-i-15-relatives-a-les-taxes-docupacio-de-terrenys-dus-public-i-de-sol-i-subsol\/\" class=\"more-link\">Read More<\/a><\/p>\n","protected":false},"author":4,"featured_media":20445,"comment_status":"closed","ping_status":"closed","sticky":false,"template":"","format":"standard","meta":[],"categories":[8,15],"tags":[393,1049,4178,249,1019],"_links":{"self":[{"href":"https:\/\/bisbalpenedes.com\/web\/wp-json\/wp\/v2\/posts\/20443"}],"collection":[{"href":"https:\/\/bisbalpenedes.com\/web\/wp-json\/wp\/v2\/posts"}],"about":[{"href":"https:\/\/bisbalpenedes.com\/web\/wp-json\/wp\/v2\/types\/post"}],"author":[{"embeddable":true,"href":"https:\/\/bisbalpenedes.com\/web\/wp-json\/wp\/v2\/users\/4"}],"replies":[{"embeddable":true,"href":"https:\/\/bisbalpenedes.com\/web\/wp-json\/wp\/v2\/comments?post=20443"}],"version-history":[{"count":2,"href":"https:\/\/bisbalpenedes.com\/web\/wp-json\/wp\/v2\/posts\/20443\/revisions"}],"predecessor-version":[{"id":20447,"href":"https:\/\/bisbalpenedes.com\/web\/wp-json\/wp\/v2\/posts\/20443\/revisions\/20447"}],"wp:featuredmedia":[{"embeddable":true,"href":"https:\/\/bisbalpenedes.com\/web\/wp-json\/wp\/v2\/media\/20445"}],"wp:attachment":[{"href":"https:\/\/bisbalpenedes.com\/web\/wp-json\/wp\/v2\/media?parent=20443"}],"wp:term":[{"taxonomy":"category","embeddable":true,"href":"https:\/\/bisbalpenedes.com\/web\/wp-json\/wp\/v2\/categories?post=20443"},{"taxonomy":"post_tag","embeddable":true,"href":"https:\/\/bisbalpenedes.com\/web\/wp-json\/wp\/v2\/tags?post=20443"}],"curies":[{"name":"wp","href":"https:\/\/api.w.org\/{rel}","templated":true}]}}