{"id":20427,"date":"2021-12-22T22:21:25","date_gmt":"2021-12-22T20:21:25","guid":{"rendered":"https:\/\/bisbalpenedes.com\/web\/?p=20427"},"modified":"2021-12-22T22:21:25","modified_gmt":"2021-12-22T20:21:25","slug":"el-dimarts-21-de-desembre-es-va-celebrar-el-ple-ordinari-de-lajuntament-de-la-bisbal-del-penedes-corresponent-a-aquest-trimestre","status":"publish","type":"post","link":"https:\/\/bisbalpenedes.com\/web\/2021\/12\/22\/el-dimarts-21-de-desembre-es-va-celebrar-el-ple-ordinari-de-lajuntament-de-la-bisbal-del-penedes-corresponent-a-aquest-trimestre\/","title":{"rendered":"El dimarts 21 de desembre es va celebrar el Ple ordinari de l&#8217;Ajuntament de La Bisbal del Pened\u00e8s corresponent a aquest trimestre"},"content":{"rendered":"\n<p>Aquest dimarts 21 de desembre, a les 18h, ha tingut lloc el Ple ordinari de l\u2019Ajuntament de la Bisbal del Pened\u00e8s corresponent a aquest trimestre. El Ple s\u2019ha celebrat de forma presencial i el p\u00fablic hi podia accedir amb mascareta i respectant totes les mesures per la COVID-19.<\/p>\n\n\n\n<p>Posteriorment, s\u2019ha publicat el v\u00eddeo de la sessi\u00f3, que podeu veure aqu\u00ed: \u00a0<\/p>\n\n\n\n<figure class=\"wp-block-embed is-type-video is-provider-youtube wp-block-embed-youtube wp-embed-aspect-16-9 wp-has-aspect-ratio\"><div class=\"wp-block-embed__wrapper\">\n<iframe loading=\"lazy\" title=\"Ajuntament de la Bisbal del Pened\u00e8s. Ple ordinari de 21 de desembre de 2021\" width=\"1170\" height=\"658\" src=\"https:\/\/www.youtube.com\/embed\/EsiCOMuY2cc?feature=oembed\" frameborder=\"0\" allow=\"accelerometer; autoplay; clipboard-write; encrypted-media; gyroscope; picture-in-picture\" allowfullscreen><\/iframe>\n<\/div><\/figure>\n\n\n\n<p>A l&#8217;inici del ple s&#8217;ha excusat l&#8217;assist\u00e8ncia de la regidora S\u00edlvia Monfort (ERC-AM).<\/p>\n\n\n\n<p>Al Ple, s&#8217;hi han tractat els seg\u00fcents punts:<\/p>\n\n\n\n<h2><strong>PART RESOLUTIVA<\/strong><\/h2>\n\n\n\n<p><strong>1.- Aprovaci\u00f3 de l\u2019acta del ple ordinari del 20 de setembre<\/strong><\/p>\n\n\n\n<p>S\u2019ha aprovat per unanimitat dels assistents.<\/p>\n\n\n\n<p><strong>2.- Aprovaci\u00f3 de l\u2019acta del ple extraordinari del 29 de novembre<\/strong><\/p>\n\n\n\n<p>S\u2019ha aprovat per unanimitat dels assistents.<\/p>\n\n\n\n<p><strong>3.- Ratificaci\u00f3 de l\u2019acord de la Junta de Govern del 2 d\u2019agost, on &nbsp;s\u2019inadmet el recurs de reposici\u00f3 presentat per PSC, Units-FIC i ERC contra l\u2019adjudicaci\u00f3 de les obres de remodelaci\u00f3 del poliesportiu municipal<\/strong><\/p>\n\n\n\n<p>S\u2019aprova amb els seg\u00fcents vots<\/p>\n\n\n\n<p>A Favor: Comprom\u00eds amb la Bisbal (6)<\/p>\n\n\n\n<p>En contra: PSC (2) i Units per la Bisbal-FIC (1)<\/p>\n\n\n\n<p>Abstencions: Ara la Bisbal (1)<\/p>\n\n\n\n<p>El Ple ratifica l&#8217;acord de la Junta de Govern on s&#8217;inadmet el recurs de reposici\u00f3 del PSC, Units per la Bisbal i ERC-AM contra l&#8217;adjudicaci\u00f3 de les obres de remodelaci\u00f3 del pavell\u00f3 poliesportiu i la construcci\u00f3 de l&#8217;edifici annex destinat a vestidors, presentat pels regidors del PSC, el regidor d&#8217;Units per la Bisbal i la regidora d&#8217;ERC que, el 22 d&#8217;abril de 2021, van presentar un recurs de reposici\u00f3 contra l&#8217;acord de la Junta de Govern del 12 d&#8217;abril de 2021 en qu\u00e8 s&#8217;adjudicaven les obres del poliesportiu municipal de la fase 1.<\/p>\n\n\n\n<p>Aquest recurs de reposici\u00f3 inclo\u00efa 3 punts: una errada en el termini d&#8217;execuci\u00f3 de les obres; la forma de computar les baixes considerades anormals; i la manca de disponibilitat total dels terrenys per fer obres.<\/p>\n\n\n\n<p>Segons l&#8217;alcaldessa de la Bisbal del Pened\u00e8s, Agn\u00e8s Ferr\u00e9, &#8220;l&#8217;error en el termini d&#8217;execuci\u00f3 de les obres era un error de transcripci\u00f3 i les empreses no ho van tenir en compte, no vam tenir cap problema amb aix\u00f2; quant a la forma de computar les baixes anormals en els preus, tampoc hem tingut cap problema, es va calcular seguint la normativa i cap empresa ha al\u00b7legat que estigu\u00e9s mal calculat; i quant a la manca de disponibilitat total dels terrenys per fer les obres, l&#8217;ajuntament ho va resoldre de la seg\u00fcent manera: vam fer un aixecament d&#8217;acta de replanteig al mes de juny, signada pels redactors del projecte i per la direcci\u00f3 de l&#8217;obra, juntament amb una acta notarial&#8221;. Ferr\u00e9 ha afegit que &#8220;l&#8217;informe dels serveis t\u00e8cnics municipals conclou que s\u00ed que hi ha disponibilitat total dels terrenys per fer les obres, que no estan dins el conveni amb l&#8217;entitat la part on es fa la reforma del pavell\u00f3 i on es construeixen els vestuaris&#8221;.<\/p>\n\n\n\n<p>No obstant aix\u00f2, &#8220;el 17 de juny de 2021, els regidors del PSC van presentar un contenci\u00f3s-administratiu sobre aquest mateix assumpte, sol\u00b7licitant mesures cautelars perqu\u00e8 no comencessin les obres fins que es resolgu\u00e9s el contenci\u00f3s. A principis de juliol el Jutjat del Contenci\u00f3s-Administratiu no va acceptar les mesures cautelars que sol\u00b7licitaven els regidors del PSC. Per tot plegat, a l&#8217;agost vam aprovar, a la Junta de Govern, inadmetre el recurs de reposici\u00f3 que van presentar els regidors del PSC, el regidor d&#8217;Units per la Bisbal-FIC i la regidora d&#8217;ERC contra l&#8217;adjudicaci\u00f3 de les obres de la fase 1 del poliesportiu municipal&#8221;.<\/p>\n\n\n\n<p>Els motius que s&#8217;al\u00b7legaven per desestimar el recurs eren els seg\u00fcents:<\/p>\n\n\n\n<p>&#8220;Primer: El recurs de reposici\u00f3 volia impugnar una resoluci\u00f3 del concurs, per\u00f2 el que impugna s\u00f3n les bases del concurs p\u00fablic. Bases que estaven aprovades definitivament i, per tant, ara no es podien impugnar.<\/p>\n\n\n\n<p>Segon. Els regidors i regidores tenen legitimitat per presentar recursos de reposici\u00f3 contra els acords dels \u00f2rgans de govern, per\u00f2 han d&#8217;acreditar l&#8217;inter\u00e8s pel qual el presenten (si s\u00f3n part afectada, si defensen els interessos col\u00b7lectius&#8230;). En aquest cas no acrediten, i no queda clar quin inter\u00e8s podrien acreditar en l&#8217;acord de resoluci\u00f3 d&#8217;un concurs p\u00fablic on les empreses que s&#8217;hi han presentat s\u00f3n les que hi tenen inter\u00e8s.<\/p>\n\n\n\n<p>Tercer: Quan diuen que hi ha un error en el termini va ser perqu\u00e8, a l&#8217;anunci de la licitaci\u00f3 es va posar un termini de 12 anys i 6 mesos en comptes de 18 mesos. \u00c9s un error material sense rellev\u00e0ncia, que no va suposar cap problema per cap de les 10 empreses que s&#8217;hi van presentar.<\/p>\n\n\n\n<p>Quart: Quan diuen que no \u00e9s correcta la manera de computar les baixes de les empreses que es presenten, tampoc va suposar cap problema per part de les empreses presentades.<\/p>\n\n\n\n<p>Cinqu\u00e8: Quan diuen que no es podien comen\u00e7ar les obres perqu\u00e8 no hi havia l&#8217;acta de comprovaci\u00f3, com que es va fer l&#8217;acta, ja s&#8217;havia resolt&#8221;.<\/p>\n\n\n\n<p><strong>4.- Ratificaci\u00f3 del recurs de reposici\u00f3 presentat pels regidors del grup municipal del PSC contra l\u2019acord de la JGL del 13\/09\/2021 en relaci\u00f3 amb&nbsp;l\u2019expedient de les obres del poliesportiu municipal<\/strong><\/p>\n\n\n\n<p>S\u2019aprova amb els seg\u00fcents vots<\/p>\n\n\n\n<p>A Favor: Comprom\u00eds amb la Bisbal (6)<\/p>\n\n\n\n<p>En contra: PSC (2) i Units per la Bisbal &#8211; FIC (1)<\/p>\n\n\n\n<p>Abstencions: Ara la Bisbal (1)<\/p>\n\n\n\n<p>S&#8217;ha aprovat ratificar l&#8217;acord de la Junta de Govern del 29 d&#8217;octubre en qu\u00e8 es desestima el recurs de reposici\u00f3 presentat pels regidors del PSC contra l&#8217;acord de la Junta de Govern del 13 de setembre en relaci\u00f3 amb l&#8217;expedient &nbsp;1362\/2019 de les obres del poliesportiu municipal.<\/p>\n\n\n\n<p>Els regidors del PSC van presentar recurs de reposici\u00f3 contra un acord de la Junta de Govern Local del 13 de setembre de 2021: la desestimaci\u00f3 de la sol\u00b7licitud de l&#8217;empresa M y J Gruas per a les obres de la fase 1 del poliesportiu municipal. El PSC sol\u00b7licitava que es penalitz\u00e9s l&#8217;empresa i que es declar\u00e9s la prohibici\u00f3 per a futures contractacions.<\/p>\n\n\n\n<p>L&#8217;Ajuntament de la Bisbal del Pened\u00e8s va notificar l&#8217;empresa que s&#8217;havia interposat aquest recurs de reposici\u00f3 perqu\u00e8 present\u00e9s al\u00b7legacions si ho considerava necessari i, a l&#8217;octubre, en va presentar.<\/p>\n\n\n\n<p>La Junta de govern del 29 d&#8217;octubre va aprovar desestimar el recurs de reposici\u00f3 presentat pels regidors del PSC, on demanaven que es penalitz\u00e9s l&#8217;empresa i que se li prohib\u00eds treballar per a l&#8217;Ajuntament de la Bisbal del Pened\u00e8s en futures obres. Els motius que es van al\u00b7legar a la Junta de govern per desestimar l&#8217;esmentat recurs, van ser:<\/p>\n\n\n\n<p>&#8220;Primer: el termini m\u00e0xim per formalitzar el contracte (segons la llei de contractes del sector p\u00fablic) entre l&#8217;Ajuntament i l&#8217;empresa era de 15 dies h\u00e0bils despr\u00e9s de notificar l&#8217;empresa. Del 12 d&#8217;abril (quan es van adjudicar les obres) fins al 27 d&#8217;agost (quan es va requerir a l&#8217;empresa que sign\u00e9s el contracte), van passar m\u00e9s de 15 dies.<\/p>\n\n\n\n<p>El retard des de l&#8217;abril que s&#8217;adjudica, fins a l&#8217;agost que se li requereix la signatura, va ser produ\u00eft per la presentaci\u00f3 del recurs de reposici\u00f3 per part dels regidors del PSC, Units per la Bisbal i ERC i el posterior contenci\u00f3s pels regidors del PSC.<\/p>\n\n\n\n<p>No es podia signar el contracte fins que no estigu\u00e9s resolt el recurs de reposici\u00f3 i s&#8217;haguessin resolt les mesures cautelars.<\/p>\n\n\n\n<p>Com que aquest retard no va ser culpa de l&#8217;empresa, no se li poden aplicar penalitats ni prohibir que participi en futures licitacions.<\/p>\n\n\n\n<p>Segon: l&#8217;empresa podia retirar la seva oferta perqu\u00e8 havien passat m\u00e9s de dos mesos des de l&#8217;obertura del sobre &#8220;A&#8221; de la licitaci\u00f3 (febrer) i l&#8217;adjudicaci\u00f3 del contracte&#8221;.<\/p>\n\n\n\n<p><strong>5.- Pla estrat\u00e8gic de subvencions 2022<\/strong><\/p>\n\n\n\n<p>S\u2019aprova amb els seg\u00fcents vots:<\/p>\n\n\n\n<p>A Favor: Comprom\u00eds amb la Bisbal (6)<\/p>\n\n\n\n<p>En contra: Ara la Bisbal (1)<\/p>\n\n\n\n<p>Abstencions: PSC (2) i Units per la Bisbal-FIC (1)<\/p>\n\n\n\n<p><strong>Enlla\u00e7 a la publicaci\u00f3 al portal de Transpar\u00e8ncia: <a href=\"https:\/\/bisbalpenedes.eadministracio.cat\/board\">https:\/\/bisbalpenedes.eadministracio.cat\/board<\/a><\/strong><\/p>\n\n\n\n<p>El Pla estrat\u00e8gic de subvencions per al 2022 contempla un import de 171.750\u20ac en subvencions per concedir a persones o entitats privades amb la finalitat de fomentar la realitzaci\u00f3 d\u2019activitats d\u2019utilitat p\u00fablica o d\u2019inter\u00e8s local.<\/p>\n\n\n\n<p>Els plans estrat\u00e8gics de subvencions es basen en l\u2019article 8 de la Llei 38\/2003 General de Subvencions, de 17 de novembre, on es disposa que les administracions que estableixin subvencions han de concretar en un Pla estrat\u00e8gic de subvencions els objectius i els efectes que es pretenen amb cadascuna de les subvencions, els costos previsibles, les fonts de finan\u00e7ament i el fet que sempre es compleixin els objectius d\u2019estabilitat pressupost\u00e0ria. El Pla detalla, per cada subvenci\u00f3, el cost previsible, la modalitat de concessi\u00f3, la descripci\u00f3, els objectius, els destinataris i l\u2019aplicaci\u00f3 pressupost\u00e0ria.<\/p>\n\n\n\n<p>El Pla estrat\u00e8gic divideix les subvencions en set \u00e0rees:<\/p>\n\n\n\n<p>Prevenci\u00f3 i extinci\u00f3 d\u2019incendis: 5.000\u20ac<\/p>\n\n\n\n<p>Conveni amb l\u2019ADF Clot de Bou.<\/p>\n\n\n\n<p>Assist\u00e8ncia social prim\u00e0ria: 10.000\u20ac<\/p>\n\n\n\n<p>-Ajuts per a fam\u00edlies vulnerables: 10.000\u20ac<\/p>\n\n\n\n<p>Aquest \u00e9s l\u2019import que es destina a les ajudes econ\u00f2miques d\u2019urg\u00e8ncia social per atendre necessitats puntuals i b\u00e0siques de subsist\u00e8ncia de persones en situaci\u00f3 de vulnerabilitat i exclusi\u00f3 social. S\u00f3n ajuts de concessi\u00f3 directa, pr\u00e8via valoraci\u00f3 de Serveis Socials.<\/p>\n\n\n\n<p>Foment de l\u2019ocupaci\u00f3: 20.000\u20ac<\/p>\n\n\n\n<p>-Subvenci\u00f3 per creaci\u00f3 de llocs de treball: 10.000\u20ac<\/p>\n\n\n\n<p>Subvenci\u00f3 per la creaci\u00f3 de llocs de treball durant el 2021, per part d\u2019empreses ubicades al terme municipal de la Bisbal. \u00c9s una subvenci\u00f3 per concurr\u00e8ncia competitiva, o sigui, que s\u2019aprovar\u00e0 la convocat\u00f2ria.<\/p>\n\n\n\n<p>-Subvenci\u00f3 per a aut\u00f2noms: 10.000\u20ac<\/p>\n\n\n\n<p>Subvenci\u00f3 per als bisbalencs i bisbalenques que s\u2019hagin establert com a aut\u00f2noms durant el 2021. S\u2019aprovar\u00e0 la convocat\u00f2ria.<\/p>\n\n\n\n<p><strong>Ensenyament:<\/strong> 60.500\u20ac<\/p>\n\n\n\n<p>-Subvenci\u00f3 per a l\u2019Escola Ull de Vent: 14.500\u20ac<\/p>\n\n\n\n<p>Subvenci\u00f3 nominativa a l\u2019Escola Ull de Vent de la Bisbal del Pened\u00e8s per al curs 2021\/22 per a material escolar.<\/p>\n\n\n\n<p>-Subvenci\u00f3 a l\u2019AMPA de l\u2019Escola Ull de Vent: 17.000\u20ac<\/p>\n\n\n\n<p>Subvenci\u00f3 nominativa a l\u2019AMPA de l\u2019Escola Ull de Vent per als llibres escolars del curs 2022\/23<\/p>\n\n\n\n<p>-Subvenci\u00f3 per als llibres escolars de l\u2019IES Coster de la Torre: 10.000\u20ac<\/p>\n\n\n\n<p>Subvencions en mat\u00e8ria d\u2019ensenyament per a l\u2019adquisici\u00f3 dels llibres de text de l\u2019institut per al curs 2021\/22.<\/p>\n\n\n\n<p>-Subvenci\u00f3 per al transport escolar del Consell Comarcal: 4.000\u20ac<\/p>\n\n\n\n<p>Subvencions per al servei de transport escolar intramunicipal que presta el Consell Comarcal del Baix Pened\u00e8s per al curs 2021\/22.<\/p>\n\n\n\n<p>-Subvenci\u00f3 per al servei de menjador escolar: 15.000\u20ac<\/p>\n\n\n\n<p>Subvencions en mat\u00e8ria d\u2019ensenyament per al servei de menjador de l\u2019Escola Ull de Vent per al curs 2021\/22.<\/p>\n\n\n\n<p><strong>Promoci\u00f3 Cultural:<\/strong> 48.250\u20ac<\/p>\n\n\n\n<p>-Premis del concurs literari de Sant Jordi 2022: 750\u20ac<\/p>\n\n\n\n<p>-Subvencions per a entitats i associacions 5.000\u20ac<\/p>\n\n\n\n<p>Subvencions per a entitats culturals i associacions de ve\u00efns del municipi destinades al finan\u00e7ament de les activitats que organitzin i de les despeses ordin\u00e0ries que suportin durant l\u2019exercici 2022.<\/p>\n\n\n\n<p>-Convenis amb entitats per al 2022: 42.500\u20ac<\/p>\n\n\n\n<p>Societat Cultural i Recreativa Bisbalenca: 12.000\u20ac<\/p>\n\n\n\n<p>Ball de Diables de la Bisbal del Pened\u00e8s: 15.000\u20ac<\/p>\n\n\n\n<p>Colla Castellera de la Bisbal del Pened\u00e8s (Bous): 11.500\u20ac<\/p>\n\n\n\n<p>Associaci\u00f3 de Cors Antistiana: 4.000\u20ac<\/p>\n\n\n\n<p><strong>Promoci\u00f3 de l\u2019esport<\/strong>: 25.000\u20ac<\/p>\n\n\n\n<p>-Patrocinis esportius: 2.000\u20ac<\/p>\n\n\n\n<p>-Conveni amb Joventut Bisbalenca CF: 23.000\u20ac<\/p>\n\n\n\n<p><strong>Subvencions de natalitat i adopci\u00f3<\/strong><\/p>\n\n\n\n<p>Subvencions per a fam\u00edlies que han tingut o adoptat un\/a fill\/a durant l\u2019any 2021 consistents en un ajut de car\u00e0cter econ\u00f2mic, d\u2019import 100\u20ac, en 10 vals de compra de 10\u20ac cadascun per ser emprats per pagar en els comer\u00e7os adherits a la campanya.<\/p>\n\n\n\n<p><strong>6.- Modificaci\u00f3 de les ordenances relatives a les taxes d\u2019ocupaci\u00f3 de terrenys d\u2019\u00fas p\u00fablic i de s\u00f2l i subsol, per unificar-les i adequar-les a la normativa vigent<\/strong><\/p>\n\n\n\n<p>S\u2019aprova per unanimitat dels assistents.<\/p>\n\n\n\n<p><strong>Enlla\u00e7 a la publicaci\u00f3 al portal de Transpar\u00e8ncia: <a href=\"https:\/\/bisbalpenedes.eadministracio.cat\/board\">https:\/\/bisbalpenedes.eadministracio.cat\/board<\/a><\/strong><\/p>\n\n\n\n<p>S\u2019aprova modificar tres ordenances fiscals per simplificar-les, unificar-les i adequar-les a la normativa vigent. Es tracta de les seg\u00fcents:<\/p>\n\n\n\n<p>Ordenan\u00e7a n\u00fam. 13, reguladora de la taxa per l\u2019ocupaci\u00f3 dels terrenys d\u2019\u00fas p\u00fablic amb parades, barraques i casetes en venda.<\/p>\n\n\n\n<p>Ordenan\u00e7a n\u00fam. 14, reguladora de la taxa per l\u2019entrada de vehicles a trav\u00e9s de la vorera.<\/p>\n\n\n\n<p>Ordenan\u00e7a n\u00fam. 15, reguladora de la taxa per \u00fas privatiu o aprofitament especial del s\u00f2l, subsol o vol a empreses subministradores.<\/p>\n\n\n\n<p>Les tres queden unificades en una ordenan\u00e7a de nova creaci\u00f3: \u201cOrdenan\u00e7a fiscal reguladora de la taxa per ocupaci\u00f3 del s\u00f2l, vol i subsol de la via p\u00fablica\u201d.<\/p>\n\n\n\n<p>Subjectes passius:<\/p>\n\n\n\n<p>-Titulars de llic\u00e8ncies o concessions municipals i aquells que tinguin aprofitament o utilitzaci\u00f3 privativa del domini p\u00fablic local. Amb aquesta modificaci\u00f3 es podr\u00e0 tirar endavant la licitaci\u00f3 del bar del local social de la Miralba.<\/p>\n\n\n\n<p>-Els que sense llic\u00e8ncia o concessi\u00f3 realitzin alguns dels aprofitaments inclosos en l\u2019ordenan\u00e7a.<\/p>\n\n\n\n<p>Quota tribut\u00e0ria:<\/p>\n\n\n\n<p>-Empreses explotadores de serveis de subministrament: taxa de l&#8217;1,5% dels ingressos bruts de la facturaci\u00f3 que obtinguin anualment, dins el terme municipal.<\/p>\n\n\n\n<p>-Per ocupaci\u00f3 del s\u00f2l:<\/p>\n\n\n\n<p>Parades de mercat setmana, casetes de venda i atraccions, per m2:<\/p>\n\n\n\n<p>0,19\u20ac\/dia (era 53 ptes &#8211; 0,31\u20ac\/dia)<\/p>\n\n\n\n<p>Guals: quota de 22\u20ac\/any (el mateix preu)<\/p>\n\n\n\n<p>Punts de rec\u00e0rrega de cotxes el\u00e8ctrics per m2: 69,20\u20ac\/any (nou)<\/p>\n\n\n\n<p>M\u00e0quina de venda autom\u00e0tica de qualsevol producte, per unitat: 69,20\u20ac\/any<\/p>\n\n\n\n<p>-Per ocupaci\u00f3 del subsol:<\/p>\n\n\n\n<p>L\u00ednies el\u00e8ctriques subterr\u00e0nies, cables conductors, canonades per a la conducci\u00f3 de gasos o l\u00edquids, per metre lineal: 581,28\u20ac\/any (abans 1,5%).<\/p>\n\n\n\n<p><strong>7.- Reglament de funcionament dels habitatges de lloguer social municipal<\/strong><\/p>\n\n\n\n<p>S\u2019aprova amb els seg\u00fcents vots<\/p>\n\n\n\n<p>A Favor: Comprom\u00eds amb la Bisbal (6) i PSC (2)<\/p>\n\n\n\n<p>En contra: Ara la Bisbal (1)<\/p>\n\n\n\n<p>Abstencions: Units per la Bisbal-FIC (1)<\/p>\n\n\n\n<p><strong>Enlla\u00e7 a la publicaci\u00f3 al portal de Transpar\u00e8ncia: <a href=\"https:\/\/bisbalpenedes.eadministracio.cat\/board\">https:\/\/bisbalpenedes.eadministracio.cat\/board<\/a><\/strong><\/p>\n\n\n\n<p>El reglament aprovat s&#8217;ha treballat conjuntament amb serveis socials del Consell Comarcal del Baix Pened\u00e8s en el marc de les Taules Socials, adaptant el model de reglament de funcionament d&#8217;habitatges socials de qu\u00e8 disposaven. Es tracta d&#8217;un reglament que compleix la normativa vigent tant en l&#8217;\u00e0mbit catal\u00e0 com en l&#8217;estatal.<\/p>\n\n\n\n<p>L&#8217;Ajuntament ha reformat les antigues cases dels mestres perqu\u00e8 puguin ser usades com a habitatges de lloguer social i cobrir aix\u00ed, de manera temporal, les necessitats de les persones del municipi en situaci\u00f3 d&#8217;exclusi\u00f3 social o residencial per motius econ\u00f2mics. Aix\u00ed, es tracta d&#8217;uns habitatges destinats a persones o unitats familiars en situaci\u00f3 de vulnerabilitat social, per un termini d&#8217;entre un i dos anys, prorrogable fins a un m\u00e0xim de sis anys. Durant el temps que la persona o la fam\u00edlia estigui en l&#8217;esmentat habitatge, se li far\u00e0 un seguiment des de serveis socials i des del SOM Bisbal per vetllar per la millora laboral i amb l&#8217;objectiu tamb\u00e9 de trobar un altre habitatge, despr\u00e9s d&#8217;aquest lloguer.<\/p>\n\n\n\n<p>Els principals requisits d&#8217;acc\u00e9s, seran:<\/p>\n\n\n\n<p>-Unitat familiar d&#8217;un m\u00e0xim de 4 persones, ja que les cases no superen els 80m2 constru\u00efts.<\/p>\n\n\n\n<p>-Nacionalitat espanyola, d&#8217;un pa\u00eds membre de la Uni\u00f3 Europea o perm\u00eds de resid\u00e8ncia vigent si es tracta d&#8217;altres pa\u00efsos.<\/p>\n\n\n\n<p>-La persona sol\u00b7licitant ha de ser major d&#8217;edat o ser menor emancipat.<\/p>\n\n\n\n<p>-Estar empadronats a la Bisbal com a m\u00ednim dos anys abans de la sol\u00b7licitud i amb informe favorable dels serveis socials municipals.<\/p>\n\n\n\n<p>-Les fam\u00edlies han de disposar d&#8217;uns ingressos mensuals m\u00ednims iguals o superiors al 47% de l&#8217;\u00cdndex de Renda de Sufici\u00e8ncia de Catalunya (IRSC) per a poder fer front als pagaments mensuals (lloguer, llum, aigua&#8230;)<\/p>\n\n\n\n<p>-Els ingressos de la unitat familiar no poden ser superiors a 2,33 vegades l&#8217;IRSC<\/p>\n\n\n\n<p>-La unitat familiar no pot ser propiet\u00e0ria de cap altre habitatge ni b\u00e9 immoble.<\/p>\n\n\n\n<p>-No haver renunciat a l&#8217;adjudicaci\u00f3 d&#8217;un habitatge d&#8217;inclusi\u00f3 social en el darrer any.<\/p>\n\n\n\n<p>Preu del lloguer social:<\/p>\n\n\n\n<p>Els preus del lloguer es fixaran des de l&#8217;Ajuntament, tenint com a refer\u00e8ncia els preus oficials que estableix l&#8217;ag\u00e8ncia de l&#8217;habitatge de Catalunya segons les caracter\u00edstiques de l&#8217;habitatge, la zona i l&#8217;any. El lloguer no podr\u00e0 superar el 30% dels ingressos mensuals nets de la persona o unitat familiar.<\/p>\n\n\n\n<p>Despeses associades a l&#8217;\u00fas de l&#8217;habitatge<\/p>\n\n\n\n<p>Les persones i unitats familiars s&#8217;han de fer c\u00e0rrec dels subministraments (aigua i electricitat) i del rebut d&#8217;escombraries.<\/p>\n\n\n\n<p><strong>8.- Pla local de joventut 2021\/24<\/strong><\/p>\n\n\n\n<p>S\u2019aprova per unanimitat dels assistents.<\/p>\n\n\n\n<p><strong>Enlla\u00e7 a la publicaci\u00f3 al portal de Transpar\u00e8ncia: <a href=\"https:\/\/bisbalpenedes.eadministracio.cat\/board\">https:\/\/bisbalpenedes.eadministracio.cat\/board<\/a><\/strong><\/p>\n\n\n\n<p>El ple ha aprovat el Pla local de Joventut 2021\/2024&nbsp; elaborat des de la Regidoria de Joventut i Jove Baix Pened\u00e8s del Consell Comarcal del Baix Pened\u00e8s, que es fonamenta a trav\u00e9s dels seg\u00fcents objectius:<\/p>\n\n\n\n<p>-Reobrir &#8220;La Cova Jove&#8221; i el seu Punt d&#8217;Informaci\u00f3 Juvenil (PIJ) com a espai propi i de refer\u00e8ncia per als joves.<\/p>\n\n\n\n<p>-Oferir cursos municipals per als joves, perqu\u00e8 puguin cobrir les seves necessitats al municipi<\/p>\n\n\n\n<p>-Facilitar la realitzaci\u00f3 del projecte vital dels joves<\/p>\n\n\n\n<p>-Fomentar la participaci\u00f3 juvenil al municipi<\/p>\n\n\n\n<p>-Treballar en l&#8217;\u00e0mbit social.<\/p>\n\n\n\n<p>El Pla local s&#8217;eleva al Ple despr\u00e9s d&#8217;haver fet una consulta p\u00fablica en l\u00ednia per recollir propostes del jovent i treballa en tres eixos principals: transici\u00f3 juvenil, empoderament i interlocuci\u00f3, a partir dels quals es vehiculen els projectes espec\u00edfics de formaci\u00f3, ocupaci\u00f3, participaci\u00f3, associacionisme, comunicaci\u00f3, habitatge, etc. I, d&#8217;aqu\u00ed, pengen les accions que s&#8217;aniran concretant cada any, amb la participaci\u00f3 dels joves.<\/p>\n\n\n\n<h2><strong>PART DE CONTROL<\/strong><strong><\/strong><\/h2>\n\n\n\n<p><strong>9. Execuci\u00f3 del pressupost del tercer trimestre del 2021<\/strong><\/p>\n\n\n\n<p>Es dona compte de l&#8217;execuci\u00f3 del pressupost del tercer trimestre de 2021 i del per\u00edode mitj\u00e0 de pagament del tercer trimestre de 2021.<\/p>\n\n\n\n<p>S&#8217;ha complert amb l&#8217;obligaci\u00f3 de remissi\u00f3 telem\u00e0tica de la informaci\u00f3 relativa a l&#8217;execuci\u00f3 trimestral del pressupost de la Corporaci\u00f3 corresponent al tercer trimestre de 2021, que es va enviar al Ministeri d&#8217;Hisenda i Administracions P\u00fabliques (MINIHAP) el 28\/10\/2021.<\/p>\n\n\n\n<p><strong><br>10.Per\u00edode mig de pagament del tercer trimestre 2021<\/strong><\/p>\n\n\n\n<p>L&#8217;Ajuntament compleix amb el per\u00edode mitj\u00e0 de pagament a prove\u00efdors per al tercer trimestre de 2021, essent de 17,68 dies (el m\u00e0xim legal s\u00f3n 30 dies).<\/p>\n\n\n\n<p><strong><br>11.Donar compte dels Decrets d\u2019Alcaldia<\/strong><\/p>\n\n\n\n<p>Es dona compte al Ple dels Decrets d&#8217;Alcaldia.<\/p>\n\n\n\n<p><strong><br>12.Donar compte de les Juntes de Govern Local<\/strong><\/p>\n\n\n\n<p>Es dona compte al Ple dels acords de la Junta de Govern Local.<\/p>\n\n\n\n<p><strong><br>13.Moci\u00f3 presentada pel grup municipal Ara La Bisbal sol\u00b7licitant l\u2019ampliaci\u00f3 del personal de la brigada municipal<\/strong><\/p>\n\n\n\n<p>No s\u2019aprova amb els seg\u00fcents vots<\/p>\n\n\n\n<p>A Favor: PSC (2), Units per la Bisbal-FIC (1) i Ara la Bisbal (1)<\/p>\n\n\n\n<p>En contra: Comprom\u00eds amb la Bisbal (6)<\/p>\n\n\n\n<p>Abstencions: &#8211;<\/p>\n\n\n\n<p>El grup municipal Ara La Bisbal sol\u00b7licitava &#8220;l&#8217;aprovaci\u00f3 de l&#8217;ampliaci\u00f3 de personal de brigada municipal, amb car\u00e0cter urgent i temporal, per a la realitzaci\u00f3 de totes les tasques de neteja d&#8217;espais municipals, neteja de carrers i voreres, sanejaments, reparacions, enllumenat p\u00fablic i jardineria a tot el municipi, sense excepcions&#8221;. Amb aquesta moci\u00f3, es demanava &#8220;declarar l&#8217;excepcionalitat i urg\u00e8ncia&#8221; de contractacions urgents &#8220;tenint en compte que les borses de treball vigents de peons per a la brigada tenen com a objectiu cobrir vacants, substitucions i qualsevol altra conting\u00e8ncia (per exemple, una necessitat sobrevinguda o acumulaci\u00f3 de tasques)&#8221; i se sol\u00b7licitava &#8220;la dotaci\u00f3 pressupost\u00e0ria de rigor per ser inclosa als pressupostos de 2022 per a la contractaci\u00f3 de car\u00e0cter urgent i temporal, d&#8217;almenys 8 persones per refor\u00e7ar els serveis de personal de brigada amb la finalitat de realitzar totes les tasques de neteja, sanejament i reparacions d&#8217;espais i mobiliari p\u00fablics de tot el municipi, sense excepci\u00f3, ni oblit de cap barri de la Bisbal&#8221;.<\/p>\n\n\n\n<p><strong><br>14.Moci\u00f3 presentada pel grup municipal Ara La Bisbal per incloure la gratu\u00eftat del transport urb\u00e0 i interurb\u00e0 per a discapacitats<\/strong><\/p>\n\n\n\n<p>S\u2019aprova per unanimitat dels assistents.<\/p>\n\n\n\n<p>El grup municipal Ara la Bisbal sol\u00b7licitava &#8220;l&#8217;aprovaci\u00f3 de la gratu\u00eftat del transport urb\u00e0 i interurb\u00e0 per als bisbalencs amb discapacitat superior al 33% i correcci\u00f3 de les ordenances fiscals corresponents&#8221;. Mitjan\u00e7ant aquesta moci\u00f3 se sol\u00b7licitava &#8220;la modificaci\u00f3 de l&#8217;ordenan\u00e7a fiscal n\u00fam. 16 i els seus articles 5 i 6, regulant la taxa del servei del transport urb\u00e0&#8221; amb la finalitat de &#8220;garantir la igualtat entre les persones, la integraci\u00f3 i la igualtat d&#8217;oportunitats de les persones amb discapacitat en les seves activitats quotidianes&#8221;.<\/p>\n\n\n\n<p><strong><br>15.Moci\u00f3 presentada pel grup municipal Ara La Bisbal sol\u00b7licitant la<br>gratu\u00eftat del transport urb\u00e0-discapacitats, aturats, jubilats i estudiants IES<\/strong><\/p>\n\n\n\n<p>No s\u2019aprova amb els seg\u00fcents vots<\/p>\n\n\n\n<p>A Favor: PSC (2), Units per la Bisbal-FIC (1) i Ara la Bisbal (1)<\/p>\n\n\n\n<p>En contra: Comprom\u00eds per la Bisbal (6)<\/p>\n\n\n\n<p>Abstencions: &#8212;<\/p>\n\n\n\n<p>El grup municipal Ara la Bisbal sol\u00b7licitava &#8220;l&#8217;aprovaci\u00f3 de la gratu\u00eftat del transport urb\u00e0 a la Bisbal del Pened\u00e8s, per a estudiants de l&#8217;IES Coster de la Torre residents a les urbanitzacions, per a pensionistes majors de 65 anys i aturats de llarga durada que cobrin subsidi social m\u00ednim i per a les persones discapacitades amb un grau superior o igual al 33%&#8221; ja que Ara la Bisbal defensa que, &#8220;la gratu\u00eftat del transport urb\u00e0 significaria una participaci\u00f3 molt important per a l&#8217;impuls econ\u00f2mic del comer\u00e7 local i permetria donar m\u00e9s vida al nostre municipi en general, tots tan necessaris&#8221;. La moci\u00f3 sol\u00b7licitava:<\/p>\n\n\n\n<p>&#8220;-La gratu\u00eftat del bus urb\u00e0 per als estudiants bisbalencs matriculats a l&#8217;IES Coster de la Torre i residents a les urbanitzacions de la Bisbal del Pened\u00e8s.<\/p>\n\n\n\n<p>-La gratu\u00eftat del bus urb\u00e0 per als jubilats majors de 65 anys.<\/p>\n\n\n\n<p>-La gratu\u00eftat del bus urb\u00e0 per als aturats de llarga durada, l&#8217;ingr\u00e9s \u00fanic dels quals sigui l&#8217;ingr\u00e9s m\u00ednim vital, RAI o qualsevol altre subsidi social m\u00ednim i que segueixin sent demandants de feina.<\/p>\n\n\n\n<p>-La gratu\u00eftat del bus urb\u00e0 per a les persones discapacitades, el grau de les quals sigui igual o superior al 33%&#8221;.<\/p>\n\n\n\n<p>Aix\u00ed mateix, se sol\u00b7licitava &#8220;la modificaci\u00f3 de l&#8217;Ordenan\u00e7a Fiscal n\u00fam. 16, concretament en el seu article 6, afegint &#8216;gratu\u00eftat del transport urb\u00e0 per als 4 col\u00b7lectius anteriorment esmentats&#8221;.<\/p>\n\n\n\n<p><strong>PRECS I PREGUNTES<\/strong><\/p>\n\n\n\n<hr class=\"wp-block-separator\"\/>\n\n\n\n<p><strong>CASTELLANO<\/strong> |\u00a0Este martes 21 de diciembre, a las 18h, ha tenido lugar el Pleno ordinario del Ayuntamiento de la Bisbal del Pened\u00e8s que corresponde a este trimestre. El Pleno se ha celebrado de forma presencial y el p\u00fablico pod\u00eda acceder con mascarilla y respetando todas las medidas por la COVID-19.<\/p>\n\n\n\n<p>Posteriormente, se ha publicado el video de la sesi\u00f3n, que pod\u00e9is ver aqu\u00ed: <\/p>\n\n\n\n<figure class=\"wp-block-embed is-type-video is-provider-youtube wp-block-embed-youtube wp-embed-aspect-16-9 wp-has-aspect-ratio\"><div class=\"wp-block-embed__wrapper\">\n<iframe loading=\"lazy\" title=\"Ajuntament de la Bisbal del Pened\u00e8s. Ple ordinari de 21 de desembre de 2021\" width=\"1170\" height=\"658\" src=\"https:\/\/www.youtube.com\/embed\/EsiCOMuY2cc?feature=oembed\" frameborder=\"0\" allow=\"accelerometer; autoplay; clipboard-write; encrypted-media; gyroscope; picture-in-picture\" allowfullscreen><\/iframe>\n<\/div><\/figure>\n\n\n\n<p>Al inicio del pleno se ha excusado la asistencia de la regidora S\u00edlvia Monfort (ERC-AM).<\/p>\n\n\n\n<p>Al Pleno, se han tratado los siguientes puntos:<\/p>\n\n\n\n<h2>PARTE RESOLUTIVA<\/h2>\n\n\n\n<p><strong>1.- Aprobaci\u00f3n del acta del pleno ordinario del 20 de septiembre<\/strong><\/p>\n\n\n\n<p>Se ha aprobado por unanimidad de los asistentes.<\/p>\n\n\n\n<p><strong>2.- Aprobaci\u00f3n del acta del pleno extraordinario del 29 de noviembre<\/strong><\/p>\n\n\n\n<p>Se ha aprobado por unanimidad de los asistentes.<\/p>\n\n\n\n<p><strong>3.- Ratificaci\u00f3n del acuerdo de la Junta de Gobierno del 2 de agosto, donde se inadmite el recurso de reposici\u00f3n presentado por PSC, Units-FIC y ERC contra la adjudicaci\u00f3n de las obras de remodelaci\u00f3n del polideportivo municipal<\/strong><\/p>\n\n\n\n<p>Se aprueba con los siguientes votos<\/p>\n\n\n\n<p>A favor: Comprom\u00eds amb la Bisbal (6)<\/p>\n\n\n\n<p>En contra: PSC (2) y UNITS per la Bisbal-FIC (1)<\/p>\n\n\n\n<p>Abstenciones: Ara la Bisbal (1)<\/p>\n\n\n\n<p>El Pleno ratifica el acuerdo de la Junta de Gobierno donde se inadmite el recurso de reposici\u00f3n del PSC, Units per la Bisbal y ERC-AM contra la adjudicaci\u00f3n de las obras de remodelaci\u00f3n del pabell\u00f3n polideportivo y la construcci\u00f3n del edificio anexo destinado a vestuarios, presentado por &nbsp;concejales del PSC, el concejal de Units per la Bisbal y la concejala de ERC que, el 22 de abril de 2021, presentaron un recurso de reposici\u00f3n contra el acuerdo de la Junta de Gobierno del 12 de abril de 2021 en que se adjudicaban las obras del polideportivo municipal de la fase 1.<\/p>\n\n\n\n<p>Este recurso de reposici\u00f3n inclu\u00eda 3 puntos: un error en el plazo de ejecuci\u00f3n de las obras; la forma de computar las bajas consideradas anormales; y la carencia de disponibilidad total de los terrenos para hacer obras.<\/p>\n\n\n\n<p>Seg\u00fan la alcaldesa de la Bisbal del Pened\u00e8s, Agn\u00e8s Ferr\u00e9, &#8220;el error en el plazo de ejecuci\u00f3n de las obras era un error de transcripci\u00f3n y las empresas no lo tuvieron en cuenta, no tuvimos ning\u00fan problema con esto; en cuanto a la forma de computar las bajas anormales en los precios, tampoco hemos tenido ning\u00fan problema, se calcul\u00f3 siguiendo la normativa y ninguna empresa ha alegado que estuviera mal calculado; y en cuanto a la carencia de disponibilidad total de los terrenos para hacer las obras, el ayuntamiento lo resolvi\u00f3 de la siguiente manera: hicimos un levantamiento de acta de replanteo en el mes de junio, firmada por los redactores del proyecto y por la direcci\u00f3n de la obra, junto con una acta notarial&#8221;. Ferr\u00e9 ha a\u00f1adido que &#8220;el informe de los servicios t\u00e9cnicos municipales concluye que s\u00ed que hay disponibilidad total de los terrenos para hacer las obras, que no est\u00e1n dentro del convenio con la entidad la parte donde se hace la reforma del pabell\u00f3n y donde se construyen los vestuarios&#8221;.<\/p>\n\n\n\n<p>Sin embargo, &#8220;el 17 de junio de 2021, los concejales del PSC presentaron un contencioso-administrativo sobre este mismo asunto, solicitando medidas cautelares para que no empezaran las obras hasta que se resolviera el contencioso. A principios de julio el Juzgado del Contencioso-Administrativo no acept\u00f3 las medidas cautelares que solicitaban los regidores del PSC. Por todo ello, en agosto aprobamos, a la Junta de Gobierno, inadmitir el recurso de reposici\u00f3n que presentaron los concejales del PSC, el concejal de Units per la Bisbal-FIC y la concejala de ERC contra la adjudicaci\u00f3n de las obras de la fase 1 del polideportivo municipal&#8221;.<\/p>\n\n\n\n<p>Los motivos que se alegaban para desestimar el recurso eran los siguientes:<\/p>\n\n\n\n<p>&#8220;Primero: El recurso de reposici\u00f3n quer\u00eda impugnar una resoluci\u00f3n del concurso, pero lo que impugna son las bases del concurso p\u00fablico. Bases que estaban aprobadas definitivamente y, por lo tanto, ahora no se pod\u00edan impugnar.<\/p>\n\n\n\n<p>Segundo. Los concejales y concejalas tienen legitimidad para presentar recursos de reposici\u00f3n contra los acuerdos de los \u00f3rganos de gobierno, pero tienen que acreditar el inter\u00e9s por el cual lo presentan (si son parte afectada, si defienden los intereses colectivos&#8230;). En este caso no acreditan, y no queda claro qu\u00e9 inter\u00e9s podr\u00edan acreditar en el acuerdo de resoluci\u00f3n de un concurso p\u00fablico donde las empresas que se han presentado son las que tienen inter\u00e9s.<\/p>\n\n\n\n<p>Tercero: Cuando dicen que hay un error en el plazo fue porque, en el anuncio de la licitaci\u00f3n se puso un plazo de 12 a\u00f1os y 6 meses en vez de 18 meses. Es un error material sin relevancia, que no supuso ning\u00fan problema para ninguna de las 10 empresas que se presentaron.<\/p>\n\n\n\n<p>Cuarto: Cuando dicen que no es correcta la manera de computar las bajas de las empresas que se presentan, tampoco supuso ning\u00fan problema por parte de las empresas presentadas.<\/p>\n\n\n\n<p>Quinto: Cuando dicen que no se pod\u00edan empezar las obras porque no hab\u00eda el acta de comprobaci\u00f3n, como que se hizo el acta, ya se hab\u00eda resuelto&#8221;.<\/p>\n\n\n\n<p><strong>4.- Ratificaci\u00f3n del recurso de reposici\u00f3n presentado por los concejales del grupo municipal del PSC contra el acuerdo de la JGL del 13\/09\/2021 en relaci\u00f3n con el expediente de las obras del polideportivo municipal<\/strong><\/p>\n\n\n\n<p>Se aprueba con los siguientes votos<\/p>\n\n\n\n<p>A favor: Comprom\u00eds amb la Bisbal (6)<\/p>\n\n\n\n<p>En contra: PSC (2) y Units per la Bisbal &#8211; FIC (1)<\/p>\n\n\n\n<p>Abstenciones: Ara la Bisbal (1)<\/p>\n\n\n\n<p>Se ha aprobado ratificar el acuerdo de la Junta de Gobierno del 29 de octubre en que se desestima el recurso de reposici\u00f3n presentado por los concejales del PSC contra el acuerdo de la Junta de Gobierno del 13 de septiembre en relaci\u00f3n con el expediente 1362\/2019 de las obras del polideportivo municipal.<\/p>\n\n\n\n<p>Los concejales del PSC presentaron recurso de reposici\u00f3n contra un acuerdo de la Junta de Gobierno Local del 13 de septiembre de 2021: la desestimaci\u00f3n de la solicitud de la empresa M y J Gruas para las obras de la fase 1 del polideportivo municipal. El PSC solicitaba que se penalizara a la empresa y que se declarara la prohibici\u00f3n para futuras contrataciones.<\/p>\n\n\n\n<p>El Ayuntamiento de la Bisbal del Pened\u00e8s notific\u00f3 a la empresa que se hab\u00eda interpuesto este recurso de reposici\u00f3n para que presentara alegaciones si lo consideraba necesario y, en octubre, present\u00f3.<\/p>\n\n\n\n<p>La Junta de gobierno del 29 de octubre aprob\u00f3 desestimar el recurso de reposici\u00f3n presentado por los regidores del PSC, donde ped\u00edan que se penalizara la empresa y que se le prohibiera trabajar para el Ayuntamiento de la Bisbal del Pened\u00e8s en futuras obras. Los motivos que se alegaron a la Junta de gobierno para desestimar el mencionado recurso, fueron:<\/p>\n\n\n\n<p>&#8220;Primero: el plazo m\u00e1ximo para formalizar el contrato (seg\u00fan la ley de contratos del sector p\u00fablico) entre el Ayuntamiento y la empresa era de 15 d\u00edas h\u00e1biles despu\u00e9s de notificar a la empresa. Del 12 de abril (cuando se adjudicaron las obras) hasta el 27 de agosto (cuando se requiri\u00f3 a la empresa que firmara el contrato), pasaron m\u00e1s de 15 d\u00edas.<\/p>\n\n\n\n<p>El retraso desde abril que se adjudica, hasta agosto que se le requiere la firma, fue producido por la presentaci\u00f3n del recurso de reposici\u00f3n por parte de los regidores del PSC, Units per la Bisbal y ERC y el posterior contencioso por los concejales del PSC.<\/p>\n\n\n\n<p>No se pod\u00eda firmar el contrato hasta que no estuviera resuelto el recurso de reposici\u00f3n y se hubieran resuelto las medidas cautelares.<\/p>\n\n\n\n<p>Como que este retraso no fue culpa de la empresa, no se le pueden aplicar penalidades ni prohibir que participe en futuras licitaciones.<\/p>\n\n\n\n<p>Segundo: la empresa pod\u00eda retirar su oferta porque hab\u00edan pasado m\u00e1s de dos meses desde la apertura del sobre &#8220;A&#8221; de la licitaci\u00f3n (febrero) y la adjudicaci\u00f3n del contrato&#8221;.<\/p>\n\n\n\n<p><strong>5.- Plan estrat\u00e9gico de subvenciones 2022<\/strong><\/p>\n\n\n\n<p>Se aprueba con los siguientes votos<\/p>\n\n\n\n<p>A favor: Comprom\u00eds amb la Bisbal (6)<\/p>\n\n\n\n<p>En contra: Ara la Bisbal (1)<\/p>\n\n\n\n<p>Abstenciones: PSC (2) y Units per la Bisbal-FIC (1<\/p>\n\n\n\n<p><strong>Enlace a la publicaci\u00f3n en el portal de Transparencia: <a href=\"https:\/\/bisbalpenedes.eadministracio.cat\/board\">https:\/\/bisbalpenedes.eadministracio.cat\/board<\/a><\/strong><\/p>\n\n\n\n<p>El Plan estrat\u00e9gico de subvenciones para el 2022 contempla un importe de 171.750\u20ac en subvenciones para conceder a personas o entidades privadas con el fin de fomentar la realizaci\u00f3n de actividades de utilidad p\u00fablica o de inter\u00e9s local.<\/p>\n\n\n\n<p>Los planes estrat\u00e9gicos de subvenciones se basan en el art\u00edculo 8 de la Ley 38\/2003 General de Subvenciones, de 17 de noviembre, donde se dispone que las administraciones que establezcan subvenciones tienen que concretar en un Plan estrat\u00e9gico de subvenciones los objetivos y los efectos que se pretenden con cada una de las subvenciones, los costes previsibles, las fuentes de financiaci\u00f3n y el hecho de que siempre se cumplan los objetivos de estabilidad presupuestaria. El Plan detalla, para cada subvenci\u00f3n, el coste previsible, la modalidad de concesi\u00f3n, la descripci\u00f3n, los objetivos, los destinatarios y la aplicaci\u00f3n presupuestaria.<\/p>\n\n\n\n<p>El Plan estrat\u00e9gico divide las subvenciones en siete \u00e1reas:<\/p>\n\n\n\n<p>Prevenci\u00f3n y extinci\u00f3n de incendios: 5.000\u20ac<\/p>\n\n\n\n<p>Convenio con el ADF Clot de Bou.<\/p>\n\n\n\n<p>Asistencia social primaria: 10.000\u20ac<\/p>\n\n\n\n<p>-Ayudas para familias vulnerables: 10.000\u20ac<\/p>\n\n\n\n<p>Este es el importe que se destina a las ayudas econ\u00f3micas de urgencia social para atender necesidades puntuales y b\u00e1sicas de subsistencia de personas en situaci\u00f3n de vulnerabilidad y exclusi\u00f3n social. Son ayudas de concesi\u00f3n directa, previa valoraci\u00f3n de Servicios Sociales.<\/p>\n\n\n\n<p>Fomento de la ocupaci\u00f3n: 20.000\u20ac<\/p>\n\n\n\n<p>-Subvenci\u00f3n por creaci\u00f3n de puestos de trabajo: 10.000\u20ac<\/p>\n\n\n\n<p>Subvenci\u00f3n por la creaci\u00f3n de puestos de trabajo durante el 2021, por parte de empresas ubicadas al t\u00e9rmino municipal de la Bisbal. Es una subvenci\u00f3n por concurrencia competitiva, o sea, que se aprobar\u00e1 la convocatoria.<\/p>\n\n\n\n<p>-Subvenci\u00f3n para aut\u00f3nomos: 10.000\u20ac<\/p>\n\n\n\n<p>Subvenci\u00f3n para los bisbalenses\/as que se hayan establecido como aut\u00f3nomos durante el 2021. Se aprobar\u00e1 la convocatoria.<\/p>\n\n\n\n<p><strong>Educaci\u00f3n:<\/strong> 60.500\u20ac<\/p>\n\n\n\n<p>-Subvenci\u00f3n para la Escola Ull de Vent: 14.500\u20ac<\/p>\n\n\n\n<p>Subvenci\u00f3n nominativa en la Escola Ull de Vent de la Bisbal del Pened\u00e8s para el curso 2021\/22 para material escolar.<\/p>\n\n\n\n<p>-Subvenci\u00f3n en la AMPA de la Escola Ull de Vent: 17.000\u20ac<\/p>\n\n\n\n<p>Subvenci\u00f3n nominativa en la AMPA de la Escola Ull de Vent para los libros escolares del curso 2022\/23<\/p>\n\n\n\n<p>-Subvenci\u00f3n para los libros escolares del IES Coster de la Torre: 10.000\u20ac<\/p>\n\n\n\n<p>Subvenciones en materia de educaci\u00f3n para la adquisici\u00f3n de los libros de texto del instituto para el curso 2021\/22.<\/p>\n\n\n\n<p>-Subvenci\u00f3n para el transporte escolar del Consell Comarcal: 4.000\u20ac<\/p>\n\n\n\n<p>Subvenciones para el servicio de transporte escolar intramunicipal que presta el Consell Comarcal del Baix Pened\u00e8s para el curso 2021\/22.<\/p>\n\n\n\n<p>-Subvenci\u00f3n para el servicio de comedor escolar: 15.000\u20ac<\/p>\n\n\n\n<p>Subvenciones en materia de educaci\u00f3n para el servicio de comedor de la Escola Ull de Vent para el curso 2021\/22.<\/p>\n\n\n\n<p><strong>Promoci\u00f3n Cultural:<\/strong> 48.250\u20ac<\/p>\n\n\n\n<p>-Premios del concurso literario de Sant Jordi 2022: 750\u20ac<\/p>\n\n\n\n<p>-Subvenciones para entidades y asociaciones 5.000\u20ac<\/p>\n\n\n\n<p>Subvenciones para entidades culturales y asociaciones de vecinos del municipio destinadas a la financiaci\u00f3n de las actividades que organicen y de los gastos ordinarios que soporten durante el ejercicio 2022.<\/p>\n\n\n\n<p>-Convenios con entidades para el 2022: 42.500\u20ac<\/p>\n\n\n\n<p>Societat Cultural i Recreativa Bisbalenca: 12.000\u20ac<\/p>\n\n\n\n<p>Ball de Diables de la Bisbal del Pened\u00e8s: 15.000\u20ac<\/p>\n\n\n\n<p>Colla Castellera de la Bisbal del Pened\u00e8s (Bous): 11.500\u20ac<\/p>\n\n\n\n<p>Associaci\u00f3 de Cors Antistiana: 4.000\u20ac<\/p>\n\n\n\n<p><strong>Promoci\u00f3n del deporte:<\/strong> 25.000\u20ac<\/p>\n\n\n\n<p>-Patrocinios deportivos: 2.000\u20ac<\/p>\n\n\n\n<p>-Convenio con Joventut Bisbalenca CF: 23.000\u20ac<\/p>\n\n\n\n<p><strong>Subvenciones de natalidad y adopci\u00f3n<\/strong><\/p>\n\n\n\n<p>Subvenciones para familias que han tenido o adoptado uno\/a hijo\/a durante el a\u00f1o 2021 consistentes en una ayuda de car\u00e1cter econ\u00f3mico, de importe 100\u20ac, en 10 vales de compra de 10\u20ac cada uno para ser empleados para pagar en los comercios adheridos a la campa\u00f1a.<\/p>\n\n\n\n<p><strong>6.- Modificaci\u00f3n de las ordenanzas relativas a las tasas de ocupaci\u00f3n de terrenos de uso p\u00fablico y de suelo y subsuelo, para unificarlas y adecuarlas a la normativa vigente<\/strong><\/p>\n\n\n\n<p>Se aprueba por unanimidad de los asistentes.<\/p>\n\n\n\n<p><strong>Enlace a la publicaci\u00f3n en el portal de Transparencia: <a href=\"https:\/\/bisbalpenedes.eadministracio.cat\/board\">https:\/\/bisbalpenedes.eadministracio.cat\/board<\/a><\/strong><\/p>\n\n\n\n<p>Se aprueba modificar tres ordenanzas fiscales para simplificarlas, unificarlas y adecuarlas a la normativa vigente. Se trata de las siguientes:<\/p>\n\n\n\n<p>Ordenanza n.\u00ba 13, reguladora de la tasa por la ocupaci\u00f3n de los terrenos de uso p\u00fablico con paradas, barracas y casetas en venta.<\/p>\n\n\n\n<p>Ordenanza n.\u00ba 14, reguladora de la tasa por la entrada de veh\u00edculos a trav\u00e9s de la acera.<\/p>\n\n\n\n<p>Ordenanza n.\u00ba 15, reguladora de la tasa por uso privativo o aprovechamiento especial del suelo, subsuelo o vuelo a empresas suministradoras.<\/p>\n\n\n\n<p>Las tres quedan unificadas en una ordenanza de nueva creaci\u00f3n: \u201cOrdenanza fiscal reguladora de la tasa por ocupaci\u00f3n del suelo, vuelo y subsuelo de la v\u00eda p\u00fablica\u201d.<\/p>\n\n\n\n<p>Sujetos pasivos:<\/p>\n\n\n\n<p>-Titulares de licencias o concesiones municipales y aquellos que tengan aprovechamiento o utilizaci\u00f3n privativa del dominio p\u00fablico local. Con esta modificaci\u00f3n se podr\u00e1 sacar adelante la licitaci\u00f3n del bar del local social de la Miralba.<\/p>\n\n\n\n<p>-Los que sin licencia o concesi\u00f3n realicen algunos de los aprovechamientos incluidos en la ordenanza.<\/p>\n\n\n\n<p>Cuota tributaria:<\/p>\n\n\n\n<p>-Empresas explotadoras de servicios de suministro: tasa del 1,5% de los ingresos brutos de la facturaci\u00f3n que obtengan anualmente, dentro del t\u00e9rmino municipal.<\/p>\n\n\n\n<p>-Por ocupaci\u00f3n del suelo:<\/p>\n\n\n\n<p>Paradas de mercado semana, casetas de venta y atracciones, por m\u00b2:<\/p>\n\n\n\n<p>0,19\u20ac\/d\u00eda (era 53 ptas &#8211; 0,31\u20ac\/d\u00eda)<\/p>\n\n\n\n<p>Vados: cuota de 22\u20ac\/a\u00f1o (el mismo precio)<\/p>\n\n\n\n<p>Puntos de recarga de coches el\u00e9ctricos por m\u00b2: 69,20\u20ac\/a\u00f1o (nuevo)<\/p>\n\n\n\n<p>M\u00e1quina de venta autom\u00e1tica de cualquier producto, por unidad: 69,20\u20ac\/a\u00f1o<\/p>\n\n\n\n<p>-Por ocupaci\u00f3n del subsuelo:<\/p>\n\n\n\n<p>Tendidos el\u00e9ctricos subterr\u00e1neos, cables conductores, ca\u00f1er\u00edas para la conducci\u00f3n de gases o l\u00edquidos, por metro lineal: 581,28\u20ac\/a\u00f1o (antes 1,5%).<\/p>\n\n\n\n<p><strong>7.- Reglamento de funcionamiento de las viviendas de alquiler social municipal<\/strong><\/p>\n\n\n\n<p>Se aprueba con los siguientes votos<\/p>\n\n\n\n<p>A favor: Comprom\u00eds amb la Bisbal (6) y PSC (2)<\/p>\n\n\n\n<p>En contra: Ara la Bisbal (1)<\/p>\n\n\n\n<p>Abstenciones: Units per la Bisbal-FIC (1)<\/p>\n\n\n\n<p><strong>Enlace a la publicaci\u00f3n en el portal de Transparencia: <a href=\"https:\/\/bisbalpenedes.eadministracio.cat\/board\">https:\/\/bisbalpenedes.eadministracio.cat\/board<\/a><\/strong><\/p>\n\n\n\n<p>El reglamento aprobado se ha trabajado conjuntamente con servicios sociales del Consell Comarcal del Baix Pened\u00e8s en el marco de las Mesas Sociales, adaptando el modelo de reglamento de funcionamiento de viviendas sociales de que dispon\u00edan. Se trata de un reglamento que cumple la normativa vigente tanto en el \u00e1mbito catal\u00e1n como en el estatal.<\/p>\n\n\n\n<p>El Ayuntamiento ha reformado las antiguas casas de los maestros para que puedan ser usadas como viviendas de alquiler social y cubrir as\u00ed, de manera temporal, las necesidades de las personas del municipio en situaci\u00f3n de exclusi\u00f3n social o residencial por motivos econ\u00f3micos. As\u00ed pues, se trata de unas viviendas destinadas a personas o unidades familiares en situaci\u00f3n de vulnerabilidad social, para un plazo de entre uno y dos a\u00f1os, prorrogable hasta un m\u00e1ximo de seis a\u00f1os. Durante el tiempo que la persona o la familia est\u00e9 en la mencionada vivienda, se le har\u00e1 un seguimiento desde servicios sociales y desde el SOM Bisbal para velar por la mejora laboral y con el objetivo tambi\u00e9n de encontrar otra vivienda, despu\u00e9s de este alquiler.<\/p>\n\n\n\n<p>Los principales requisitos de acceso, ser\u00e1n:<\/p>\n\n\n\n<p>-Unidad familiar de un m\u00e1ximo de 4 personas, puesto que las casas no superan los 80m2 construidos.<\/p>\n\n\n\n<p>-Nacionalidad espa\u00f1ola, de un pa\u00eds miembro de la Uni\u00f3n Europea o permiso de residencia vigente si se trata otros pa\u00edses.<\/p>\n\n\n\n<p>-La persona solicitante tiene que ser mayor de edad o ser menor emancipado.<\/p>\n\n\n\n<p>-Estar empadronados en la Bisbal como m\u00ednimo dos a\u00f1os antes de la solicitud y con informe favorable de los servicios sociales municipales.<\/p>\n\n\n\n<p>-Las familias tienen que disponer de unos ingresos mensuales m\u00ednimos iguales o superiores al 47% del \u00cdndice de Renta de Suficiencia de Catalu\u00f1a (IRSC) para poder hacer frente a los pagos mensuales (alquiler, luz, agua&#8230;)<\/p>\n\n\n\n<p>-Los ingresos de la unidad familiar no pueden ser superiores a 2,33 veces la IRSC<\/p>\n\n\n\n<p>-La unidad familiar no puede ser propietaria de ninguna otra vivienda ni bien inmueble.<\/p>\n\n\n\n<p>-No haber renunciado a la adjudicaci\u00f3n de una vivienda de inclusi\u00f3n social en el \u00faltimo a\u00f1o.<\/p>\n\n\n\n<p>Precio del alquiler social:<\/p>\n\n\n\n<p>Los precios del alquiler se fijar\u00e1n desde el Ayuntamiento, teniendo como referencia los precios oficiales que establece la agencia de la vivienda de Catalunya seg\u00fan las caracter\u00edsticas de la vivienda, la zona y el a\u00f1o. El alquiler no podr\u00e1 superar el 30% de los ingresos mensuales netos de la persona o unidad familiar.<\/p>\n\n\n\n<p>Gastos asociados al uso de la vivienda<\/p>\n\n\n\n<p>Las personas y unidades familiares se tienen que hacer cargo de los suministros (agua y electricidad) y del recibo de basura.<\/p>\n\n\n\n<p><strong>8.- Plan local de juventud 2021\/24<\/strong><\/p>\n\n\n\n<p>Se aprueba por unanimidad de los asistentes.<\/p>\n\n\n\n<p><strong>Enlace a la publicaci\u00f3n en el portal de Transparencia: <a href=\"https:\/\/bisbalpenedes.eadministracio.cat\/board\">https:\/\/bisbalpenedes.eadministracio.cat\/board<\/a><\/strong><\/p>\n\n\n\n<p>El pleno ha aprobado el Plan local de Juventud 2021\/2024 elaborado desde la Concejal\u00eda de Juventud y Jove Baix Pened\u00e8s del Consell Comarcal del Baix Pened\u00e8s, que se fundamenta a trav\u00e9s de los siguientes objetivos:<\/p>\n\n\n\n<p>-Reabrir &#8220;La Cova Jove&#8221; y su Punto de Informaci\u00f3n Juvenil (PIJ) como espacio propio y de referencia para los j\u00f3venes.<\/p>\n\n\n\n<p>-Ofrecer cursos municipales para los j\u00f3venes, para que puedan cubrir sus necesidades en el municipio<\/p>\n\n\n\n<p>-Facilitar la realizaci\u00f3n del proyecto vital de los j\u00f3venes<\/p>\n\n\n\n<p>-Fomentar la participaci\u00f3n juvenil en el municipio<\/p>\n\n\n\n<p>-Trabajar en el \u00e1mbito social.<\/p>\n\n\n\n<p>El Plan local se eleva al Pleno despu\u00e9s de haber hecho una consulta p\u00fablica en l\u00ednea para recoger propuestas de la juventud y trabaja en tres ejes principales: transici\u00f3n juvenil, empoderamiento e interlocuci\u00f3n, a partir de los cuales se vehiculan los proyectos espec\u00edficos de formaci\u00f3n, ocupaci\u00f3n, participaci\u00f3n, asociacionismo, comunicaci\u00f3n, vivienda, etc. Y, de ah\u00ed, cuelgan las acciones que se ir\u00e1n concretando cada a\u00f1o, con la participaci\u00f3n de los j\u00f3venes.<\/p>\n\n\n\n<h2><strong>PARTE DE CONTROL<\/strong><\/h2>\n\n\n\n<p><strong>9. Ejecuci\u00f3n del presupuesto del tercer trimestre del 2021<\/strong><\/p>\n\n\n\n<p>Se da cuenta de la ejecuci\u00f3n del presupuesto del tercer trimestre de 2021 y del periodo medio de pago del tercer trimestre de 2021.<\/p>\n\n\n\n<p>Se ha cumplido con la obligaci\u00f3n de remisi\u00f3n telem\u00e1tica de la informaci\u00f3n relativa a la ejecuci\u00f3n trimestral del presupuesto de la Corporaci\u00f3n correspondiente al tercer trimestre de 2021, que se envi\u00f3 al Ministerio de Hacienda y Administraciones P\u00fablicas (MINIHAP) el 28\/10\/2021.<\/p>\n\n\n\n<p><strong>10.Periodo medio de pago del tercer trimestre 2021<\/strong><\/p>\n\n\n\n<p>El Ayuntamiento cumple con el periodo medio de pago a proveedores para el tercer trimestre de 2021, siendo de 17,68 d\u00edas (el m\u00e1ximo legal son 30 d\u00edas).<\/p>\n\n\n\n<p><strong>11.Dar cuenta de los Decretos de Alcald\u00eda<\/strong><\/p>\n\n\n\n<p>Se da cuenta al Pleno de los Decretos de Alcald\u00eda.<\/p>\n\n\n\n<p><strong>12.Dar cuenta de las Juntas de Gobierno Local<\/strong><\/p>\n\n\n\n<p>Se da cuenta al Pleno de los acuerdos de la Junta de Gobierno Local.<\/p>\n\n\n\n<p><strong>13.Moci\u00f3n presentada por el grupo municipal Ara La Bisbal solicitante la ampliaci\u00f3n del personal de la brigada municipal<\/strong><\/p>\n\n\n\n<p>No se aprueba con los siguientes votos<\/p>\n\n\n\n<p>A favor: PSC (2), Units per la Bisbal-FIC (1) y Ara la Bisbal (1)<\/p>\n\n\n\n<p>En contra: Comprom\u00eds amb la Bisbal (6)<\/p>\n\n\n\n<p>Abstenciones: &#8211;<\/p>\n\n\n\n<p>El grupo municipal Ara La Bisbal solicitaba &#8220;la aprobaci\u00f3n de la ampliaci\u00f3n de personal de brigada municipal, con car\u00e1cter urgente y temporal, para la realizaci\u00f3n de todas las tareas de limpieza de espacios municipales, limpieza de calles y aceras, saneamientos, reparaciones, alumbrado p\u00fablico y jardiner\u00eda en todo el municipio, sin excepciones&#8221;. Con esta moci\u00f3n, se ped\u00eda &#8220;declarar la excepcionalidad y urgencia&#8221; de contrataciones urgentes &#8220;teniendo en cuenta que las bolsas de trabajo vigentes de peones para la brigada tienen como objetivo cubrir vacantes, sustituciones y cualquier otra contingencia (por ejemplo, una necesidad sobrevenida o acumulaci\u00f3n de tareas)&#8221; y se solicitaba &#8220;la dotaci\u00f3n presupuestaria de rigor para ser incluida en los presupuestos de 2022 para la contrataci\u00f3n de car\u00e1cter urgente y temporal, de al menos 8 personas para reforzar los servicios de personal de brigada con el fin de realizar todas las tareas de limpieza, saneamiento y reparaciones de espacios y mobiliario p\u00fablicos de todo el municipio, sin excepci\u00f3n, ni olvido de ning\u00fan barrio de la Bisbal&#8221;.<\/p>\n\n\n\n<p><strong>14.Moci\u00f3n presentada por el grupo municipal Ara La Bisbal para incluir la gratuidad del transporte urbano e interurbano para discapacidades<\/strong><\/p>\n\n\n\n<p>Se aprueba por unanimidad de los asistentes.<\/p>\n\n\n\n<p>El grupo municipal Ara la Bisbal solicitaba &#8220;la aprobaci\u00f3n de la gratuidad del transporte urbano e interurbano para los <em>bisbalencs<\/em> con discapacidad superior al 33% y correcci\u00f3n de las ordenanzas fiscales correspondientes&#8221;. Mediante esta moci\u00f3n se solicitaba &#8220;la modificaci\u00f3n de la ordenanza fiscal n.\u00ba 16 y sus art\u00edculos 5 y 6, regulando la tasa del servicio del transporte urbano&#8221; con el fin de &#8220;garantizar la igualdad entre las personas, la integraci\u00f3n y la igualdad de oportunidades de las personas con discapacidad en sus actividades cotidianas&#8221;.<\/p>\n\n\n\n<p><strong>15.Moci\u00f3n presentada por el grupo municipal Ara La Bisbal solicitante la gratuidad del transporte urbano-discapacidades, parados, jubilados y estudiantes IES<\/strong><\/p>\n\n\n\n<p>No se aprueba con los siguientes votos<\/p>\n\n\n\n<p>A favor: PSC (2), Units per la Bisbal-FIC (1) y Ara la Bisbal (1)<\/p>\n\n\n\n<p>En contra: Comprom\u00eds amb la Bisbal (6)<\/p>\n\n\n\n<p>Abstenciones: &#8212;<\/p>\n\n\n\n<p>El grupo municipal Ara la Bisbal solicitaba &#8220;la aprobaci\u00f3n de la gratuidad del transporte urbano en la Bisbal del Pened\u00e8s, para estudiantes de la IES Coster de la Torre residentes a las urbanizaciones, para pensionistas mayores de 65 a\u00f1os y parados de larga duraci\u00f3n que cobren subsidio social m\u00ednimo y para las personas discapacitadas con un grado superior o igual al 33%&#8221; puesto que Ara la Bisbal defiende que &#8220;la gratuidad del transporte urbano significar\u00eda una participaci\u00f3n muy importante para el impulso econ\u00f3mico del comercio local y permitir\u00eda dar m\u00e1s vida en nuestro municipio en general, todos tan necesarios&#8221;. La moci\u00f3n solicitaba:<\/p>\n\n\n\n<p>&#8220;-La gratuidad del bus urbano para los estudiantes bisbalenses matriculados en el IES Coster de la Torre y residentes en las urbanizaciones de la Bisbal del Pened\u00e8s.<\/p>\n\n\n\n<p>-La gratuidad del bus urbano para los jubilados mayores de 65 a\u00f1os.<\/p>\n\n\n\n<p>-La gratuidad del bus urbano para los parados de larga duraci\u00f3n, cuyo \u00fanico ingreso sea el ingreso m\u00ednimo vital, RAI o cualquier otro subsidio social m\u00ednimo y que sigan siendo demandantes de trabajo.<\/p>\n\n\n\n<p>-La gratuidad del bus urbano para las personas discapacitadas, cuyo grado sea igual o superior al 33%&#8221;.<\/p>\n\n\n\n<p>As\u00ed mismo, se solicitaba &#8220;la modificaci\u00f3n de la Ordenanza Fiscal n.\u00ba 16, concretamente en su art\u00edculo 6, a\u00f1adiendo &#8216;gratuidad del transporte urbano para los 4 colectivos anteriormente mencionados'&#8221;.<\/p>\n\n\n\n<p><strong>RUEGOS Y PREGUNTAS<\/strong><\/p>\n","protected":false},"excerpt":{"rendered":"<p>Aquest dimarts 21 de desembre, a les 18h, ha tingut lloc el Ple ordinari de l\u2019Ajuntament de la Bisbal del Pened\u00e8s corresponent a aquest trimestre. El Ple s\u2019ha celebrat de &hellip; <a href=\"https:\/\/bisbalpenedes.com\/web\/2021\/12\/22\/el-dimarts-21-de-desembre-es-va-celebrar-el-ple-ordinari-de-lajuntament-de-la-bisbal-del-penedes-corresponent-a-aquest-trimestre\/\" class=\"more-link\">Read More<\/a><\/p>\n","protected":false},"author":4,"featured_media":20428,"comment_status":"closed","ping_status":"closed","sticky":false,"template":"","format":"standard","meta":[],"categories":[8,2250],"tags":[2462,4978,4977,4178,4981,4256,4980,139,249,515,4693,4979,102,825],"_links":{"self":[{"href":"https:\/\/bisbalpenedes.com\/web\/wp-json\/wp\/v2\/posts\/20427"}],"collection":[{"href":"https:\/\/bisbalpenedes.com\/web\/wp-json\/wp\/v2\/posts"}],"about":[{"href":"https:\/\/bisbalpenedes.com\/web\/wp-json\/wp\/v2\/types\/post"}],"author":[{"embeddable":true,"href":"https:\/\/bisbalpenedes.com\/web\/wp-json\/wp\/v2\/users\/4"}],"replies":[{"embeddable":true,"href":"https:\/\/bisbalpenedes.com\/web\/wp-json\/wp\/v2\/comments?post=20427"}],"version-history":[{"count":1,"href":"https:\/\/bisbalpenedes.com\/web\/wp-json\/wp\/v2\/posts\/20427\/revisions"}],"predecessor-version":[{"id":20429,"href":"https:\/\/bisbalpenedes.com\/web\/wp-json\/wp\/v2\/posts\/20427\/revisions\/20429"}],"wp:featuredmedia":[{"embeddable":true,"href":"https:\/\/bisbalpenedes.com\/web\/wp-json\/wp\/v2\/media\/20428"}],"wp:attachment":[{"href":"https:\/\/bisbalpenedes.com\/web\/wp-json\/wp\/v2\/media?parent=20427"}],"wp:term":[{"taxonomy":"category","embeddable":true,"href":"https:\/\/bisbalpenedes.com\/web\/wp-json\/wp\/v2\/categories?post=20427"},{"taxonomy":"post_tag","embeddable":true,"href":"https:\/\/bisbalpenedes.com\/web\/wp-json\/wp\/v2\/tags?post=20427"}],"curies":[{"name":"wp","href":"https:\/\/api.w.org\/{rel}","templated":true}]}}