{"id":20412,"date":"2021-12-22T15:16:07","date_gmt":"2021-12-22T13:16:07","guid":{"rendered":"https:\/\/bisbalpenedes.com\/web\/?p=20412"},"modified":"2021-12-22T15:16:07","modified_gmt":"2021-12-22T13:16:07","slug":"aquest-dilluns-20-de-desembre-ha-tingut-lloc-la-mesa-de-negociacio-del-personal-de-lajuntament-de-la-bisbal-del-penedes","status":"publish","type":"post","link":"https:\/\/bisbalpenedes.com\/web\/2021\/12\/22\/aquest-dilluns-20-de-desembre-ha-tingut-lloc-la-mesa-de-negociacio-del-personal-de-lajuntament-de-la-bisbal-del-penedes\/","title":{"rendered":"Aquest dilluns 20 de desembre ha tingut lloc la mesa de negociaci\u00f3 del personal de l\u2019Ajuntament de la Bisbal del Pened\u00e8s"},"content":{"rendered":"\n<p>Aquest dilluns 20 de desembre ha tingut lloc la mesa de negociaci\u00f3 del personal de l\u2019Ajuntament de la Bisbal del Pened\u00e8s. Durant aquesta trobada s\u2019ha parlat del pla d\u2019estabilitzaci\u00f3 de l\u2019ocupaci\u00f3 temporal, l\u2019oferta p\u00fablica d\u2019ocupaci\u00f3 i la previsi\u00f3 de convocat\u00f2ries de processos selectius per a l\u2019any 2022. L\u2019alcaldessa de la Bisbal del Pened\u00e8s, Agn\u00e8s Ferr\u00e9, ha explicat que \u201caquest \u00e9s un tema complex i important i, per aquest motiu, far\u00e9 reunions individuals explicatives passades les festes de Nadal\u201d.<\/p>\n\n\n\n<p>En la reuni\u00f3 s\u2019ha aprovat el calendari laboral del 2022 i tamb\u00e9 s\u2019ha aprovat l\u2019increment retributiu del 2022. Es tracta de la pujada salarial del 2% que preveu el projecte de la Llei de pressupostos generals de l\u2019Estat per al 2022. Aquest increment s\u2019aprova perqu\u00e8 pugui ser aplicat en el moment en qu\u00e8 s\u2019aprovi definitivament la Llei de pressupostos generals de l\u2019Estat.<\/p>\n\n\n\n<p>D\u2019altra banda, s\u2019ha donat compte del reconeixement i pagament dels triennis sol\u00b7licitats pels empleats municipals. Cal recordar que l\u2019abril de 2019 es va aprovar el car\u00e0cter retroactiu del reconeixement de triennis del personal laboral des de l\u2019abril de 2019, pr\u00e8via sol\u00b7licitud de la persona interessada. Aix\u00f2 suposa una millora per al personal laboral, ja que fins a l\u2019abril del 2019 nom\u00e9s cobraven els triennis els treballadors que formaven part del funcionariat. L\u2019import total ascendeix a 35.108,34\u20ac i inclou els endarreriments des de l\u2019abril de 2019 fins a la data per a un total de vint-i-set treballadors laborals que ho han sol\u00b7licitat. Val a dir que el desembre de 2020 es van aprovar i pagar els triennis d\u2019onze treballadors que ho havien sol\u00b7licitat. Est\u00e0 previst que durant la primera quinzena de gener de 2022 s\u2019aprovin i es paguin els triennis de cinc treballadors m\u00e9s.<\/p>\n\n\n\n<p>En la mesa de negociaci\u00f3 tamb\u00e9 s\u2019ha donat compte de la contractaci\u00f3 d\u2019una aplicaci\u00f3 de portal de l\u2019empleat municipal. Aquest servei entrar\u00e0 en funcionament al gener i servir\u00e0 per controlar el fitxatge sense contacte o gestionar les vacances o els permisos, entre altres funcions.<\/p>\n\n\n\n<p>A la mesa de negociaci\u00f3 hi han assistit els representants dels sindicats UGT i CCOO (convocats per l\u2019Ajuntament de la Bisbal del Pened\u00e8s), el representant del sindicat SPL-CME (convidat per la representant del personal laboral), la secret\u00e0ria municipal, el t\u00e8cnic de l\u2019empresa redactora del pla d\u2019estabilitzaci\u00f3 i l\u2019alcaldessa del municipi. La representant del personal laboral ha excusat la seva assist\u00e8ncia.<\/p>\n\n\n\n<p>L\u2019alcaldessa ha convidat els regidors i regidores de l\u2019oposici\u00f3 a una reuni\u00f3 per explicar-los els temes tractats en la mesa de negociaci\u00f3 i tamb\u00e9 ha fet arribar una circular als treballadors i treballadores municipals amb un resum dels temes tractats a la mesa de negociaci\u00f3. A m\u00e9s, ha expressat el seu comprom\u00eds de fer una reuni\u00f3 quan hagin passat les festes de Nadal i reis per explicar-los tots els assumptes tractats amb m\u00e9s concreci\u00f3.<\/p>\n\n\n\n<hr class=\"wp-block-separator\"\/>\n\n\n\n<p><strong>CASTELLANO | <\/strong>Este lunes 20 de diciembre ha tenido lugar la mesa de negociaci\u00f3n del personal del Ayuntamiento de la Bisbal del Pened\u00e8s. Durante este encuentro se ha hablado del plan de estabilizaci\u00f3n de la ocupaci\u00f3n temporal, la oferta p\u00fablica de empleo y la previsi\u00f3n de convocatorias de procesos selectivos para el a\u00f1o 2022. La alcaldesa de la Bisbal del Pened\u00e8s, Agn\u00e8s Ferr\u00e9, ha explicado que \u201ceste es un tema complejo e importante y, por este motivo, har\u00e9 reuniones individuales explicativas pasadas las fiestas de Navidad\u201d.<\/p>\n\n\n\n<p>En la reuni\u00f3n se ha aprobado el calendario laboral del 2022 y tambi\u00e9n se ha aprobado el incremento retributivo del 2022. Se trata de la subida salarial del 2% que prev\u00e9 el proyecto de la Ley de presupuestos generales del Estado para el 2022. Este incremento se aprueba para que pueda ser aplicado en el momento en que se apruebe definitivamente la Ley de presupuestos generales del Estado.<\/p>\n\n\n\n<p>Por otro lado, se ha dado cuenta del reconocimiento y pago de los trienios solicitados por los empleados municipales. Cabe recordar que en abril de 2019 se aprob\u00f3 el car\u00e1cter retroactivo del reconocimiento de trienios del personal laboral desde abril de 2019, previa solicitud de la persona interesada. Esto supone una mejora para el personal laboral, puesto que hasta abril del 2019 solo cobraban los trienios los trabajadores que formaban parte del funcionariado. El importe total asciende a 35.108,34\u20ac e incluye los atrasos desde abril de 2019 hasta la fecha para un total de veintisiete trabajadores laborales que lo han solicitado. Cabe se\u00f1alar que el diciembre de 2020 se aprobaron y pagar los trienios de once trabajadores que lo hab\u00edan solicitado. Est\u00e1 previsto que durante la primera quincena de enero de 2022 se aprueben y se paguen los trienios de cinco trabajadores m\u00e1s.<\/p>\n\n\n\n<p>En la mesa de negociaci\u00f3n tambi\u00e9n se ha dado cuenta de la contrataci\u00f3n de una aplicaci\u00f3n de portal del empleado municipal. Este servicio entrar\u00e1 en funcionamiento en enero y servir\u00e1 para controlar el fichaje sin contacto o gestionar las vacaciones o los permisos, entre otras funciones.<\/p>\n\n\n\n<p>A la mesa de negociaci\u00f3n han asistido los representantes de los sindicatos UGT y CCOO (convocados por el Ayuntamiento de la Bisbal del Pened\u00e8s), el representante del sindicato SPL-CME (invitado por la representante del personal laboral), la secretaria municipal, el t\u00e9cnico de la empresa redactora del plan de estabilizaci\u00f3n y la alcaldesa del municipio. La representante del personal laboral ha excusado su asistencia.<\/p>\n\n\n\n<p>La alcaldesa ha invitado los concejales y concejalas de la oposici\u00f3n a una reuni\u00f3n para explicarles los temas tratados en la mesa de negociaci\u00f3n y tambi\u00e9n les ha hecho llegar una circular a los trabajadores y trabajadoras municipales con un resumen de los temas tratados en la mesa de negociaci\u00f3n. Adem\u00e1s, ha expresado su compromiso para hacer una reuni\u00f3n cuando hayan pasado las fiestas de Navidad y Reyes con el objetivo de explicarles todos los asuntos tratados con m\u00e1s concreci\u00f3n.<\/p>\n","protected":false},"excerpt":{"rendered":"<p>Aquest dilluns 20 de desembre ha tingut lloc la mesa de negociaci\u00f3 del personal de l\u2019Ajuntament de la Bisbal del Pened\u00e8s. Durant aquesta trobada s\u2019ha parlat del pla d\u2019estabilitzaci\u00f3 de &hellip; <a href=\"https:\/\/bisbalpenedes.com\/web\/2021\/12\/22\/aquest-dilluns-20-de-desembre-ha-tingut-lloc-la-mesa-de-negociacio-del-personal-de-lajuntament-de-la-bisbal-del-penedes\/\" class=\"more-link\">Read More<\/a><\/p>\n","protected":false},"author":4,"featured_media":14717,"comment_status":"closed","ping_status":"closed","sticky":false,"template":"","format":"standard","meta":[],"categories":[2402,2057,8],"tags":[216,4940,393,2867,4975,4974,4356,915,4976,4719,4278],"_links":{"self":[{"href":"https:\/\/bisbalpenedes.com\/web\/wp-json\/wp\/v2\/posts\/20412"}],"collection":[{"href":"https:\/\/bisbalpenedes.com\/web\/wp-json\/wp\/v2\/posts"}],"about":[{"href":"https:\/\/bisbalpenedes.com\/web\/wp-json\/wp\/v2\/types\/post"}],"author":[{"embeddable":true,"href":"https:\/\/bisbalpenedes.com\/web\/wp-json\/wp\/v2\/users\/4"}],"replies":[{"embeddable":true,"href":"https:\/\/bisbalpenedes.com\/web\/wp-json\/wp\/v2\/comments?post=20412"}],"version-history":[{"count":1,"href":"https:\/\/bisbalpenedes.com\/web\/wp-json\/wp\/v2\/posts\/20412\/revisions"}],"predecessor-version":[{"id":20413,"href":"https:\/\/bisbalpenedes.com\/web\/wp-json\/wp\/v2\/posts\/20412\/revisions\/20413"}],"wp:featuredmedia":[{"embeddable":true,"href":"https:\/\/bisbalpenedes.com\/web\/wp-json\/wp\/v2\/media\/14717"}],"wp:attachment":[{"href":"https:\/\/bisbalpenedes.com\/web\/wp-json\/wp\/v2\/media?parent=20412"}],"wp:term":[{"taxonomy":"category","embeddable":true,"href":"https:\/\/bisbalpenedes.com\/web\/wp-json\/wp\/v2\/categories?post=20412"},{"taxonomy":"post_tag","embeddable":true,"href":"https:\/\/bisbalpenedes.com\/web\/wp-json\/wp\/v2\/tags?post=20412"}],"curies":[{"name":"wp","href":"https:\/\/api.w.org\/{rel}","templated":true}]}}