{"id":20404,"date":"2021-12-23T14:40:51","date_gmt":"2021-12-23T12:40:51","guid":{"rendered":"https:\/\/bisbalpenedes.com\/web\/?p=20404"},"modified":"2021-12-23T14:40:51","modified_gmt":"2021-12-23T12:40:51","slug":"sha-aprovat-el-pla-de-seguretat-i-salut-de-les-obres-de-reforma-i-ampliacio-del-local-social-del-priorat-de-la-bisbal","status":"publish","type":"post","link":"https:\/\/bisbalpenedes.com\/web\/2021\/12\/23\/sha-aprovat-el-pla-de-seguretat-i-salut-de-les-obres-de-reforma-i-ampliacio-del-local-social-del-priorat-de-la-bisbal\/","title":{"rendered":"S\u2019ha aprovat el pla de seguretat i salut de les obres de reforma i ampliaci\u00f3 del local social del Priorat de la Bisbal"},"content":{"rendered":"\n<p>La Junta de govern ha aprovat el pla de seguretat i salut de les obres de reforma i ampliaci\u00f3 del local social del Priorat de la Bisbal, presentat per l\u2019empresa adjudicat\u00e0ria de les obres, Excavacions i Transports Rovira S.A. Tamb\u00e9 s\u2019ha designat l\u2019enginyer municipal com a coordinador en mat\u00e8ria de seguretat i salut de l\u2019obra. Ara, el seg\u00fcent pas ser\u00e0 la signatura de l\u2019acta de replanteig i ja es podr\u00e0 iniciar l\u2019obra.<\/p>\n\n\n\n<p>L\u2019obra de reforma i ampliaci\u00f3 del local social del Priorat de la Bisbal far\u00e0 les seg\u00fcents modificacions al local: la sala actual de 83,95m2 passar\u00e0 a ser de 84,13m2 i s\u2019ampliar\u00e0 el local cap a la zona del porxo, creant una sala de 75,42m2 amb un separador abatible que permetr\u00e0 crear dues sales que es podran separar, de 32,38m2 i 43,04m2 respectivament. A m\u00e9s, es col\u00b7locaran baranes a la rampa existent.<\/p>\n\n\n\n<p>El cost estimat de la licitaci\u00f3 de l\u2019obra ascendia a 65.358,97\u20ac (IVA incl\u00f2s) i l\u2019Ajuntament de la Bisbal del Pened\u00e8s ha sol\u00b7licitat una subvenci\u00f3 del Pla d\u2019Acci\u00f3 Municipal (PAM) per un 78,50% de l\u2019import de les obres.<\/p>\n\n\n\n<hr class=\"wp-block-separator\"\/>\n\n\n\n<p><strong>CASTELLANO |<\/strong> La Junta de gobierno ha aprobado el plan de seguridad y salud de las obras de reforma y ampliaci\u00f3n del local social del Priorat de la Bisbal, presentado por la empresa adjudicataria de las obras, Excavacions i Transports Rovira S.A. Tambi\u00e9n se ha designado al ingeniero municipal como coordinador en materia de seguridad y salud de la obra. Ahora, el siguiente paso ser\u00e1 la firma del acta de replanteo y ya se podr\u00e1 iniciar la obra.<\/p>\n\n\n\n<p>La obra de reforma y ampliaci\u00f3n del local social del Priorat de la Bisbal har\u00e1 las siguientes modificaciones en el local: la sala actual de 83,95m2 pasar\u00e1 a ser de 84,13m2 y se ampliar\u00e1 el local hacia la zona del porche, creando una sala de 75,42m2 con un separador abatible que permitir\u00e1 crear dos salas que se podr\u00e1n separar, de 32,38m2 y 43,04m2 respectivamente. Adem\u00e1s, se colocar\u00e1n barandas en la rampa existente.<\/p>\n\n\n\n<p>El coste estimado de la licitaci\u00f3n de la obra ascend\u00eda a 65.358,97\u20ac (IVA incluido) y el Ayuntamiento de la Bisbal del Pened\u00e8s ha solicitado una subvenci\u00f3n del Plan de Acci\u00f3n Municipal (PAM) por un 78,50% del importe de las obras.<\/p>\n","protected":false},"excerpt":{"rendered":"<p>La Junta de govern ha aprovat el pla de seguretat i salut de les obres de reforma i ampliaci\u00f3 del local social del Priorat de la Bisbal, presentat per l\u2019empresa &hellip; <a href=\"https:\/\/bisbalpenedes.com\/web\/2021\/12\/23\/sha-aprovat-el-pla-de-seguretat-i-salut-de-les-obres-de-reforma-i-ampliacio-del-local-social-del-priorat-de-la-bisbal\/\" class=\"more-link\">Read More<\/a><\/p>\n","protected":false},"author":4,"featured_media":20405,"comment_status":"closed","ping_status":"closed","sticky":false,"template":"","format":"standard","meta":[],"categories":[4287,8,15],"tags":[3638,459,393,247,520,1517],"_links":{"self":[{"href":"https:\/\/bisbalpenedes.com\/web\/wp-json\/wp\/v2\/posts\/20404"}],"collection":[{"href":"https:\/\/bisbalpenedes.com\/web\/wp-json\/wp\/v2\/posts"}],"about":[{"href":"https:\/\/bisbalpenedes.com\/web\/wp-json\/wp\/v2\/types\/post"}],"author":[{"embeddable":true,"href":"https:\/\/bisbalpenedes.com\/web\/wp-json\/wp\/v2\/users\/4"}],"replies":[{"embeddable":true,"href":"https:\/\/bisbalpenedes.com\/web\/wp-json\/wp\/v2\/comments?post=20404"}],"version-history":[{"count":2,"href":"https:\/\/bisbalpenedes.com\/web\/wp-json\/wp\/v2\/posts\/20404\/revisions"}],"predecessor-version":[{"id":20407,"href":"https:\/\/bisbalpenedes.com\/web\/wp-json\/wp\/v2\/posts\/20404\/revisions\/20407"}],"wp:featuredmedia":[{"embeddable":true,"href":"https:\/\/bisbalpenedes.com\/web\/wp-json\/wp\/v2\/media\/20405"}],"wp:attachment":[{"href":"https:\/\/bisbalpenedes.com\/web\/wp-json\/wp\/v2\/media?parent=20404"}],"wp:term":[{"taxonomy":"category","embeddable":true,"href":"https:\/\/bisbalpenedes.com\/web\/wp-json\/wp\/v2\/categories?post=20404"},{"taxonomy":"post_tag","embeddable":true,"href":"https:\/\/bisbalpenedes.com\/web\/wp-json\/wp\/v2\/tags?post=20404"}],"curies":[{"name":"wp","href":"https:\/\/api.w.org\/{rel}","templated":true}]}}