{"id":2040,"date":"2017-03-08T12:46:49","date_gmt":"2017-03-08T06:46:49","guid":{"rendered":"http:\/\/bisbalpenedes.com\/web\/?p=2040"},"modified":"2017-03-08T12:49:59","modified_gmt":"2017-03-08T06:49:59","slug":"8-de-marc-dia-internacional-de-les-dones","status":"publish","type":"post","link":"https:\/\/bisbalpenedes.com\/web\/2017\/03\/08\/8-de-marc-dia-internacional-de-les-dones\/","title":{"rendered":"8 de mar\u00e7: Dia Internacional de les dones"},"content":{"rendered":"<p><img loading=\"lazy\" class=\"size-medium wp-image-2041 aligncenter\" title=\"corregimladesigualtat\" src=\"http:\/\/bisbalpenedes.com\/web\/wp-content\/uploads\/2017\/03\/corregimladesigualtat-212x300.jpg\" alt=\"\" width=\"212\" height=\"300\" srcset=\"https:\/\/bisbalpenedes.com\/web\/wp-content\/uploads\/2017\/03\/corregimladesigualtat-212x300.jpg 212w, https:\/\/bisbalpenedes.com\/web\/wp-content\/uploads\/2017\/03\/corregimladesigualtat.jpg 300w\" sizes=\"(max-width: 212px) 100vw, 212px\" \/><\/p>\n<p>Amb motiu de la celebraci\u00f3 del Dia Internacional de les dones compartim amb vosaltres la declaraci\u00f3 institucional de l&#8217;Institut Catal\u00e0 de les Dones de la Generalitat de Catalunya:<\/p>\n<p><a href=\"http:\/\/dones.gencat.cat\/web\/.content\/03_ambits\/docs\/DECLARACIO-INSTITUCIONAL-8deMARC2017.pdf\" target=\"_blank\">http:\/\/dones.gencat.cat\/web\/.content\/03_ambits\/docs\/DECLARACIO-INSTITUCIONAL-8deMARC2017.pdf<\/a><\/p>\n<p><iframe loading=\"lazy\" src=\"https:\/\/www.youtube.com\/embed\/aW4iyByxiyU\" frameborder=\"0\" width=\"560\" height=\"315\"><\/iframe><\/p>\n","protected":false},"excerpt":{"rendered":"<p>Amb motiu de la celebraci\u00f3 del Dia Internacional de les dones compartim amb vosaltres la declaraci\u00f3 institucional de l&#8217;Institut Catal\u00e0 de les Dones de la Generalitat de Catalunya: http:\/\/dones.gencat.cat\/web\/.content\/03_ambits\/docs\/DECLARACIO-INSTITUCIONAL-8deMARC2017.pdf<\/p>\n","protected":false},"author":4,"featured_media":2041,"comment_status":"closed","ping_status":"closed","sticky":false,"template":"","format":"standard","meta":[],"categories":[4],"tags":[233,231,232],"_links":{"self":[{"href":"https:\/\/bisbalpenedes.com\/web\/wp-json\/wp\/v2\/posts\/2040"}],"collection":[{"href":"https:\/\/bisbalpenedes.com\/web\/wp-json\/wp\/v2\/posts"}],"about":[{"href":"https:\/\/bisbalpenedes.com\/web\/wp-json\/wp\/v2\/types\/post"}],"author":[{"embeddable":true,"href":"https:\/\/bisbalpenedes.com\/web\/wp-json\/wp\/v2\/users\/4"}],"replies":[{"embeddable":true,"href":"https:\/\/bisbalpenedes.com\/web\/wp-json\/wp\/v2\/comments?post=2040"}],"version-history":[{"count":7,"href":"https:\/\/bisbalpenedes.com\/web\/wp-json\/wp\/v2\/posts\/2040\/revisions"}],"predecessor-version":[{"id":2048,"href":"https:\/\/bisbalpenedes.com\/web\/wp-json\/wp\/v2\/posts\/2040\/revisions\/2048"}],"wp:featuredmedia":[{"embeddable":true,"href":"https:\/\/bisbalpenedes.com\/web\/wp-json\/wp\/v2\/media\/2041"}],"wp:attachment":[{"href":"https:\/\/bisbalpenedes.com\/web\/wp-json\/wp\/v2\/media?parent=2040"}],"wp:term":[{"taxonomy":"category","embeddable":true,"href":"https:\/\/bisbalpenedes.com\/web\/wp-json\/wp\/v2\/categories?post=2040"},{"taxonomy":"post_tag","embeddable":true,"href":"https:\/\/bisbalpenedes.com\/web\/wp-json\/wp\/v2\/tags?post=2040"}],"curies":[{"name":"wp","href":"https:\/\/api.w.org\/{rel}","templated":true}]}}