{"id":20398,"date":"2021-12-23T14:40:39","date_gmt":"2021-12-23T12:40:39","guid":{"rendered":"https:\/\/bisbalpenedes.com\/web\/?p=20398"},"modified":"2021-12-23T14:40:39","modified_gmt":"2021-12-23T12:40:39","slug":"saprova-la-liquidacio-del-4t-trimestre-de-2021-del-conveni-en-materia-docupacio-amb-el-ccbp","status":"publish","type":"post","link":"https:\/\/bisbalpenedes.com\/web\/2021\/12\/23\/saprova-la-liquidacio-del-4t-trimestre-de-2021-del-conveni-en-materia-docupacio-amb-el-ccbp\/","title":{"rendered":"S\u2019aprova la liquidaci\u00f3 del 4t trimestre de 2021 del conveni en materia d\u2019Ocupaci\u00f3 amb el CCBP"},"content":{"rendered":"\n<p>La Junta de Govern local del dilluns 13 de desembre va aprovar la liquidaci\u00f3 del conveni de col\u00b7laboraci\u00f3 amb el Consell Comarcal del Baix Pened\u00e8s (CCBP) en mat\u00e8ria d\u2019Ocupaci\u00f3 corresponent al darrer trimestre de 2021 per un import total de 3.164,41\u20ac.<\/p>\n\n\n\n<p>El 8 de febrer&nbsp; es va aprovar, en Junta de Govern, el conveni interadministratiu de col\u00b7laboraci\u00f3 amb el Consell Comarcal del Baix Pened\u00e8s i la resta d\u2019ajuntaments de la comarca per a l\u2019execuci\u00f3 dels programes d\u2019ocupaci\u00f3 que formen part de l\u2019Acord estrat\u00e8gic per al desenvolupament i ocupaci\u00f3 del Baix Pened\u00e8s 2021 per un total de 12.657,64\u20ac.<\/p>\n\n\n\n<hr class=\"wp-block-separator\"\/>\n\n\n\n<p><strong>CASTELLANO |<\/strong>&nbsp;La Junta de Gobierno local del 13 de diciembre aprob\u00f3 la liquidaci\u00f3n del convenio de colaboraci\u00f3n con el Consell Comarcal del Baix Pened\u00e8s (CCBP) en materia de Ocupaci\u00f3n correspondiente al \u00faltimo trimestre de 2021 por un importe total de 3.164,41\u20ac.<\/p>\n\n\n\n<p>El 8 de febrero se aprob\u00f3, en Junta de Gobierno, el convenio interadministrativo de colaboraci\u00f3n con el Consell Comarcal del Baix Pened\u00e8s y el resto de ayuntamientos de la comarca para la ejecuci\u00f3n de los programas de ocupaci\u00f3n que forman parte del Acuerdo estrat\u00e9gico para el desarrollo y ocupaci\u00f3n del Baix Pened\u00e8s 2021 por un total de 12.657,64\u20ac.<\/p>\n","protected":false},"excerpt":{"rendered":"<p>La Junta de Govern local del dilluns 13 de desembre va aprovar la liquidaci\u00f3 del conveni de col\u00b7laboraci\u00f3 amb el Consell Comarcal del Baix Pened\u00e8s (CCBP) en mat\u00e8ria d\u2019Ocupaci\u00f3 corresponent &hellip; <a href=\"https:\/\/bisbalpenedes.com\/web\/2021\/12\/23\/saprova-la-liquidacio-del-4t-trimestre-de-2021-del-conveni-en-materia-docupacio-amb-el-ccbp\/\" class=\"more-link\">Read More<\/a><\/p>\n","protected":false},"author":4,"featured_media":19548,"comment_status":"closed","ping_status":"closed","sticky":false,"template":"","format":"standard","meta":[],"categories":[3137,8,9],"tags":[1056,440,393],"_links":{"self":[{"href":"https:\/\/bisbalpenedes.com\/web\/wp-json\/wp\/v2\/posts\/20398"}],"collection":[{"href":"https:\/\/bisbalpenedes.com\/web\/wp-json\/wp\/v2\/posts"}],"about":[{"href":"https:\/\/bisbalpenedes.com\/web\/wp-json\/wp\/v2\/types\/post"}],"author":[{"embeddable":true,"href":"https:\/\/bisbalpenedes.com\/web\/wp-json\/wp\/v2\/users\/4"}],"replies":[{"embeddable":true,"href":"https:\/\/bisbalpenedes.com\/web\/wp-json\/wp\/v2\/comments?post=20398"}],"version-history":[{"count":1,"href":"https:\/\/bisbalpenedes.com\/web\/wp-json\/wp\/v2\/posts\/20398\/revisions"}],"predecessor-version":[{"id":20399,"href":"https:\/\/bisbalpenedes.com\/web\/wp-json\/wp\/v2\/posts\/20398\/revisions\/20399"}],"wp:featuredmedia":[{"embeddable":true,"href":"https:\/\/bisbalpenedes.com\/web\/wp-json\/wp\/v2\/media\/19548"}],"wp:attachment":[{"href":"https:\/\/bisbalpenedes.com\/web\/wp-json\/wp\/v2\/media?parent=20398"}],"wp:term":[{"taxonomy":"category","embeddable":true,"href":"https:\/\/bisbalpenedes.com\/web\/wp-json\/wp\/v2\/categories?post=20398"},{"taxonomy":"post_tag","embeddable":true,"href":"https:\/\/bisbalpenedes.com\/web\/wp-json\/wp\/v2\/tags?post=20398"}],"curies":[{"name":"wp","href":"https:\/\/api.w.org\/{rel}","templated":true}]}}