{"id":20367,"date":"2021-12-17T13:38:34","date_gmt":"2021-12-17T11:38:34","guid":{"rendered":"https:\/\/bisbalpenedes.com\/web\/?p=20367"},"modified":"2021-12-17T13:38:34","modified_gmt":"2021-12-17T11:38:34","slug":"sha-adjudicat-provisionalment-lexplotacio-del-bar-i-la-botiga-del-local-social-de-can-gordei","status":"publish","type":"post","link":"https:\/\/bisbalpenedes.com\/web\/2021\/12\/17\/sha-adjudicat-provisionalment-lexplotacio-del-bar-i-la-botiga-del-local-social-de-can-gordei\/","title":{"rendered":"S\u2019ha adjudicat provisionalment l\u2019explotaci\u00f3 del bar i la botiga del local social de Can Gordei"},"content":{"rendered":"\n<p>La Junta de govern del 13 de desembre va adjudicar provisionalment l\u2019explotaci\u00f3 del bar i la botiga del local social de Can Gordei a Ma. \u00c0ngels Pi\u00f1ero. Ara, l\u2019adjudicat\u00e0ria t\u00e9 un termini de deu dies durant el que haur\u00e0 de presentar la documentaci\u00f3 per poder procedir a l\u2019adjudicaci\u00f3 definitiva.<\/p>\n\n\n\n<p>El passat 4 de novembre va iniciar-se el termini per presentar propostes per a l\u2019explotaci\u00f3 del bar i la botiga del local social de Can Gordei. La mesa de contractaci\u00f3 va valorar les propostes -segons el que dictava el plec de cl\u00e0usules- i dues de les propostes van quedar empatades. El dia 1 de desembre es va resoldre l\u2019empat fent un sorteig a porta oberta -amb assist\u00e8ncia de p\u00fablic- entre les dues propostes.<\/p>\n\n\n\n<hr class=\"wp-block-separator\"\/>\n\n\n\n<p><strong>CASTELLANO |<\/strong> La Junta de gobierno del 13 de diciembre adjudic\u00f3 provisionalmente la explotaci\u00f3n del bar y la tienda del local social de Can Gordei a Ma. \u00c0ngels Pi\u00f1ero. Ahora, la adjudicataria tiene un plazo de diez d\u00edas durante el que tendr\u00e1 que presentar la documentaci\u00f3n para poder proceder a la adjudicaci\u00f3n definitiva.<\/p>\n\n\n\n<p>El pasado 4 de noviembre se inici\u00f3 el plazo para presentar propuestas para la explotaci\u00f3n del bar y la tienda del local social de Can Gordei. La mesa de contrataci\u00f3n valoro las propuestas -seg\u00fan lo que dictaba el pliego de cl\u00e1usulas- y dos de las propuestas quedaron empatadas. El d\u00eda 1 de diciembre se resolvi\u00f3 el empate haciendo un sorteo a puerta abierta -con asistencia de p\u00fablico-entre las dos propuestas.<\/p>\n","protected":false},"excerpt":{"rendered":"<p>La Junta de govern del 13 de desembre va adjudicar provisionalment l\u2019explotaci\u00f3 del bar i la botiga del local social de Can Gordei a Ma. \u00c0ngels Pi\u00f1ero. Ara, l\u2019adjudicat\u00e0ria t\u00e9 &hellip; <a href=\"https:\/\/bisbalpenedes.com\/web\/2021\/12\/17\/sha-adjudicat-provisionalment-lexplotacio-del-bar-i-la-botiga-del-local-social-de-can-gordei\/\" class=\"more-link\">Read More<\/a><\/p>\n","protected":false},"author":4,"featured_media":20368,"comment_status":"closed","ping_status":"closed","sticky":false,"template":"","format":"standard","meta":[],"categories":[4287,3278,8,15],"tags":[198,393,267,247],"_links":{"self":[{"href":"https:\/\/bisbalpenedes.com\/web\/wp-json\/wp\/v2\/posts\/20367"}],"collection":[{"href":"https:\/\/bisbalpenedes.com\/web\/wp-json\/wp\/v2\/posts"}],"about":[{"href":"https:\/\/bisbalpenedes.com\/web\/wp-json\/wp\/v2\/types\/post"}],"author":[{"embeddable":true,"href":"https:\/\/bisbalpenedes.com\/web\/wp-json\/wp\/v2\/users\/4"}],"replies":[{"embeddable":true,"href":"https:\/\/bisbalpenedes.com\/web\/wp-json\/wp\/v2\/comments?post=20367"}],"version-history":[{"count":1,"href":"https:\/\/bisbalpenedes.com\/web\/wp-json\/wp\/v2\/posts\/20367\/revisions"}],"predecessor-version":[{"id":20369,"href":"https:\/\/bisbalpenedes.com\/web\/wp-json\/wp\/v2\/posts\/20367\/revisions\/20369"}],"wp:featuredmedia":[{"embeddable":true,"href":"https:\/\/bisbalpenedes.com\/web\/wp-json\/wp\/v2\/media\/20368"}],"wp:attachment":[{"href":"https:\/\/bisbalpenedes.com\/web\/wp-json\/wp\/v2\/media?parent=20367"}],"wp:term":[{"taxonomy":"category","embeddable":true,"href":"https:\/\/bisbalpenedes.com\/web\/wp-json\/wp\/v2\/categories?post=20367"},{"taxonomy":"post_tag","embeddable":true,"href":"https:\/\/bisbalpenedes.com\/web\/wp-json\/wp\/v2\/tags?post=20367"}],"curies":[{"name":"wp","href":"https:\/\/api.w.org\/{rel}","templated":true}]}}