{"id":20358,"date":"2021-12-16T18:54:56","date_gmt":"2021-12-16T16:54:56","guid":{"rendered":"https:\/\/bisbalpenedes.com\/web\/?p=20358"},"modified":"2021-12-16T20:25:19","modified_gmt":"2021-12-16T18:25:19","slug":"se-suspen-el-concert-de-lescola-de-musica-previst-per-al-dissabte-per-motius-aliens-a-lajuntament","status":"publish","type":"post","link":"https:\/\/bisbalpenedes.com\/web\/2021\/12\/16\/se-suspen-el-concert-de-lescola-de-musica-previst-per-al-dissabte-per-motius-aliens-a-lajuntament\/","title":{"rendered":"S&#8217;ajorna el concert de l&#8217;Escola de M\u00fasica previst per al dissabte per motius t\u00e8cnics"},"content":{"rendered":"\n<p>Per motius t\u00e8cnics, el concert de l&#8217;Escola Municipal de M\u00fasica previst per al dissabte, s&#8217;ha ajornat. La resta d&#8217;activitats previstes en el marc de La Marat\u00f3 de TV3 es duran a terme amb normalitat. Disculpeu les mol\u00e8sties.<\/p>\n\n\n\n<hr class=\"wp-block-separator\"\/>\n\n\n\n<p>Por motivos t\u00e9cnicos, el concierto de la Escuela Municipal de M\u00fasica, previsto para el s\u00e1bado, se ha aplazado. El resto de actividades previstas en el marco de La Marat\u00f3 de TV3 se llevar\u00e1n a cabo con normalidad. Disculpad las molestias.<\/p>\n","protected":false},"excerpt":{"rendered":"<p>Per motius t\u00e8cnics, el concert de l&#8217;Escola Municipal de M\u00fasica previst per al dissabte, s&#8217;ha ajornat. La resta d&#8217;activitats previstes en el marc de La Marat\u00f3 de TV3 es duran &hellip; <a href=\"https:\/\/bisbalpenedes.com\/web\/2021\/12\/16\/se-suspen-el-concert-de-lescola-de-musica-previst-per-al-dissabte-per-motius-aliens-a-lajuntament\/\" class=\"more-link\">Read More<\/a><\/p>\n","protected":false},"author":4,"featured_media":20364,"comment_status":"closed","ping_status":"closed","sticky":false,"template":"","format":"standard","meta":[],"categories":[1628,8],"tags":[73,781,393],"_links":{"self":[{"href":"https:\/\/bisbalpenedes.com\/web\/wp-json\/wp\/v2\/posts\/20358"}],"collection":[{"href":"https:\/\/bisbalpenedes.com\/web\/wp-json\/wp\/v2\/posts"}],"about":[{"href":"https:\/\/bisbalpenedes.com\/web\/wp-json\/wp\/v2\/types\/post"}],"author":[{"embeddable":true,"href":"https:\/\/bisbalpenedes.com\/web\/wp-json\/wp\/v2\/users\/4"}],"replies":[{"embeddable":true,"href":"https:\/\/bisbalpenedes.com\/web\/wp-json\/wp\/v2\/comments?post=20358"}],"version-history":[{"count":2,"href":"https:\/\/bisbalpenedes.com\/web\/wp-json\/wp\/v2\/posts\/20358\/revisions"}],"predecessor-version":[{"id":20365,"href":"https:\/\/bisbalpenedes.com\/web\/wp-json\/wp\/v2\/posts\/20358\/revisions\/20365"}],"wp:featuredmedia":[{"embeddable":true,"href":"https:\/\/bisbalpenedes.com\/web\/wp-json\/wp\/v2\/media\/20364"}],"wp:attachment":[{"href":"https:\/\/bisbalpenedes.com\/web\/wp-json\/wp\/v2\/media?parent=20358"}],"wp:term":[{"taxonomy":"category","embeddable":true,"href":"https:\/\/bisbalpenedes.com\/web\/wp-json\/wp\/v2\/categories?post=20358"},{"taxonomy":"post_tag","embeddable":true,"href":"https:\/\/bisbalpenedes.com\/web\/wp-json\/wp\/v2\/tags?post=20358"}],"curies":[{"name":"wp","href":"https:\/\/api.w.org\/{rel}","templated":true}]}}