{"id":20356,"date":"2021-12-16T18:31:58","date_gmt":"2021-12-16T16:31:58","guid":{"rendered":"https:\/\/bisbalpenedes.com\/web\/?p=20356"},"modified":"2021-12-16T18:31:58","modified_gmt":"2021-12-16T16:31:58","slug":"el-proper-dimarts-21-de-desembre-a-les-18h-tindra-lloc-el-ple-ordinari-de-lajuntament-de-la-bisbal-del-penedes","status":"publish","type":"post","link":"https:\/\/bisbalpenedes.com\/web\/2021\/12\/16\/el-proper-dimarts-21-de-desembre-a-les-18h-tindra-lloc-el-ple-ordinari-de-lajuntament-de-la-bisbal-del-penedes\/","title":{"rendered":"El proper dimarts 21 de desembre a les 18h tindr\u00e0 lloc el Ple Ordinari de l\u2019Ajuntament de la Bisbal del Pened\u00e8s"},"content":{"rendered":"\n<p>El proper dimarts 21 de desembre, a les 18h, tindr\u00e0 lloc el Ple ordinari de l\u2019Ajuntament de la Bisbal del Pened\u00e8s corresponent a aquest trimestre.<\/p>\n\n\n\n<p>El Ple se celebrar\u00e0 a la sala de plens i s\u2019hi podr\u00e0 assistir com a p\u00fablic, amb mascareta, sempre que les mesures de contenci\u00f3 de la COVID-19 no dictin el contrari durant els pr\u00f2xims dies. Posteriorment, tamb\u00e9 es publicar\u00e0 el v\u00eddeo de la sessi\u00f3 a Youtube.<\/p>\n\n\n\n<p>Aquests s\u00f3n els punts de l\u2019ordre del dia:<\/p>\n\n\n\n<p><strong>PART RESOLUTIVA<\/strong><\/p>\n\n\n\n<p>1.- Aprovaci\u00f3 de l\u2019acta del ple ordinari del 20 de setembre<\/p>\n\n\n\n<p>2.- Aprovaci\u00f3 de l\u2019acta del ple extraordinari del 29 de novembre<\/p>\n\n\n\n<p>3.- Ratificaci\u00f3 de l\u2019acord de la Junta de Govern del 2 d\u2019agost, on &nbsp;s\u2019inadmet el recurs de reposici\u00f3 presentat per PSC, Units i ERC contra l\u2019adjudicaci\u00f3 de les obres de remodelaci\u00f3 del poliesportiu municipal<\/p>\n\n\n\n<p>4.- Ratificaci\u00f3 del recurs de reposici\u00f3 presentat pels regidors del grup municipal del PSC contra l&#8217;acord de la JGL del 13\/09\/2021 en relaci\u00f3 amb&nbsp;l&#8217;expedient de les obres del poliesportiu municipal<\/p>\n\n\n\n<p>5.- Pla estrat\u00e8gic de subvencions 2022<\/p>\n\n\n\n<p>6.- Modificaci\u00f3 de les ordenances relatives a les taxes d\u2019ocupaci\u00f3 de terrenys d\u2019\u00fas p\u00fablic i de s\u00f2l i subs\u00f2l, per unificar-les i adequar-les a la normativa vigent<\/p>\n\n\n\n<p>7.- Reglament de funcionament dels habitatges de lloguer social municipal<\/p>\n\n\n\n<p>8.- Pla local de joventut 2021\/24<\/p>\n\n\n\n<p><strong>PART DE CONTROL<\/strong><\/p>\n\n\n\n<p>9. Execuci\u00f3 del pressupost del tercer trimestre del 2021<\/p>\n\n\n\n<p><br>10.Per\u00edode mig de pagament del tercer trimestre 2021<\/p>\n\n\n\n<p><br>11.Donar compte dels Decrets d&#8217;Alcaldia<\/p>\n\n\n\n<p><br>12.Donar compte de les Juntes de Govern Local<\/p>\n\n\n\n<p><br>13.Moci\u00f3 presentada pel grup municipal ARA La Bisbal sol\u00b7licitant l&#8217;ampliaci\u00f3 del personal de la brigada municipal<\/p>\n\n\n\n<p><br>14.Moci\u00f3 presentada pel grup municipal ARA La Bisbal per incloure la gratu\u00eftat del transport urb\u00e0 i interurb\u00e0 per a discapacitats<\/p>\n\n\n\n<p><br>15.Moci\u00f3 presentada pel grup municipal ARA La Bisbal sol\u00b7licitant la<br>gratu\u00eftat del transport urb\u00e0-discapacitats, aturats, jubilats i estudiants IES<\/p>\n\n\n\n<p><strong>PRECS I PREGUNTES<\/strong><\/p>\n\n\n\n<p>Segons el ROM aprovat al Ple de l\u2019Ajuntament de la Bisbal el 19 de juny de 2017, la ciutadania pot participar en els Plens Ordinaris. Tot seguit us detallem el funcionament d\u2019aquest sup\u00f2sit:<br>Totes les persones tenen dret a intervenir en les sessions ordin\u00e0ries del Ple en el punt de l\u2019ordre del dia de \u2018Precs i preguntes\u2019, d\u2019acord amb les prescripcions seg\u00fcents:<\/p>\n\n\n\n<ul><li>El prec o pregunta s\u2019haur\u00e0 de sol\u2022licitar a l\u2019Alcaldia:<br>o per escrit i entrar-lo\/a al Registre General com a m\u00e0xim 24 hores abans del Ple Ordinari<br>o Per Twitter a @BisbalPenedes com a m\u00e0xim 24h abans del Ple Ordinari, complint el protocol d\u2019\u00fas de les xarxes socials i emprant l\u2019etiqueta\u00a0<a href=\"https:\/\/www.facebook.com\/hashtag\/plebisbalpened%C3%A8s?__eep__=6&amp;source=feed_text&amp;epa=HASHTAG&amp;__xts__%5B0%5D=68.ARD1wXWwwlno0rOKPmoxxgSz89WYH5i8NHgdzmCY3U1GDyNswWNuLJC5R3CyiwZ8glyCklNOgb5D6-ILDBbxPeAhsZdMu8qbfllJN2mwOAG9lPX1POezHU4xpQ6CrtbSOFPuM13bcQDPXDkcT8uMdzLDRgfw5h57ESASLFFbhrUkWoxSN8IheJ2bj9-81sTG3gqQ-wPW1oTv63_qHlpWUiTPav-2exYCEXYInFYQJDcg-f8siVOv1iRTgFStQHuyX1OUlmXnMQEAJGyp0rbWxJ0DXP_c3jiScxjBnW0-ebrftvJ5rcDs6dNS_U1mdQ8lmfvzgSMIsH-xyDrOEt-i4-01nqBm&amp;__tn__=%2ANK-R\">#PleBisbalPened\u00e8s<\/a>, seguit del prec o pregunta.<\/li><li>L\u2019assumpte objecte del prec o pregunta haur\u00e0 de ser de compet\u00e8ncia municipal sobre l\u2019acci\u00f3 de govern o estar directament relacionat amb els punts inclosos a l\u2019ordre del dia.<\/li><li>Cada ciutad\u00e0\/ana pot formular un prec i una pregunta en un mateix Ple. La longitud m\u00e0xima de cada piulada \u00e9s de 140 car\u00e0cters i no es pot continuar la pregunta en un segon \u2018tweet\u2019.<\/li><li>L\u2019alcaldia podr\u00e0 no respondre si \u00e9s un assumpte sobre el qual l\u2019Ajuntament no t\u00e9 compet\u00e8ncies o si ja s\u2019ha presentat la mateixa pregunta en una altra sessi\u00f3 plen\u00e0ria en els \u00faltims 6 mesos.<\/li><li>L\u2019alcaldia comunicar\u00e0, acabat el termini m\u00e0xim de presentaci\u00f3 de preguntes, a qui vagin dirigides les preguntes o peticions sol\u2022licitades perqu\u00e8 les pugui respondre.<\/li><li>L\u2019Alcaldia llegir\u00e0 la pregunta en veu alta.<\/li><li>L\u2019alcaldia o a qui va adre\u00e7ada la pregunta, la respondr\u00e0 en la mateixa sessi\u00f3 del Ple.<\/li><\/ul>\n\n\n\n<hr class=\"wp-block-separator\"\/>\n\n\n\n<p><strong>CASTELLANO |<\/strong>&nbsp;El pr\u00f3ximo martes 21 de diciembre, a las 18h, tendr\u00e1 lugar el Pleno ordinario del Ayuntamiento de la Bisbal del Pened\u00e8s correspondiente a este trimestre.<\/p>\n\n\n\n<p>El Pleno se celebrar\u00e1 en la sala de plenos y se podr\u00e1 asistir c\u00f3mo p\u00fablico, con mascarilla, siempre que las medidas de contenci\u00f3n de la COVID-19 no dicten lo contrario durante los pr\u00f3ximos d\u00edas. Posteriormente, tambi\u00e9n se publicar\u00e1 el v\u00eddeo de la sesi\u00f3n en Youtube.<\/p>\n\n\n\n<p>Estos son los puntos del orden del d\u00eda:<\/p>\n\n\n\n<p><strong>PARTE RESOLUTIVA<\/strong><\/p>\n\n\n\n<p>1.-Aprobaci\u00f3n del acta del pleno ordinario del 20 de septiembre<\/p>\n\n\n\n<p>2.-Aprobaci\u00f3n del acta del pleno extraordinario del 29 de noviembre<\/p>\n\n\n\n<p>3.-Ratificaci\u00f3n del acuerdo de la Junta de Gobierno del 2 de agosto, donde se inadmite el recurso de reposici\u00f3n presentado por PSC, Units y ERC contra la adjudicaci\u00f3n de las obras de remodelaci\u00f3n del polideportivo municipal.<\/p>\n\n\n\n<p>4.-Ratificaci\u00f3n del recurso de reposici\u00f3n presentado por los concejales del grupo municipal del PSC contra el acuerdo de la Junta de Gobierno del 13 de septiembre de 2021 en relaci\u00f3n con el expediente de las obras del polideportivo municipal.<\/p>\n\n\n\n<p>5.-Plan estrat\u00e9gico de subvenciones 2022<\/p>\n\n\n\n<p>6.-Modificaci\u00f3n de las ordenanzas relativas a las tasas de ocupaci\u00f3n de terrenos de uso p\u00fablico y de suelo y subsuelo, para unificarlas y adecuarlas a la normativa vigente<\/p>\n\n\n\n<p>7.-Reglamento de funcionamiento de las viviendas de alquiler social municipal<\/p>\n\n\n\n<p>8.-Plan local de juventud 2021\/24<\/p>\n\n\n\n<p><strong>PARTE DE CONTROL<\/strong><\/p>\n\n\n\n<p>9.-Ejecuci\u00f3n del presupuesto del tercer trimestre de 2021<\/p>\n\n\n\n<p>10.-Periodo medio de pago del tercer trimestre 2021<\/p>\n\n\n\n<p>11.-Dar cuenta de los Decretos de Alcald\u00eda<\/p>\n\n\n\n<p>12.-Dar cuenta de las Juntas de Gobierno local<\/p>\n\n\n\n<p>13.-Moci\u00f3n presentada por el grupo municipal ARA La Bisbal solicitando la ampliaci\u00f3n del personal de la brigada municipal<\/p>\n\n\n\n<p>14.-Moci\u00f3n presentada por el grupo municipal ARA La Bisbal para incluir la gratuidad del transporte urbano e interurbano para discapacitados<\/p>\n\n\n\n<p>15.-Moci\u00f3n presentada por el grupo municipal ARA La Bisbal solicitando la gratuidad del transporte urbano-discapacitados, parados, jubilados y estudiantes IES.<\/p>\n\n\n\n<p><strong>TURNO DE RUEGOS Y PREGUNTAS<\/strong><\/p>\n\n\n\n<p>Seg\u00fan el ROM aprobado en el Pleno del Ayuntamiento de la Bisbal del Pened\u00e8s el pasado 19 de junio del 2017, la ciudadan\u00eda puede participar en los Plenos Ordinarios. A continuaci\u00f3n os detallamos el funcionamiento de este supuesto:<br>Todas las personas tienen derecho a intervenir en las sesiones ordinarias del Pleno en el punto de la orden del d\u00eda de \u2018Ruegos y preguntas\u2019, de acuerdo con las prescripciones siguientes:<\/p>\n\n\n\n<ul><li>El ruego o pregunta deber\u00e1 solicitarse a Alcald\u00eda:<br>o Por escrito y entrarlo\/la por escrito como m\u00e1ximo 24 horas antes del Pleno Ordinario<br>o Por Twitter en @BisbalPenedes como m\u00e1ximo 24h antes del Pleno Ordinario, cumpliendo el protocolo de uso de las redes sociales con el formato&nbsp;<a href=\"https:\/\/www.facebook.com\/hashtag\/plebisbalpened%C3%A8s?__eep__=6&amp;source=feed_text&amp;epa=HASHTAG&amp;__xts__%5B0%5D=68.ARD1wXWwwlno0rOKPmoxxgSz89WYH5i8NHgdzmCY3U1GDyNswWNuLJC5R3CyiwZ8glyCklNOgb5D6-ILDBbxPeAhsZdMu8qbfllJN2mwOAG9lPX1POezHU4xpQ6CrtbSOFPuM13bcQDPXDkcT8uMdzLDRgfw5h57ESASLFFbhrUkWoxSN8IheJ2bj9-81sTG3gqQ-wPW1oTv63_qHlpWUiTPav-2exYCEXYInFYQJDcg-f8siVOv1iRTgFStQHuyX1OUlmXnMQEAJGyp0rbWxJ0DXP_c3jiScxjBnW0-ebrftvJ5rcDs6dNS_U1mdQ8lmfvzgSMIsH-xyDrOEt-i4-01nqBm&amp;__tn__=%2ANK-R\">#PleBisbalPened\u00e8s<\/a>, seguido del ruego o pregunta.<\/li><li>El asunto objeto del ruego o pregunta deber\u00e1 ser de competencia municipal sobre la acci\u00f3n de gobierno o estar directamente relacionado con los puntos incluidos en el orden del d\u00eda.<\/li><li>Cada ciudadano\/na puede formular un ruego y una pregunta en un mismo Pleno. La longitud m\u00e1xima de cada tweet es de 140 caracteres y no se puede continuar la pregunta con un segundo \u2018tweet.<\/li><li>Alcald\u00eda podr\u00e1 no responder si es un asunto sobre el cual el Ayuntamiento no tiene competencias o si ya se ha presentado la misma pregunta en otra sesi\u00f3n plenaria de los \u00faltimos 6 meses.<\/li><li>Alcald\u00eda comunicar\u00e1, terminado el plazo m\u00e1ximo de presentaci\u00f3n de preguntas, a quien vayan dirigidas las preguntas o peticiones solicitadas para que las pueda responder.<\/li><li>Alcald\u00eda leer\u00e1 la pregunta en voz alta.<\/li><li>Alcald\u00eda o a quien vaya dirigida la pregunta, la responder\u00e1 en la misma sesi\u00f3n del Pleno.<\/li><\/ul>\n","protected":false},"excerpt":{"rendered":"<p>El proper dimarts 21 de desembre, a les 18h, tindr\u00e0 lloc el Ple ordinari de l\u2019Ajuntament de la Bisbal del Pened\u00e8s corresponent a aquest trimestre. El Ple se celebrar\u00e0 a &hellip; <a href=\"https:\/\/bisbalpenedes.com\/web\/2021\/12\/16\/el-proper-dimarts-21-de-desembre-a-les-18h-tindra-lloc-el-ple-ordinari-de-lajuntament-de-la-bisbal-del-penedes\/\" class=\"more-link\">Read More<\/a><\/p>\n","protected":false},"author":4,"featured_media":14975,"comment_status":"closed","ping_status":"closed","sticky":false,"template":"","format":"standard","meta":[],"categories":[8,2250],"tags":[4968,393,249],"_links":{"self":[{"href":"https:\/\/bisbalpenedes.com\/web\/wp-json\/wp\/v2\/posts\/20356"}],"collection":[{"href":"https:\/\/bisbalpenedes.com\/web\/wp-json\/wp\/v2\/posts"}],"about":[{"href":"https:\/\/bisbalpenedes.com\/web\/wp-json\/wp\/v2\/types\/post"}],"author":[{"embeddable":true,"href":"https:\/\/bisbalpenedes.com\/web\/wp-json\/wp\/v2\/users\/4"}],"replies":[{"embeddable":true,"href":"https:\/\/bisbalpenedes.com\/web\/wp-json\/wp\/v2\/comments?post=20356"}],"version-history":[{"count":1,"href":"https:\/\/bisbalpenedes.com\/web\/wp-json\/wp\/v2\/posts\/20356\/revisions"}],"predecessor-version":[{"id":20357,"href":"https:\/\/bisbalpenedes.com\/web\/wp-json\/wp\/v2\/posts\/20356\/revisions\/20357"}],"wp:featuredmedia":[{"embeddable":true,"href":"https:\/\/bisbalpenedes.com\/web\/wp-json\/wp\/v2\/media\/14975"}],"wp:attachment":[{"href":"https:\/\/bisbalpenedes.com\/web\/wp-json\/wp\/v2\/media?parent=20356"}],"wp:term":[{"taxonomy":"category","embeddable":true,"href":"https:\/\/bisbalpenedes.com\/web\/wp-json\/wp\/v2\/categories?post=20356"},{"taxonomy":"post_tag","embeddable":true,"href":"https:\/\/bisbalpenedes.com\/web\/wp-json\/wp\/v2\/tags?post=20356"}],"curies":[{"name":"wp","href":"https:\/\/api.w.org\/{rel}","templated":true}]}}