{"id":20351,"date":"2021-12-15T22:05:04","date_gmt":"2021-12-15T20:05:04","guid":{"rendered":"https:\/\/bisbalpenedes.com\/web\/?p=20351"},"modified":"2021-12-15T22:05:04","modified_gmt":"2021-12-15T20:05:04","slug":"lajuntament-de-la-bisbal-del-penedes-i-joventut-bisbalenca-cf-signen-un-conveni-de-collaboracio-per-a-la-temporada-2021-2022","status":"publish","type":"post","link":"https:\/\/bisbalpenedes.com\/web\/2021\/12\/15\/lajuntament-de-la-bisbal-del-penedes-i-joventut-bisbalenca-cf-signen-un-conveni-de-collaboracio-per-a-la-temporada-2021-2022\/","title":{"rendered":"L\u2019Ajuntament de la Bisbal del Pened\u00e8s i Joventut Bisbalenca CF signen un conveni de col\u00b7laboraci\u00f3 per a la temporada 2021\/2022"},"content":{"rendered":"\n<p>La Junta de Govern del passat dilluns 13 de desembre va aprovar el conveni de col\u00b7laboraci\u00f3 entre l\u2019Ajuntament de la Bisbal del Pened\u00e8s i Joventut Bisbalenca CF per a la temporada 2021\/2022. Aquest conveni t\u00e9 la finalitat de promoure l\u2019esport al municipi, fomentar les activitats esportives de car\u00e0cter formatiu i de competici\u00f3 i, en especial, les relacionades amb el futbol.<\/p>\n\n\n\n<p>Mitjan\u00e7ant aquest conveni, que s\u2019ha signat aquest dimecres 15 de desembre amb l\u2019entitat, l\u2019Ajuntament concedeix de forma directa a Joventut Bisbalenca CF un import de 23.000\u20ac per a la temporada 2021\/2022 per a les activitats que es realitzin entre el dia de la signatura del conveni i el 30 de juny de 2022 i, aquestes activitats, han de tenir a veure amb fitxes, arbitratges, despla\u00e7aments, equipacions i altres conceptes relacionats amb les activitats que du a terme el club.<\/p>\n\n\n\n<p>L\u2019import de l\u2019esmentat conveni s\u2019abona de la seg\u00fcent manera: 14.800\u20ac en el moment de la signatura del conveni i 8.200\u20ac quan es justifiquin les despeses de la subvenci\u00f3, el juliol de 2022.<\/p>\n\n\n\n<p>Aquest conveni s\u2019emmarca en el Pla estrat\u00e8gic de subvencions de l\u2019Ajuntament de la Bisbal del Pened\u00e8s per a l\u2019exercici 2021, que preveu la concessi\u00f3 d\u2019una subvenci\u00f3 nominativa de 23.000\u20ac a l\u2019entitat Joventut Bisbalenca C.F, que \u00e9s una entitat esportiva sense \u00e0nim de lucre legalment constitu\u00efda, inscrita en el Registre municipal d\u2019entitats i dedicada al foment i la pr\u00e0ctica continuada de l\u2019activitat esportiva, concretament al futbol.<\/p>\n\n\n\n<hr class=\"wp-block-separator\"\/>\n\n\n\n<p><strong>CASTELLANO |<\/strong> La Junta de Gobierno del pasado lunes 13 de diciembre aprob\u00f3 el convenio de colaboraci\u00f3n entre el Ayuntamiento de la Bisbal del Pened\u00e8s y Joventut Bisbalenca CF para la temporada 2021\/2022. Este convenio tiene la finalidad de promover el deporte en el municipio, fomentar las actividades deportivas de car\u00e1cter formativo y de competici\u00f3n y, en especial, las relacionadas con el f\u00fatbol.<\/p>\n\n\n\n<p>Mediante este convenio, que se ha firmado este mi\u00e9rcoles 15 de diciembre con la entidad, el Ayuntamiento conced\u00ed de forma directa a Joventut Bisbalenca CF un importe de 23.000\u20ac para la temporada 2021\/2022 para las actividades que se realicen entre el d\u00eda de la firma del convenio y el 30 de junio de 2022 y, estas actividades, que deben guardar relaci\u00f3n con fichas, arbitrajes, desplazamientos, equipaciones y otros conceptos relacionados con las actividades que lleva a cabo el club.<\/p>\n\n\n\n<p>El importe del citado convenio se abona de la siguiente manera: 14.800\u20ac en el momento de la firma del convenio y 8.200\u20ac cuando se justifiquen los gestos de la subvenci\u00f3n, en julio de 2022.<\/p>\n\n\n\n<p>Este convenio se enmarca en el Plan estrat\u00e9gico de subvenciones del Ayuntamiento de la Bisbal del Pened\u00e8s para el ejercicio 2021, que prev\u00e9 la concesi\u00f3n de una subvenci\u00f3n nominativa de 23.000\u20ac a la entidad Joventut Bisbalenca C.F., que es una entidad Deportiva sin \u00e1nimo de lucro legalmente constituida, inscrita en el Registro municipal de entidades y dedicada al fomento y la pr\u00e1ctica continua de la actividad deportiva, concretamente al futbol.<\/p>\n","protected":false},"excerpt":{"rendered":"<p>La Junta de Govern del passat dilluns 13 de desembre va aprovar el conveni de col\u00b7laboraci\u00f3 entre l\u2019Ajuntament de la Bisbal del Pened\u00e8s i Joventut Bisbalenca CF per a la &hellip; <a href=\"https:\/\/bisbalpenedes.com\/web\/2021\/12\/15\/lajuntament-de-la-bisbal-del-penedes-i-joventut-bisbalenca-cf-signen-un-conveni-de-collaboracio-per-a-la-temporada-2021-2022\/\" class=\"more-link\">Read More<\/a><\/p>\n","protected":false},"author":4,"featured_media":20352,"comment_status":"closed","ping_status":"closed","sticky":false,"template":"","format":"standard","meta":[],"categories":[19,8,3418],"tags":[440,368,345,393],"_links":{"self":[{"href":"https:\/\/bisbalpenedes.com\/web\/wp-json\/wp\/v2\/posts\/20351"}],"collection":[{"href":"https:\/\/bisbalpenedes.com\/web\/wp-json\/wp\/v2\/posts"}],"about":[{"href":"https:\/\/bisbalpenedes.com\/web\/wp-json\/wp\/v2\/types\/post"}],"author":[{"embeddable":true,"href":"https:\/\/bisbalpenedes.com\/web\/wp-json\/wp\/v2\/users\/4"}],"replies":[{"embeddable":true,"href":"https:\/\/bisbalpenedes.com\/web\/wp-json\/wp\/v2\/comments?post=20351"}],"version-history":[{"count":1,"href":"https:\/\/bisbalpenedes.com\/web\/wp-json\/wp\/v2\/posts\/20351\/revisions"}],"predecessor-version":[{"id":20353,"href":"https:\/\/bisbalpenedes.com\/web\/wp-json\/wp\/v2\/posts\/20351\/revisions\/20353"}],"wp:featuredmedia":[{"embeddable":true,"href":"https:\/\/bisbalpenedes.com\/web\/wp-json\/wp\/v2\/media\/20352"}],"wp:attachment":[{"href":"https:\/\/bisbalpenedes.com\/web\/wp-json\/wp\/v2\/media?parent=20351"}],"wp:term":[{"taxonomy":"category","embeddable":true,"href":"https:\/\/bisbalpenedes.com\/web\/wp-json\/wp\/v2\/categories?post=20351"},{"taxonomy":"post_tag","embeddable":true,"href":"https:\/\/bisbalpenedes.com\/web\/wp-json\/wp\/v2\/tags?post=20351"}],"curies":[{"name":"wp","href":"https:\/\/api.w.org\/{rel}","templated":true}]}}