{"id":20343,"date":"2021-12-16T11:15:00","date_gmt":"2021-12-16T09:15:00","guid":{"rendered":"https:\/\/bisbalpenedes.com\/web\/?p=20343"},"modified":"2021-12-15T21:21:08","modified_gmt":"2021-12-15T19:21:08","slug":"lalcaldessa-ha-convocat-la-mesa-de-negociacio-amb-els-representants-dels-treballadors-i-els-sindicats-majoritaris","status":"publish","type":"post","link":"https:\/\/bisbalpenedes.com\/web\/2021\/12\/16\/lalcaldessa-ha-convocat-la-mesa-de-negociacio-amb-els-representants-dels-treballadors-i-els-sindicats-majoritaris\/","title":{"rendered":"L\u2019alcaldessa ha convocat la mesa de negociaci\u00f3 amb els representants dels treballadors i els sindicats majoritaris"},"content":{"rendered":"\n<p>L\u2019alcaldessa de la Bisbal del Pened\u00e8s, Agn\u00e8s Ferr\u00e9, ha convocat els representants dels treballadors -personal municipal laboral i funcionari- i els sindicats majoritaris dels treballadors a Catalunya -CCOO i UGT- el proper dilluns 20 de desembre per abordar diversos temes rellevants a la mesa de negociaci\u00f3, entre els quals destaquen:<\/p>\n\n\n\n<ul><li>L\u2019aprovaci\u00f3 del Pla d\u2019estabilitzaci\u00f3 de l\u2019ocupaci\u00f3 temporal i l\u2019oferta p\u00fablica d\u2019ocupaci\u00f3 (aquest punt forma part de l\u2019execuci\u00f3 de la Relaci\u00f3 de Llocs de Treball \u2013 RLT aprovada l\u2019abril de 2019).<\/li><\/ul>\n\n\n\n<ul><li>La previsi\u00f3 de convocat\u00f2ries de processos selectius per al 2022 (aquest punt forma part de l\u2019execuci\u00f3 de la Relaci\u00f3 de Llocs de Treball \u2013 RLT aprovada l\u2019abril de 2019).<\/li><\/ul>\n\n\n\n<ul><li>El calendari laboral per al 2022.<\/li><\/ul>\n\n\n\n<ul><li>L\u2019increment retributiu per al 2022.<\/li><\/ul>\n\n\n\n<p>Tenint en compte la import\u00e0ncia d\u2019aquesta reuni\u00f3, l\u2019alcaldessa Agn\u00e8s Ferr\u00e9 ha convocat els regidors i les regidores de l\u2019oposici\u00f3 a una reuni\u00f3 que se celebrar\u00e0 el dimarts 21 de desembre a l\u2019Ajuntament amb l\u2019objectiu de detallar-los els acords presos en l\u2019esmentada mesa de negociaci\u00f3.<\/p>\n\n\n\n<hr class=\"wp-block-separator\"\/>\n\n\n\n<p><strong>CASTELLANO |<\/strong> La alcaldesa de la Bisbal del Pened\u00e8s, Agn\u00e8s Ferr\u00e9, ha convocado a los representantes de los trabajadores -personal municipal laboral y funcionario- y a los sindicatos mayoritarios de los trabajadores en Catalu\u00f1a -CCOO y UGT- el pr\u00f3ximo lunes 20 de diciembre para abordar varios temas relevantes en la mesa de negociaci\u00f3n, entre los que destacan:<\/p>\n\n\n\n<ul><li>La aprobaci\u00f3n del Plan de estabilizaci\u00f3n de la ocupaci\u00f3n temporal y la oferta p\u00fablica de ocupaci\u00f3n (este punto forma parte de la ejecuci\u00f3n de la Relaci\u00f3n de Puestos de Trabajo \u2013 RPT aprobada en abril de 2019).<\/li><\/ul>\n\n\n\n<ul><li>La previsi\u00f3n de convocatorias de procesos selectivos para el 2022 (este punto forma parte de la ejecuci\u00f3n de la Relaci\u00f3n de Puestos de Trabajo \u2013 RPT aprobada en abril de 2019).<\/li><\/ul>\n\n\n\n<ul><li>El calendario laboral para el 2022.<\/li><\/ul>\n\n\n\n<ul><li>El incremento retributivo para el 2022.<\/li><\/ul>\n\n\n\n<p>Teniendo en cuenta la importancia de esta reuni\u00f3n, la alcaldesa Agn\u00e8s Ferr\u00e9 ha convocado a los concejales y las concejalas de la oposici\u00f3n a una reuni\u00f3n que se celebrar\u00e1 el martes 21 de diciembre en el Ayuntamiento con el objetivo de detallarles los acuerdos tomados en la citada mesa de negociaci\u00f3n.<\/p>\n","protected":false},"excerpt":{"rendered":"<p>L\u2019alcaldessa de la Bisbal del Pened\u00e8s, Agn\u00e8s Ferr\u00e9, ha convocat els representants dels treballadors -personal municipal laboral i funcionari- i els sindicats majoritaris dels treballadors a Catalunya -CCOO i UGT- &hellip; <a href=\"https:\/\/bisbalpenedes.com\/web\/2021\/12\/16\/lalcaldessa-ha-convocat-la-mesa-de-negociacio-amb-els-representants-dels-treballadors-i-els-sindicats-majoritaris\/\" class=\"more-link\">Read More<\/a><\/p>\n","protected":false},"author":4,"featured_media":12172,"comment_status":"closed","ping_status":"closed","sticky":false,"template":"","format":"standard","meta":[],"categories":[2057,8],"tags":[2866,2941,4122,2867,4719,749],"_links":{"self":[{"href":"https:\/\/bisbalpenedes.com\/web\/wp-json\/wp\/v2\/posts\/20343"}],"collection":[{"href":"https:\/\/bisbalpenedes.com\/web\/wp-json\/wp\/v2\/posts"}],"about":[{"href":"https:\/\/bisbalpenedes.com\/web\/wp-json\/wp\/v2\/types\/post"}],"author":[{"embeddable":true,"href":"https:\/\/bisbalpenedes.com\/web\/wp-json\/wp\/v2\/users\/4"}],"replies":[{"embeddable":true,"href":"https:\/\/bisbalpenedes.com\/web\/wp-json\/wp\/v2\/comments?post=20343"}],"version-history":[{"count":2,"href":"https:\/\/bisbalpenedes.com\/web\/wp-json\/wp\/v2\/posts\/20343\/revisions"}],"predecessor-version":[{"id":20345,"href":"https:\/\/bisbalpenedes.com\/web\/wp-json\/wp\/v2\/posts\/20343\/revisions\/20345"}],"wp:featuredmedia":[{"embeddable":true,"href":"https:\/\/bisbalpenedes.com\/web\/wp-json\/wp\/v2\/media\/12172"}],"wp:attachment":[{"href":"https:\/\/bisbalpenedes.com\/web\/wp-json\/wp\/v2\/media?parent=20343"}],"wp:term":[{"taxonomy":"category","embeddable":true,"href":"https:\/\/bisbalpenedes.com\/web\/wp-json\/wp\/v2\/categories?post=20343"},{"taxonomy":"post_tag","embeddable":true,"href":"https:\/\/bisbalpenedes.com\/web\/wp-json\/wp\/v2\/tags?post=20343"}],"curies":[{"name":"wp","href":"https:\/\/api.w.org\/{rel}","templated":true}]}}