{"id":20340,"date":"2021-12-15T19:36:50","date_gmt":"2021-12-15T17:36:50","guid":{"rendered":"https:\/\/bisbalpenedes.com\/web\/?p=20340"},"modified":"2021-12-15T19:36:50","modified_gmt":"2021-12-15T17:36:50","slug":"lequip-de-govern-continua-amb-la-tramitacio-per-adjudicar-de-les-obres-de-la-fase-1-del-poliesportiu-municipal","status":"publish","type":"post","link":"https:\/\/bisbalpenedes.com\/web\/2021\/12\/15\/lequip-de-govern-continua-amb-la-tramitacio-per-adjudicar-de-les-obres-de-la-fase-1-del-poliesportiu-municipal\/","title":{"rendered":"L&#8217;equip de govern continua amb la tramitaci\u00f3 per adjudicar de les obres de la fase 1 del poliesportiu municipal"},"content":{"rendered":"\n<p>La Junta de Govern del dilluns 13 de desembre inclo\u00efa -i va aprovar- dues propostes amb compet\u00e8ncia del Ple delegada a la Junta de Govern:<\/p>\n\n\n\n<ul><li>Retirada del sis\u00e8 classificat i petici\u00f3 de documentaci\u00f3 al set\u00e8 classificat del procediment de contractaci\u00f3 de les obres de la primera fase del poliesportiu municipal.<\/li><\/ul>\n\n\n\n<ul><li>Iniciar procediment de penalitzaci\u00f3, si s\u2019escau, a la cinquena empresa classificada en l\u2019adjudicaci\u00f3 de les obres de la primera fase del poliesportiu municipal.<\/li><\/ul>\n\n\n\n<p>Les sessions de la Junta de Govern Local no s\u00f3n p\u00fabliques, per\u00f2 quan actua amb compet\u00e8ncies delegades del Ple, la sessi\u00f3 se sotmet als mateixos requisits de publicitat que les sessions del ple, que s\u00f3n p\u00fabliques. Aix\u00ed ho va declarar la STS 161\/2013, de 26 de setembre. Per aquest motiu a les 18:45h del dilluns 13 de desembre es van obrir les portes de la sala de Plens perqu\u00e8 qui ho desitg\u00e9s pogu\u00e9s assistir com a p\u00fablic durant l\u2019aprovaci\u00f3 d\u2019aquests punts de la Junta de Govern. Tot i que l\u2019aprovaci\u00f3 d\u2019aquests punts podia comptar amb la pres\u00e8ncia de p\u00fablic, tamb\u00e9 es van gravar aquests punts i ara publiquem el v\u00eddeo a Youtube per garantir la seva publicitat. Per tot plegat, els regidors de l\u2019oposici\u00f3 van rebre pr\u00e8viament la informaci\u00f3 sobre aquestes propostes a la seva b\u00fastia de correu electr\u00f2nic.<\/p>\n\n\n\n<figure class=\"wp-block-embed is-type-video is-provider-youtube wp-block-embed-youtube wp-embed-aspect-16-9 wp-has-aspect-ratio\"><div class=\"wp-block-embed__wrapper\">\n<iframe loading=\"lazy\" title=\"Junta de Govern local del 13\/12\/21 amb compet\u00e8ncies delegades del Ple.\" width=\"1170\" height=\"658\" src=\"https:\/\/www.youtube.com\/embed\/8FoKebnp858?feature=oembed\" frameborder=\"0\" allow=\"accelerometer; autoplay; clipboard-write; encrypted-media; gyroscope; picture-in-picture\" allowfullscreen><\/iframe>\n<\/div><\/figure>\n\n\n\n<p>&#8212;<\/p>\n\n\n\n<p>La Junta de Gobierno del lunes 13 de diciembre inclu\u00eda -y aprob\u00f3- dos propuestas con competencia del Pleno delegadas a la Junta de Gobierno:<\/p>\n\n\n\n<ul><li>Retirada del sexto clasificado y petici\u00f3n de documentaci\u00f3n al s\u00e9ptimo clasificado del procedimiento de contrataci\u00f3n de las obras de la primera fase del polideportivo municipal.<\/li><\/ul>\n\n\n\n<ul><li>Iniciar procedimiento de penalizaci\u00f3n, si corresponde, a la quinta empresa clasificada en la adjudicaci\u00f3n de las obras de la primera fase del polideportivo municipal.<\/li><\/ul>\n\n\n\n<p>Las sesiones de la Junta de Gobierno Local no son p\u00fablicas, pero cuando act\u00faa con competencias delegadas del Pleno, la sesi\u00f3n se somete a los mismos requisitos de publicidad que las sesiones del pleno, que son p\u00fablicas. As\u00ed lo declar\u00f3 la STS 161\/2013, del 26 de septiembre. Por este motivo, a las 18:45h del lunes 13 de diciembre se abrieron las puertas de la sala de Plenos para que quien lo desease pudiese asistir como p\u00fablico durante la aprobaci\u00f3n de estos puntos de la Junta de Gobierno. Aunque la aprobaci\u00f3n de estos puntos pod\u00eda contar con la presencia de p\u00fablico, tambi\u00e9n se grabaron estos puntos y ahora publicamos el v\u00eddeo en Youtube para garantizar su publicidad. Por todo ello, los concejales de la oposici\u00f3n recibieron previamente la informaci\u00f3n sobre estas propuestas en su buz\u00f3n de correo electr\u00f3nico.&nbsp;<\/p>\n\n\n\n<figure class=\"wp-block-embed is-type-video is-provider-youtube wp-block-embed-youtube wp-embed-aspect-16-9 wp-has-aspect-ratio\"><div class=\"wp-block-embed__wrapper\">\n<iframe loading=\"lazy\" title=\"Junta de Govern local del 13\/12\/21 amb compet\u00e8ncies delegades del Ple.\" width=\"1170\" height=\"658\" src=\"https:\/\/www.youtube.com\/embed\/8FoKebnp858?feature=oembed\" frameborder=\"0\" allow=\"accelerometer; autoplay; clipboard-write; encrypted-media; gyroscope; picture-in-picture\" allowfullscreen><\/iframe>\n<\/div><\/figure>\n","protected":false},"excerpt":{"rendered":"<p>La Junta de Govern del dilluns 13 de desembre inclo\u00efa -i va aprovar- dues propostes amb compet\u00e8ncia del Ple delegada a la Junta de Govern: Retirada del sis\u00e8 classificat i &hellip; <a href=\"https:\/\/bisbalpenedes.com\/web\/2021\/12\/15\/lequip-de-govern-continua-amb-la-tramitacio-per-adjudicar-de-les-obres-de-la-fase-1-del-poliesportiu-municipal\/\" class=\"more-link\">Read More<\/a><\/p>\n","protected":false},"author":4,"featured_media":20341,"comment_status":"closed","ping_status":"closed","sticky":false,"template":"","format":"standard","meta":[],"categories":[3085,8],"tags":[4964,686,393,267,483],"_links":{"self":[{"href":"https:\/\/bisbalpenedes.com\/web\/wp-json\/wp\/v2\/posts\/20340"}],"collection":[{"href":"https:\/\/bisbalpenedes.com\/web\/wp-json\/wp\/v2\/posts"}],"about":[{"href":"https:\/\/bisbalpenedes.com\/web\/wp-json\/wp\/v2\/types\/post"}],"author":[{"embeddable":true,"href":"https:\/\/bisbalpenedes.com\/web\/wp-json\/wp\/v2\/users\/4"}],"replies":[{"embeddable":true,"href":"https:\/\/bisbalpenedes.com\/web\/wp-json\/wp\/v2\/comments?post=20340"}],"version-history":[{"count":1,"href":"https:\/\/bisbalpenedes.com\/web\/wp-json\/wp\/v2\/posts\/20340\/revisions"}],"predecessor-version":[{"id":20342,"href":"https:\/\/bisbalpenedes.com\/web\/wp-json\/wp\/v2\/posts\/20340\/revisions\/20342"}],"wp:featuredmedia":[{"embeddable":true,"href":"https:\/\/bisbalpenedes.com\/web\/wp-json\/wp\/v2\/media\/20341"}],"wp:attachment":[{"href":"https:\/\/bisbalpenedes.com\/web\/wp-json\/wp\/v2\/media?parent=20340"}],"wp:term":[{"taxonomy":"category","embeddable":true,"href":"https:\/\/bisbalpenedes.com\/web\/wp-json\/wp\/v2\/categories?post=20340"},{"taxonomy":"post_tag","embeddable":true,"href":"https:\/\/bisbalpenedes.com\/web\/wp-json\/wp\/v2\/tags?post=20340"}],"curies":[{"name":"wp","href":"https:\/\/api.w.org\/{rel}","templated":true}]}}