{"id":20337,"date":"2021-12-15T19:07:24","date_gmt":"2021-12-15T17:07:24","guid":{"rendered":"https:\/\/bisbalpenedes.com\/web\/?p=20337"},"modified":"2021-12-15T19:07:24","modified_gmt":"2021-12-15T17:07:24","slug":"les-tasses-de-la-campanya-de-dinamitzacio-comercial-troba-la-llum-del-nadal-estan-a-punt-dexhaurir-se","status":"publish","type":"post","link":"https:\/\/bisbalpenedes.com\/web\/2021\/12\/15\/les-tasses-de-la-campanya-de-dinamitzacio-comercial-troba-la-llum-del-nadal-estan-a-punt-dexhaurir-se\/","title":{"rendered":"Les tasses de la campanya de dinamitzaci\u00f3 comercial &#8216;Troba la Llum del Nadal&#8217; estan a punt d&#8217;exhaurir-se"},"content":{"rendered":"\n<p>L&#8217;objecte m\u00e9s preuat d&#8217;aquests dies, les tasses bisbalenques, s&#8217;est\u00e0 exhaurint! Estem molt contents que us hagin agradat tant i pel fet que h\u00e0giu corregut a fer-vos amb les tasses. Quines heu aconseguit?<\/p>\n\n\n\n<p>Des d&#8217;aqu\u00ed volem donar les gr\u00e0cies a tots els comer\u00e7os participants en la campanya. I tamb\u00e9 a tots i totes els i les que aposteu per comprar al comer\u00e7 local.<\/p>\n\n\n\n<p>Ens encantar\u00e0 veure les vostres fotos, amb les tasses, penjades a Instagram amb l&#8217;etiqueta #JoComproALaBisbal. Animeu-vos a compartir-les!<\/p>\n\n\n\n<p>Recordeu que fins al 19 de desembre podeu seguir fent les vostres compres per aconseguir l&#8217;arbre llumin\u00f3s de Nadal i participar en el sorteig de 4 lots de productes bisbalencs.<\/p>\n\n\n\n<p>La Regidoria de Comer\u00e7 ja est\u00e0 barallant diverses idees per a la campanya comercial de l&#8217;any vinent. Quins obsequis hi haur\u00e0? Haurem d&#8217;esperar per saber-ho!&nbsp;<\/p>\n\n\n\n<hr class=\"wp-block-separator\"\/>\n\n\n\n<p>\u00a1El objeto m\u00e1s preciado de estos d\u00edas, las tazas &#8216;bisbalenques&#8217;, se est\u00e1 agotando! Estamos muy contentos de que os hayan gustado tanto y de que hay\u00e1is corrido a haceros con las tazas. \u00bfCu\u00e1les ten\u00e9is?<\/p>\n\n\n\n<p>Desde aqu\u00ed queremos dar las gracias a todos los comercios participantes en la campa\u00f1a. Y tambi\u00e9n a todos y todas los que apost\u00e1is por comprar en el comercio local.<\/p>\n\n\n\n<p>Nos encantar\u00e1 ver vuestras fotos, con las tazas, colgadas en Instagram con la etiqueta #JoComproALaBisbal. \u00a1Animaos a compartirlas!<\/p>\n\n\n\n<p>Recordad que hasta el 19 de diciembre pod\u00e9is seguir haciendo vuestras compras para conseguir el \u00e1rbol luminoso de Navidad y participar en el sorteo de 4 lotes de productos bisbalenses.<\/p>\n\n\n\n<p>La Concejal\u00eda de Comercio ya est\u00e1 barajando varias ideas para la campa\u00f1a comercial del a\u00f1o que viene. \u00bfQu\u00e9 obsequios habr\u00e1? \u00a1Tendremos que esperar para saberlo!<\/p>\n\n\n\n<p><\/p>\n","protected":false},"excerpt":{"rendered":"<p>L&#8217;objecte m\u00e9s preuat d&#8217;aquests dies, les tasses bisbalenques, s&#8217;est\u00e0 exhaurint! Estem molt contents que us hagin agradat tant i pel fet que h\u00e0giu corregut a fer-vos amb les tasses. Quines &hellip; <a href=\"https:\/\/bisbalpenedes.com\/web\/2021\/12\/15\/les-tasses-de-la-campanya-de-dinamitzacio-comercial-troba-la-llum-del-nadal-estan-a-punt-dexhaurir-se\/\" class=\"more-link\">Read More<\/a><\/p>\n","protected":false},"author":4,"featured_media":20338,"comment_status":"closed","ping_status":"closed","sticky":false,"template":"","format":"standard","meta":[],"categories":[3860,8],"tags":[329,4204,393,4963,4962,4961,4245],"_links":{"self":[{"href":"https:\/\/bisbalpenedes.com\/web\/wp-json\/wp\/v2\/posts\/20337"}],"collection":[{"href":"https:\/\/bisbalpenedes.com\/web\/wp-json\/wp\/v2\/posts"}],"about":[{"href":"https:\/\/bisbalpenedes.com\/web\/wp-json\/wp\/v2\/types\/post"}],"author":[{"embeddable":true,"href":"https:\/\/bisbalpenedes.com\/web\/wp-json\/wp\/v2\/users\/4"}],"replies":[{"embeddable":true,"href":"https:\/\/bisbalpenedes.com\/web\/wp-json\/wp\/v2\/comments?post=20337"}],"version-history":[{"count":1,"href":"https:\/\/bisbalpenedes.com\/web\/wp-json\/wp\/v2\/posts\/20337\/revisions"}],"predecessor-version":[{"id":20339,"href":"https:\/\/bisbalpenedes.com\/web\/wp-json\/wp\/v2\/posts\/20337\/revisions\/20339"}],"wp:featuredmedia":[{"embeddable":true,"href":"https:\/\/bisbalpenedes.com\/web\/wp-json\/wp\/v2\/media\/20338"}],"wp:attachment":[{"href":"https:\/\/bisbalpenedes.com\/web\/wp-json\/wp\/v2\/media?parent=20337"}],"wp:term":[{"taxonomy":"category","embeddable":true,"href":"https:\/\/bisbalpenedes.com\/web\/wp-json\/wp\/v2\/categories?post=20337"},{"taxonomy":"post_tag","embeddable":true,"href":"https:\/\/bisbalpenedes.com\/web\/wp-json\/wp\/v2\/tags?post=20337"}],"curies":[{"name":"wp","href":"https:\/\/api.w.org\/{rel}","templated":true}]}}