{"id":20333,"date":"2021-12-14T13:41:54","date_gmt":"2021-12-14T11:41:54","guid":{"rendered":"https:\/\/bisbalpenedes.com\/web\/?p=20333"},"modified":"2021-12-14T13:41:54","modified_gmt":"2021-12-14T11:41:54","slug":"aquest-cap-de-setmana-es-faran-diversos-actes-per-collaborar-amb-la-marato","status":"publish","type":"post","link":"https:\/\/bisbalpenedes.com\/web\/2021\/12\/14\/aquest-cap-de-setmana-es-faran-diversos-actes-per-collaborar-amb-la-marato\/","title":{"rendered":"Aquest cap de setmana es faran diversos actes per col\u00b7laborar amb La Marat\u00f3"},"content":{"rendered":"\n<p>Aquest cap de setmana, col\u00b7labora amb La Marat\u00f3 de TV3 sense moure\u2019t de la Bisbal:<\/p>\n\n\n\n<p>El dissabte 18 de desembre al concert de l\u2019Escola de M\u00fasica.<\/p>\n\n\n\n<p>El diumenge 19 de desembre durant les actuacions de les entitats de cultura popular, adquirint coca i xocolata o assistint al dinar de l\u2019Associaci\u00f3 de Dones de La Roca Foradada.&nbsp;<\/p>\n\n\n\n<p>A m\u00e9s, partir de les 10h la Colla Castellera de la Bisbal del Pened\u00e8s (Bous)<\/p>\n\n\n\n<p>&nbsp;oferir\u00e0 activitats de gesti\u00f3 emocional adaptades a totes les edats i tallers de castells tamb\u00e9 en benefici de La Marat\u00f3.<\/p>\n\n\n\n<p>Enguany La Marat\u00f3 \u00e9s sobre la salut mental i, com sempre, cada aportaci\u00f3, compta.<\/p>\n\n\n\n<hr class=\"wp-block-separator\"\/>\n\n\n\n<p>Este fin de semana, colabora con La Marat\u00f3 de TV3 sin moverte de la Bisbal<\/p>\n\n\n\n<p>El s\u00e1bado 18 de diciembre en el concierto de la Escuela de M\u00fasica.<\/p>\n\n\n\n<p>El domingo 19 de diciembre durante las actuaciones de las entidades de cultura popular, adquiriendo coca y chocolate o asistiendo a la comida de la Associaci\u00f3 de Dones de La Roca Foradada.<\/p>\n\n\n\n<p>Adem\u00e1s, a partir de las 10h la Colla Castellera de la Bisbal del Pened\u00e8s (Bous) ofrecer\u00e1 actividades de gesti\u00f3n emocional adaptadas a todas las edades y talleres de \u2018castells\u2019 tambi\u00e9n en beneficio de La Marat\u00f3.<\/p>\n\n\n\n<p>Este a\u00f1o La Marat\u00f3 es sobre la salud mental y, como siempre, cada aportaci\u00f3n, cuenta.<\/p>\n","protected":false},"excerpt":{"rendered":"<p>Aquest cap de setmana, col\u00b7labora amb La Marat\u00f3 de TV3 sense moure\u2019t de la Bisbal: El dissabte 18 de desembre al concert de l\u2019Escola de M\u00fasica. El diumenge 19 de &hellip; <a href=\"https:\/\/bisbalpenedes.com\/web\/2021\/12\/14\/aquest-cap-de-setmana-es-faran-diversos-actes-per-collaborar-amb-la-marato\/\" class=\"more-link\">Read More<\/a><\/p>\n","protected":false},"author":4,"featured_media":20334,"comment_status":"closed","ping_status":"closed","sticky":false,"template":"","format":"standard","meta":[],"categories":[2942,8,1043],"tags":[351,393,899,2624,373],"_links":{"self":[{"href":"https:\/\/bisbalpenedes.com\/web\/wp-json\/wp\/v2\/posts\/20333"}],"collection":[{"href":"https:\/\/bisbalpenedes.com\/web\/wp-json\/wp\/v2\/posts"}],"about":[{"href":"https:\/\/bisbalpenedes.com\/web\/wp-json\/wp\/v2\/types\/post"}],"author":[{"embeddable":true,"href":"https:\/\/bisbalpenedes.com\/web\/wp-json\/wp\/v2\/users\/4"}],"replies":[{"embeddable":true,"href":"https:\/\/bisbalpenedes.com\/web\/wp-json\/wp\/v2\/comments?post=20333"}],"version-history":[{"count":1,"href":"https:\/\/bisbalpenedes.com\/web\/wp-json\/wp\/v2\/posts\/20333\/revisions"}],"predecessor-version":[{"id":20335,"href":"https:\/\/bisbalpenedes.com\/web\/wp-json\/wp\/v2\/posts\/20333\/revisions\/20335"}],"wp:featuredmedia":[{"embeddable":true,"href":"https:\/\/bisbalpenedes.com\/web\/wp-json\/wp\/v2\/media\/20334"}],"wp:attachment":[{"href":"https:\/\/bisbalpenedes.com\/web\/wp-json\/wp\/v2\/media?parent=20333"}],"wp:term":[{"taxonomy":"category","embeddable":true,"href":"https:\/\/bisbalpenedes.com\/web\/wp-json\/wp\/v2\/categories?post=20333"},{"taxonomy":"post_tag","embeddable":true,"href":"https:\/\/bisbalpenedes.com\/web\/wp-json\/wp\/v2\/tags?post=20333"}],"curies":[{"name":"wp","href":"https:\/\/api.w.org\/{rel}","templated":true}]}}