{"id":20328,"date":"2021-12-14T12:36:53","date_gmt":"2021-12-14T10:36:53","guid":{"rendered":"https:\/\/bisbalpenedes.com\/web\/?p=20328"},"modified":"2021-12-14T12:37:43","modified_gmt":"2021-12-14T10:37:43","slug":"ja-podeu-demanar-cita-per-a-la-vacunacio-infantil-de-la-covid-19","status":"publish","type":"post","link":"https:\/\/bisbalpenedes.com\/web\/2021\/12\/14\/ja-podeu-demanar-cita-per-a-la-vacunacio-infantil-de-la-covid-19\/","title":{"rendered":"Ja podeu demanar cita per a la vacunaci\u00f3 infantil de la COVID-19"},"content":{"rendered":"\n<p>Ja podeu demanar cita pr\u00e8via per a la vacunaci\u00f3 infantil (infants de 5 a 11 anys) contra la COVID-19.<\/p>\n\n\n\n<p>L&#8217;hora es pot demanar a <a href=\"http:\/\/vacunacovidsalut.cat\" target=\"_blank\" rel=\"noreferrer noopener\">http:\/\/vacunacovidsalut.cat<\/a><\/p>\n\n\n\n<p>Trobareu m\u00e9s informaci\u00f3 a: <a href=\"https:\/\/canalsalut.gencat.cat\/ca\/salut-a-z\/v\/vacuna-covid-19\/ciutadania\/campanya-vacunacio\/vacunacio-infantil\/\" target=\"_blank\" rel=\"noreferrer noopener\">https:\/\/canalsalut.gencat.cat\/ca\/salut-a-z\/v\/vacuna-covid-19\/ciutadania\/campanya-vacunacio\/vacunacio-infantil\/<\/a><\/p>\n\n\n\n<hr class=\"wp-block-separator\"\/>\n\n\n\n<p>Ya pod\u00e9is solicitar cita previa para la vacunaci\u00f3n infantil (ni\u00f1os y ni\u00f1as de 5 a 11 a\u00f1os) contra la COVID-19.<\/p>\n\n\n\n<p>La hora se puede solicitar en <a href=\"http:\/\/vacunacovidsalut.cat\" target=\"_blank\" rel=\"noreferrer noopener\">http:\/\/vacunacovidsalut.cat<\/a><\/p>\n\n\n\n<p>Encontrar\u00e9is m\u00e1s informaci\u00f3n en: <a href=\"https:\/\/canalsalut.gencat.cat\/ca\/salut-a-z\/v\/vacuna-covid-19\/ciutadania\/campanya-vacunacio\/vacunacio-infantil\/\" target=\"_blank\" rel=\"noreferrer noopener\">https:\/\/canalsalut.gencat.cat\/ca\/salut-a-z\/v\/vacuna-covid-19\/ciutadania\/campanya-vacunacio\/vacunacio-infantil\/<\/a><\/p>\n","protected":false},"excerpt":{"rendered":"<p>Ja podeu demanar cita pr\u00e8via per a la vacunaci\u00f3 infantil (infants de 5 a 11 anys) contra la COVID-19. L&#8217;hora es pot demanar a http:\/\/vacunacovidsalut.cat Trobareu m\u00e9s informaci\u00f3 a: https:\/\/canalsalut.gencat.cat\/ca\/salut-a-z\/v\/vacuna-covid-19\/ciutadania\/campanya-vacunacio\/vacunacio-infantil\/ &hellip; <a href=\"https:\/\/bisbalpenedes.com\/web\/2021\/12\/14\/ja-podeu-demanar-cita-per-a-la-vacunacio-infantil-de-la-covid-19\/\" class=\"more-link\">Read More<\/a><\/p>\n","protected":false},"author":4,"featured_media":20329,"comment_status":"closed","ping_status":"closed","sticky":false,"template":"","format":"standard","meta":[],"categories":[3636,4095,8,14],"tags":[3550,3559,393,4096,28,4601,431],"_links":{"self":[{"href":"https:\/\/bisbalpenedes.com\/web\/wp-json\/wp\/v2\/posts\/20328"}],"collection":[{"href":"https:\/\/bisbalpenedes.com\/web\/wp-json\/wp\/v2\/posts"}],"about":[{"href":"https:\/\/bisbalpenedes.com\/web\/wp-json\/wp\/v2\/types\/post"}],"author":[{"embeddable":true,"href":"https:\/\/bisbalpenedes.com\/web\/wp-json\/wp\/v2\/users\/4"}],"replies":[{"embeddable":true,"href":"https:\/\/bisbalpenedes.com\/web\/wp-json\/wp\/v2\/comments?post=20328"}],"version-history":[{"count":2,"href":"https:\/\/bisbalpenedes.com\/web\/wp-json\/wp\/v2\/posts\/20328\/revisions"}],"predecessor-version":[{"id":20331,"href":"https:\/\/bisbalpenedes.com\/web\/wp-json\/wp\/v2\/posts\/20328\/revisions\/20331"}],"wp:featuredmedia":[{"embeddable":true,"href":"https:\/\/bisbalpenedes.com\/web\/wp-json\/wp\/v2\/media\/20329"}],"wp:attachment":[{"href":"https:\/\/bisbalpenedes.com\/web\/wp-json\/wp\/v2\/media?parent=20328"}],"wp:term":[{"taxonomy":"category","embeddable":true,"href":"https:\/\/bisbalpenedes.com\/web\/wp-json\/wp\/v2\/categories?post=20328"},{"taxonomy":"post_tag","embeddable":true,"href":"https:\/\/bisbalpenedes.com\/web\/wp-json\/wp\/v2\/tags?post=20328"}],"curies":[{"name":"wp","href":"https:\/\/api.w.org\/{rel}","templated":true}]}}