{"id":20320,"date":"2021-12-13T19:36:40","date_gmt":"2021-12-13T17:36:40","guid":{"rendered":"https:\/\/bisbalpenedes.com\/web\/?p=20320"},"modified":"2021-12-13T19:36:40","modified_gmt":"2021-12-13T17:36:40","slug":"aquest-dilluns-el-tn-comarques-de-tv3-ha-abordat-el-tema-de-la-nova-delimitacio-del-papagai-entre-els-municipis-de-sant-jaume-dels-domenys-i-la-bisbal-del-penedes-per-evitar-partir-parcelles","status":"publish","type":"post","link":"https:\/\/bisbalpenedes.com\/web\/2021\/12\/13\/aquest-dilluns-el-tn-comarques-de-tv3-ha-abordat-el-tema-de-la-nova-delimitacio-del-papagai-entre-els-municipis-de-sant-jaume-dels-domenys-i-la-bisbal-del-penedes-per-evitar-partir-parcelles\/","title":{"rendered":"Aquest dilluns el TN comarques de TV3 ha abordat el tema de la nova delimitaci\u00f3 del Papagai -entre els municipis de Sant Jaume dels Domenys i La Bisbal del Pened\u00e8s- per evitar partir parcel\u00b7les"},"content":{"rendered":"\n<p>Avui el TN comarques de TV3 ha explicat que el Papagai canvia la seva delimitaci\u00f3 entre Sant Jaume dels Domenys i la Bisbal del Pened\u00e8s per evitar partir parcel\u00b7les, gr\u00e0cies a la feina realitzada entre ambd\u00f3s ajuntaments. Dies enrere us ho vam explicar aqu\u00ed: <a href=\"https:\/\/bit.ly\/3CIjQGl\">https:\/\/bit.ly\/3CIjQGl<\/a>.<\/p>\n\n\n\n<p>La previsi\u00f3 \u00e9s que l\u2019any vinent cada ve\u00ed pagui els impostos al municipi que li correspongui, a trav\u00e9s de BASE. Ambd\u00f3s Ajuntaments han estat treballant de forma conjunta amb BASE Gesti\u00f3 d\u2019Ingressos perqu\u00e8 sigui aix\u00ed, tal com ha explicat l\u2019alcaldessa de la Bisbal del Pened\u00e8s, Agn\u00e8s Ferr\u00e9.<\/p>\n\n\n\n<p>Podeu trobar la not\u00edcia emesa avui per televisi\u00f3, aqu\u00ed: <\/p>\n\n\n\n<iframe loading=\"lazy\" src=\"https:\/\/www.ccma.cat\/video\/embed\/6134215\/\" allowfullscreen scrolling=\"no\" frameborder=\"0\" width=\"500px\" height=\"281px\"><\/iframe>\n\n\n\n<p><strong>CASTELLANO |<\/strong>\u00a0Hoy el TN \u2018comarques\u2019 de TV3 ha explicado que el Papagai cambia su delimitaci\u00f3n entre Sant Jaume dels Domenys y la Bisbal del Pened\u00e8s para evitar partir parcelas, gracias al trabajo realizado entre ambos ayuntamientos. D\u00edas atr\u00e1s os lo explicamos aqu\u00ed: <a href=\"https:\/\/bit.ly\/3CIjQGl\">https:\/\/bit.ly\/3CIjQGl<\/a><\/p>\n\n\n\n<p>La previsi\u00f3n es que el a\u00f1o que viene cada vecino pague los impuestos en el municipio que le corresponde, a trav\u00e9s de BASE. Ambos Ayuntamientos han estado trabajando de manera conjunta con BASE Gesti\u00f3n de Ingresos para que sea as\u00ed, tal como ha explicado la alcaldesa de la Bisbal del Pened\u00e8s, Agn\u00e8s Ferr\u00e9.<\/p>\n\n\n\n<p>Pod\u00e9is encontrar la noticia emitida hoy en televisi\u00f3n, aqu\u00ed: <\/p>\n\n\n\n<iframe loading=\"lazy\" src=\"https:\/\/www.ccma.cat\/video\/embed\/6134215\/\" allowfullscreen scrolling=\"no\" frameborder=\"0\" width=\"500px\" height=\"281px\"><\/iframe>\n","protected":false},"excerpt":{"rendered":"<p>Avui el TN comarques de TV3 ha explicat que el Papagai canvia la seva delimitaci\u00f3 entre Sant Jaume dels Domenys i la Bisbal del Pened\u00e8s per evitar partir parcel\u00b7les, gr\u00e0cies &hellip; <a href=\"https:\/\/bisbalpenedes.com\/web\/2021\/12\/13\/aquest-dilluns-el-tn-comarques-de-tv3-ha-abordat-el-tema-de-la-nova-delimitacio-del-papagai-entre-els-municipis-de-sant-jaume-dels-domenys-i-la-bisbal-del-penedes-per-evitar-partir-parcelles\/\" class=\"more-link\">Read More<\/a><\/p>\n","protected":false},"author":4,"featured_media":20321,"comment_status":"closed","ping_status":"closed","sticky":false,"template":"","format":"standard","meta":[],"categories":[2057,8],"tags":[459,4959,1795,1177,393,1842],"_links":{"self":[{"href":"https:\/\/bisbalpenedes.com\/web\/wp-json\/wp\/v2\/posts\/20320"}],"collection":[{"href":"https:\/\/bisbalpenedes.com\/web\/wp-json\/wp\/v2\/posts"}],"about":[{"href":"https:\/\/bisbalpenedes.com\/web\/wp-json\/wp\/v2\/types\/post"}],"author":[{"embeddable":true,"href":"https:\/\/bisbalpenedes.com\/web\/wp-json\/wp\/v2\/users\/4"}],"replies":[{"embeddable":true,"href":"https:\/\/bisbalpenedes.com\/web\/wp-json\/wp\/v2\/comments?post=20320"}],"version-history":[{"count":1,"href":"https:\/\/bisbalpenedes.com\/web\/wp-json\/wp\/v2\/posts\/20320\/revisions"}],"predecessor-version":[{"id":20322,"href":"https:\/\/bisbalpenedes.com\/web\/wp-json\/wp\/v2\/posts\/20320\/revisions\/20322"}],"wp:featuredmedia":[{"embeddable":true,"href":"https:\/\/bisbalpenedes.com\/web\/wp-json\/wp\/v2\/media\/20321"}],"wp:attachment":[{"href":"https:\/\/bisbalpenedes.com\/web\/wp-json\/wp\/v2\/media?parent=20320"}],"wp:term":[{"taxonomy":"category","embeddable":true,"href":"https:\/\/bisbalpenedes.com\/web\/wp-json\/wp\/v2\/categories?post=20320"},{"taxonomy":"post_tag","embeddable":true,"href":"https:\/\/bisbalpenedes.com\/web\/wp-json\/wp\/v2\/tags?post=20320"}],"curies":[{"name":"wp","href":"https:\/\/api.w.org\/{rel}","templated":true}]}}