{"id":2031,"date":"2017-03-06T22:17:08","date_gmt":"2017-03-06T16:17:08","guid":{"rendered":"http:\/\/bisbalpenedes.com\/web\/?p=2031"},"modified":"2017-03-11T16:00:57","modified_gmt":"2017-03-11T10:00:57","slug":"la-bisbal-del-penedes-recupera-la-tradicio-dels-tres-tombs","status":"publish","type":"post","link":"https:\/\/bisbalpenedes.com\/web\/2017\/03\/06\/la-bisbal-del-penedes-recupera-la-tradicio-dels-tres-tombs\/","title":{"rendered":"La Bisbal del Pened\u00e8s recupera la tradici\u00f3 dels Tres Tombs"},"content":{"rendered":"<p><a href=\"http:\/\/bisbalpenedes.com\/web\/wp-content\/uploads\/2017\/03\/diptic-sencer.jpeg\"><img loading=\"lazy\" class=\"size-medium wp-image-2034 aligncenter\" title=\"diptic sencer\" src=\"http:\/\/bisbalpenedes.com\/web\/wp-content\/uploads\/2017\/03\/diptic-sencer-216x300.jpeg\" alt=\"\" width=\"216\" height=\"300\" srcset=\"https:\/\/bisbalpenedes.com\/web\/wp-content\/uploads\/2017\/03\/diptic-sencer-216x300.jpeg 216w, https:\/\/bisbalpenedes.com\/web\/wp-content\/uploads\/2017\/03\/diptic-sencer-600x833.jpeg 600w, https:\/\/bisbalpenedes.com\/web\/wp-content\/uploads\/2017\/03\/diptic-sencer-737x1024.jpeg 737w, https:\/\/bisbalpenedes.com\/web\/wp-content\/uploads\/2017\/03\/diptic-sencer-scaled.jpeg 1844w\" sizes=\"(max-width: 216px) 100vw, 216px\" \/><\/a><\/p>\n<p>La Bisbal del Pened\u00e8s celebrar\u00e0 els Tres Tombs el proper cap de setmana. La celebraci\u00f3 comen\u00e7ar\u00e0\u00a0el\u00a0<strong>dissabte 11 de mar\u00e7<\/strong>\u00a0a les\u00a0<strong>18.00h\u00a0<\/strong>amb la inauguraci\u00f3 de l\u2019exposici\u00f3 \u201cPaisatges i Tres Tombs\u201d de la Montserrat Bermejo, aficionada a la fotografia, al CMC (Centre Municipal de Cultura). El mateix dissabte a les\u00a0<strong>19.30h<\/strong>\u00a0es far\u00e0 una missa en record dels difunts de l\u2019Associaci\u00f3 dels Tres Tombs a l\u2019esgl\u00e9sia de Santa Maria de la Bisbal.<\/p>\n<p>El\u00a0<strong>diumenge 12 de mar\u00e7<\/strong>, a les\u00a0<strong>9.00h<\/strong>, es dur\u00e0 a terme la concentraci\u00f3 de cavalls a la Cooperativa de Cellers Domenys i a les\u00a0<strong>9.30h<\/strong>\u00a0hi haur\u00e0 esmorzar*. A partir de les\u00a0<strong>12.00h\u00a0<\/strong>comen\u00e7aran els Tres Tombs, que faran el seg\u00fcent recorregut:<\/p>\n<div>\n<p>Avda. Generalitat, Av. Colom, Ptge de la Reixa, C. Safreigs, C. General Manso, Baixada del Pont, C. Jacint Verdaguer, C. Major, Avda. Colom, C. Tarragona, Avda. Baix Pened\u00e8s, C. Balmes, C. Major i Avda. Colom.<\/p>\n<\/div>\n<p>Durant el recorregut es comptar\u00e0 amb les actuacions dels Grallers i Tabalers de la Societat, que acompanyaran la cercavila de carros i animals. D\u2019altra banda a la pla\u00e7a de Catalunya s\u2019hi podran adquirir tortells de Sant Antoni gr\u00e0cies a la col\u00b7laboraci\u00f3 del Ball de Gitanes de la Bisbal. En finalitzar els Tres Tombs es far\u00e0 l\u2019entrega d\u2019obsequis que comptar\u00e0 amb la pres\u00e8ncia de Jordi Agr\u00e0s, Director dels Serveis Territorials de Cultura de la Generalitat.<\/p>\n<p>A la Bisbal del Pened\u00e8s la tradici\u00f3 dels Tres Tombs va comen\u00e7ar als anys noranta sota l\u2019organitzaci\u00f3 de l\u2019Associaci\u00f3 dels Tres Tombs de la Bisbal que s\u2019encarregava de tirar endavant tot l\u2019acte i de buscar patrocinadors per cobrir despeses, entre els quals hi havia l\u2019Ajuntament de la Bisbal del Pened\u00e8s.\u00a0L&#8217;any 2010 va deixar-se de celebrar i enguany la regidoria de Cultura de La Bisbal del Pened\u00e8s ha decidit recuperar la celebraci\u00f3 de la festa comptant amb la col\u00b7laboraci\u00f3 d\u2019aquells que abans la feien possible des de l\u2019Associaci\u00f3 dels Tres Tombs.<\/p>\n<p>*Els tiquets per a l\u2019esmorzar es podran adquirir a partir del dilluns 6 de mar\u00e7 a l\u2019Ajuntament de la Bisbal del Pened\u00e8s. Horari: de dilluns a\u00a0divendres de 9:00 a 13:30h. Dilluns i\u00a0dimecres de 16:00h a 20:00h.<\/p>\n","protected":false},"excerpt":{"rendered":"<p>La Bisbal del Pened\u00e8s celebrar\u00e0 els Tres Tombs el proper cap de setmana. La celebraci\u00f3 comen\u00e7ar\u00e0\u00a0el\u00a0dissabte 11 de mar\u00e7\u00a0a les\u00a018.00h\u00a0amb la inauguraci\u00f3 de l\u2019exposici\u00f3 \u201cPaisatges i Tres Tombs\u201d de la &hellip; <a href=\"https:\/\/bisbalpenedes.com\/web\/2017\/03\/06\/la-bisbal-del-penedes-recupera-la-tradicio-dels-tres-tombs\/\" class=\"more-link\">Read More<\/a><\/p>\n","protected":false},"author":4,"featured_media":2033,"comment_status":"closed","ping_status":"closed","sticky":false,"template":"","format":"standard","meta":[],"categories":[13],"tags":[230,229,228],"_links":{"self":[{"href":"https:\/\/bisbalpenedes.com\/web\/wp-json\/wp\/v2\/posts\/2031"}],"collection":[{"href":"https:\/\/bisbalpenedes.com\/web\/wp-json\/wp\/v2\/posts"}],"about":[{"href":"https:\/\/bisbalpenedes.com\/web\/wp-json\/wp\/v2\/types\/post"}],"author":[{"embeddable":true,"href":"https:\/\/bisbalpenedes.com\/web\/wp-json\/wp\/v2\/users\/4"}],"replies":[{"embeddable":true,"href":"https:\/\/bisbalpenedes.com\/web\/wp-json\/wp\/v2\/comments?post=2031"}],"version-history":[{"count":5,"href":"https:\/\/bisbalpenedes.com\/web\/wp-json\/wp\/v2\/posts\/2031\/revisions"}],"predecessor-version":[{"id":2037,"href":"https:\/\/bisbalpenedes.com\/web\/wp-json\/wp\/v2\/posts\/2031\/revisions\/2037"}],"wp:featuredmedia":[{"embeddable":true,"href":"https:\/\/bisbalpenedes.com\/web\/wp-json\/wp\/v2\/media\/2033"}],"wp:attachment":[{"href":"https:\/\/bisbalpenedes.com\/web\/wp-json\/wp\/v2\/media?parent=2031"}],"wp:term":[{"taxonomy":"category","embeddable":true,"href":"https:\/\/bisbalpenedes.com\/web\/wp-json\/wp\/v2\/categories?post=2031"},{"taxonomy":"post_tag","embeddable":true,"href":"https:\/\/bisbalpenedes.com\/web\/wp-json\/wp\/v2\/tags?post=2031"}],"curies":[{"name":"wp","href":"https:\/\/api.w.org\/{rel}","templated":true}]}}