{"id":20289,"date":"2021-12-13T11:19:14","date_gmt":"2021-12-13T09:19:14","guid":{"rendered":"https:\/\/bisbalpenedes.com\/web\/?p=20289"},"modified":"2021-12-13T11:19:34","modified_gmt":"2021-12-13T09:19:34","slug":"avui-dilluns-a-les-19h-encentrem-les-llums-de-larbre-de-nadal-de-la-placa-de-lesglesia","status":"publish","type":"post","link":"https:\/\/bisbalpenedes.com\/web\/2021\/12\/13\/avui-dilluns-a-les-19h-encentrem-les-llums-de-larbre-de-nadal-de-la-placa-de-lesglesia\/","title":{"rendered":"Avui dilluns a les 19h encendrem les llums de l&#8217;arbre de Nadal de la pla\u00e7a de l&#8217;Esgl\u00e9sia"},"content":{"rendered":"\n<p>Avui dilluns encendrem les llums de l&#8217;arbre de Nadal de la pla\u00e7a de l&#8217;Esgl\u00e9sia!<\/p>\n\n\n\n<p><strong>A partir de les 19h<\/strong><\/p>\n\n\n\n<p>Amb:<\/p>\n\n\n\n<ul><li>Xaranga<\/li><\/ul>\n\n\n\n<ul><li>Els Llumillums (\u00e9ssers de llum)<\/li><\/ul>\n\n\n\n<ul><li>Cava de Cellers Domenys per als assistents<\/li><\/ul>\n\n\n\n<p>NO HI FALTIS!<\/p>\n\n\n\n<hr class=\"wp-block-separator\"\/>\n\n\n\n<p>\u00a1Hoy lunes encenderemos las luces del \u00e1rbol de Navidad de la plaza de la Iglesia!<\/p>\n\n\n\n<p><strong>A partir de las 19h&nbsp;<\/strong><\/p>\n\n\n\n<p>Con:<\/p>\n\n\n\n<ul><li>Charanga<\/li><\/ul>\n\n\n\n<ul><li>Los Llumillums (seres de luz)<\/li><\/ul>\n\n\n\n<ul><li>Cava de Cellers Domenys para los asistentes<\/li><\/ul>\n\n\n\n<p>\u00a1NO FALTES A LA CITA!<\/p>\n","protected":false},"excerpt":{"rendered":"<p>Avui dilluns encendrem les llums de l&#8217;arbre de Nadal de la pla\u00e7a de l&#8217;Esgl\u00e9sia! A partir de les 19h Amb: Xaranga Els Llumillums (\u00e9ssers de llum) Cava de Cellers Domenys &hellip; <a href=\"https:\/\/bisbalpenedes.com\/web\/2021\/12\/13\/avui-dilluns-a-les-19h-encentrem-les-llums-de-larbre-de-nadal-de-la-placa-de-lesglesia\/\" class=\"more-link\">Read More<\/a><\/p>\n","protected":false},"author":4,"featured_media":20290,"comment_status":"closed","ping_status":"closed","sticky":false,"template":"","format":"standard","meta":[],"categories":[3860,4668,8],"tags":[4935,459,2035,1349,1056,4948,4204,393,2638,4932],"_links":{"self":[{"href":"https:\/\/bisbalpenedes.com\/web\/wp-json\/wp\/v2\/posts\/20289"}],"collection":[{"href":"https:\/\/bisbalpenedes.com\/web\/wp-json\/wp\/v2\/posts"}],"about":[{"href":"https:\/\/bisbalpenedes.com\/web\/wp-json\/wp\/v2\/types\/post"}],"author":[{"embeddable":true,"href":"https:\/\/bisbalpenedes.com\/web\/wp-json\/wp\/v2\/users\/4"}],"replies":[{"embeddable":true,"href":"https:\/\/bisbalpenedes.com\/web\/wp-json\/wp\/v2\/comments?post=20289"}],"version-history":[{"count":2,"href":"https:\/\/bisbalpenedes.com\/web\/wp-json\/wp\/v2\/posts\/20289\/revisions"}],"predecessor-version":[{"id":20292,"href":"https:\/\/bisbalpenedes.com\/web\/wp-json\/wp\/v2\/posts\/20289\/revisions\/20292"}],"wp:featuredmedia":[{"embeddable":true,"href":"https:\/\/bisbalpenedes.com\/web\/wp-json\/wp\/v2\/media\/20290"}],"wp:attachment":[{"href":"https:\/\/bisbalpenedes.com\/web\/wp-json\/wp\/v2\/media?parent=20289"}],"wp:term":[{"taxonomy":"category","embeddable":true,"href":"https:\/\/bisbalpenedes.com\/web\/wp-json\/wp\/v2\/categories?post=20289"},{"taxonomy":"post_tag","embeddable":true,"href":"https:\/\/bisbalpenedes.com\/web\/wp-json\/wp\/v2\/tags?post=20289"}],"curies":[{"name":"wp","href":"https:\/\/api.w.org\/{rel}","templated":true}]}}