{"id":20280,"date":"2021-12-10T16:08:43","date_gmt":"2021-12-10T14:08:43","guid":{"rendered":"https:\/\/bisbalpenedes.com\/web\/?p=20280"},"modified":"2021-12-10T16:08:43","modified_gmt":"2021-12-10T14:08:43","slug":"la-presidenta-de-la-cambra-de-comerc-ha-visitat-les-botigues-bisbalenques-aquest-divendres-amb-motiu-de-linici-de-la-campanya-de-dinamitzacio-comecial-troba-la-llum-del-nadal","status":"publish","type":"post","link":"https:\/\/bisbalpenedes.com\/web\/2021\/12\/10\/la-presidenta-de-la-cambra-de-comerc-ha-visitat-les-botigues-bisbalenques-aquest-divendres-amb-motiu-de-linici-de-la-campanya-de-dinamitzacio-comecial-troba-la-llum-del-nadal\/","title":{"rendered":"La presidenta de la Cambra de Comer\u00e7 ha visitat les botigues bisbalenques aquest divendres amb motiu de l&#8217;inici de la campanya de dinamitzaci\u00f3 comecial &#8216;Troba la Llum del Nadal&#8217;"},"content":{"rendered":"\n<p>Avui divendres, la presidenta de la Cambra de Comer\u00e7 de Tarragona, Laura Roig\u00e9, ha visitat els comer\u00e7os bisbalencs acompanyada per l\u2019alcaldessa de la Bisbal del Pened\u00e8s, Agn\u00e8s Ferr\u00e9; i la regidora de Comer\u00e7, Judith Vidal; amb motiu de l\u2019inici de la campanya de dinamitzaci\u00f3 del comer\u00e7 local \u2018Troba la Llum del Nadal\u2019.<\/p>\n\n\n\n<p>Recordeu: comprar a la Bisbal del Pened\u00e8s del 10 al 19 de desembre, t\u00e9 premi!&nbsp;<\/p>\n\n\n\n<p>Podeu ampliar la informaci\u00f3 a l\u2019enlla\u00e7: <a href=\"https:\/\/bit.ly\/3oaxFJy\" target=\"_blank\" rel=\"noreferrer noopener\">https:\/\/bit.ly\/3oaxFJy<\/a><\/p>\n\n\n\n<hr class=\"wp-block-separator\"\/>\n\n\n\n<p>Hoy viernes, la presidenta de la C\u00e1mara de Comercio de Tarragona, Laura Roig\u00e9, ha visitado los comercios bisbalenses acompa\u00f1ada por la alcaldesa de la Bisbal del Pened\u00e8s, Agn\u00e8s Ferr\u00e9; y la concejala de Comercio, Judith Vidal; con motivo del inicio de la campa\u00f1a de dinamizaci\u00f3n del comercio local \u2018Troba la Llum de Nadal\u2019.<\/p>\n\n\n\n<p>Recordad, comprar en la Bisbal del Pened\u00e8s del 10 al 19 de diciembre, \u00a1Tiene premio!<\/p>\n\n\n\n<p>Pod\u00e9is ampliar la informaci\u00f3n en el enlace: <a href=\"https:\/\/bit.ly\/3oaxFJy\" target=\"_blank\" rel=\"noreferrer noopener\">https:\/\/bit.ly\/3oaxFJy<\/a><\/p>\n","protected":false},"excerpt":{"rendered":"<p>Avui divendres, la presidenta de la Cambra de Comer\u00e7 de Tarragona, Laura Roig\u00e9, ha visitat els comer\u00e7os bisbalencs acompanyada per l\u2019alcaldessa de la Bisbal del Pened\u00e8s, Agn\u00e8s Ferr\u00e9; i la &hellip; <a href=\"https:\/\/bisbalpenedes.com\/web\/2021\/12\/10\/la-presidenta-de-la-cambra-de-comerc-ha-visitat-les-botigues-bisbalenques-aquest-divendres-amb-motiu-de-linici-de-la-campanya-de-dinamitzacio-comecial-troba-la-llum-del-nadal\/\" class=\"more-link\">Read More<\/a><\/p>\n","protected":false},"author":4,"featured_media":20281,"comment_status":"closed","ping_status":"closed","sticky":false,"template":"","format":"standard","meta":[],"categories":[3860,8],"tags":[1151,1251,4081,4127,4204,2389,2512,393,1310,4245],"_links":{"self":[{"href":"https:\/\/bisbalpenedes.com\/web\/wp-json\/wp\/v2\/posts\/20280"}],"collection":[{"href":"https:\/\/bisbalpenedes.com\/web\/wp-json\/wp\/v2\/posts"}],"about":[{"href":"https:\/\/bisbalpenedes.com\/web\/wp-json\/wp\/v2\/types\/post"}],"author":[{"embeddable":true,"href":"https:\/\/bisbalpenedes.com\/web\/wp-json\/wp\/v2\/users\/4"}],"replies":[{"embeddable":true,"href":"https:\/\/bisbalpenedes.com\/web\/wp-json\/wp\/v2\/comments?post=20280"}],"version-history":[{"count":1,"href":"https:\/\/bisbalpenedes.com\/web\/wp-json\/wp\/v2\/posts\/20280\/revisions"}],"predecessor-version":[{"id":20282,"href":"https:\/\/bisbalpenedes.com\/web\/wp-json\/wp\/v2\/posts\/20280\/revisions\/20282"}],"wp:featuredmedia":[{"embeddable":true,"href":"https:\/\/bisbalpenedes.com\/web\/wp-json\/wp\/v2\/media\/20281"}],"wp:attachment":[{"href":"https:\/\/bisbalpenedes.com\/web\/wp-json\/wp\/v2\/media?parent=20280"}],"wp:term":[{"taxonomy":"category","embeddable":true,"href":"https:\/\/bisbalpenedes.com\/web\/wp-json\/wp\/v2\/categories?post=20280"},{"taxonomy":"post_tag","embeddable":true,"href":"https:\/\/bisbalpenedes.com\/web\/wp-json\/wp\/v2\/tags?post=20280"}],"curies":[{"name":"wp","href":"https:\/\/api.w.org\/{rel}","templated":true}]}}