{"id":20242,"date":"2021-12-05T11:33:00","date_gmt":"2021-12-05T09:33:00","guid":{"rendered":"https:\/\/bisbalpenedes.com\/web\/?p=20242"},"modified":"2021-12-05T14:36:11","modified_gmt":"2021-12-05T12:36:11","slug":"avui-diumenge-5-de-desembre-se-celebra-el-dia-internacional-del-voluntariat-gracies-a-tots-i-totes-els-que-contribuiu-a-fer-un-mon-millor","status":"publish","type":"post","link":"https:\/\/bisbalpenedes.com\/web\/2021\/12\/05\/avui-diumenge-5-de-desembre-se-celebra-el-dia-internacional-del-voluntariat-gracies-a-tots-i-totes-els-que-contribuiu-a-fer-un-mon-millor\/","title":{"rendered":"Avui diumenge 5 de desembre se celebra el Dia internacional del Voluntariat &#8211; Gr\u00e0cies a tots i totes els que contribu\u00efu a fer un m\u00f3n millor"},"content":{"rendered":"\n<p><br>Avui dia 5 de desembre se celebra el Dia internacional del Voluntariat. Des d&#8217;aqu\u00ed volem recon\u00e8ixer i fer valdre la tasca del nostre voluntariat, que ens ajuda a construir una societat i un m\u00f3n millor. A la Bisbal del Pened\u00e8s comptem amb grans persones que contribueixen altruistament amb la seva tasca durant tot l&#8217;any, com ara els voluntaris del Rebost Solidari, del Servei Bon Dia o del contacontes. Per\u00f2 no ens volem oblidar d&#8217;aquells voluntaris que tamb\u00e9 ofereixen la seva ajuda en moments puntuals, com ara la cavalcada de Reis, els Tres Tombs o molts altres actes i esdeveniments que es duen a terme al municipi. Gr\u00e0cies a tots i totes per ser com sou.<\/p>\n\n\n\n<p>A la Bisbal tenim un gran voluntariat i, des d&#8217;aqu\u00ed, volem recon\u00e8ixer i agrair la seva tasca. Gr\u00e0cies a tots i totes, de tot cor.<\/p>\n\n\n\n<hr class=\"wp-block-separator\"\/>\n\n\n\n<p>Hoy d\u00eda 5 de diciembre se celebra el D\u00eda internacional del Voluntariado. Desde aqu\u00ed queremos reconocer y poner en valor el trabajo de nuestro voluntariado, que\u00a0\u00a0nos ayuda a construir una sociedad y un mundo mejor. En la Bisbal del Pened\u00e8s contamos con grandes personas que contribuyen altruistamente con su labor durante todo el a\u00f1o, como por ejemplo los voluntarios del Rebost Solidari, del Servei Bon Dia o del cuenta cuentos. Pero no nos queremos olvidar de aquellos voluntarios que tambi\u00e9n ofrecen su ayuda en momentos puntuales, como por ejemplo la cabalgata de Reyes, los Tres Tombs o muchos otros actos y eventos que se levan a cabo en el municipio. Gracias a todos y todas por ser como sois.\u00a0<\/p>\n\n\n\n<p>En la Bisbal tenemos un gran voluntariado y, desde aqu\u00ed, queremos reconocer y agradecer su labor. Gracias a todos y todas, de coraz\u00f3n.<\/p>\n\n\n\n<p><\/p>\n","protected":false},"excerpt":{"rendered":"<p>Avui dia 5 de desembre se celebra el Dia internacional del Voluntariat. Des d&#8217;aqu\u00ed volem recon\u00e8ixer i fer valdre la tasca del nostre voluntariat, que ens ajuda a construir una &hellip; <a href=\"https:\/\/bisbalpenedes.com\/web\/2021\/12\/05\/avui-diumenge-5-de-desembre-se-celebra-el-dia-internacional-del-voluntariat-gracies-a-tots-i-totes-els-que-contribuiu-a-fer-un-mon-millor\/\" class=\"more-link\">Read More<\/a><\/p>\n","protected":false},"author":4,"featured_media":20243,"comment_status":"closed","ping_status":"closed","sticky":false,"template":"","format":"standard","meta":[],"categories":[8],"tags":[393,1451,468],"_links":{"self":[{"href":"https:\/\/bisbalpenedes.com\/web\/wp-json\/wp\/v2\/posts\/20242"}],"collection":[{"href":"https:\/\/bisbalpenedes.com\/web\/wp-json\/wp\/v2\/posts"}],"about":[{"href":"https:\/\/bisbalpenedes.com\/web\/wp-json\/wp\/v2\/types\/post"}],"author":[{"embeddable":true,"href":"https:\/\/bisbalpenedes.com\/web\/wp-json\/wp\/v2\/users\/4"}],"replies":[{"embeddable":true,"href":"https:\/\/bisbalpenedes.com\/web\/wp-json\/wp\/v2\/comments?post=20242"}],"version-history":[{"count":1,"href":"https:\/\/bisbalpenedes.com\/web\/wp-json\/wp\/v2\/posts\/20242\/revisions"}],"predecessor-version":[{"id":20244,"href":"https:\/\/bisbalpenedes.com\/web\/wp-json\/wp\/v2\/posts\/20242\/revisions\/20244"}],"wp:featuredmedia":[{"embeddable":true,"href":"https:\/\/bisbalpenedes.com\/web\/wp-json\/wp\/v2\/media\/20243"}],"wp:attachment":[{"href":"https:\/\/bisbalpenedes.com\/web\/wp-json\/wp\/v2\/media?parent=20242"}],"wp:term":[{"taxonomy":"category","embeddable":true,"href":"https:\/\/bisbalpenedes.com\/web\/wp-json\/wp\/v2\/categories?post=20242"},{"taxonomy":"post_tag","embeddable":true,"href":"https:\/\/bisbalpenedes.com\/web\/wp-json\/wp\/v2\/tags?post=20242"}],"curies":[{"name":"wp","href":"https:\/\/api.w.org\/{rel}","templated":true}]}}