{"id":20238,"date":"2021-12-05T14:32:14","date_gmt":"2021-12-05T12:32:14","guid":{"rendered":"https:\/\/bisbalpenedes.com\/web\/?p=20238"},"modified":"2021-12-05T14:32:14","modified_gmt":"2021-12-05T12:32:14","slug":"el-diumenge-12-de-desembre-veurem-la-pellicula-chavalas-al-cmc-en-el-marc-del-cicle-gaudi-els-assistents-podreu-participar-en-un-sorteig","status":"publish","type":"post","link":"https:\/\/bisbalpenedes.com\/web\/2021\/12\/05\/el-diumenge-12-de-desembre-veurem-la-pellicula-chavalas-al-cmc-en-el-marc-del-cicle-gaudi-els-assistents-podreu-participar-en-un-sorteig\/","title":{"rendered":"El diumenge 12 de desembre veurem la pel\u00b7l\u00edcula &#8216;Chavalas&#8217; al CMC en el marc del Cicle Gaud\u00ed &#8211; Els assistents podreu participar en un sorteig"},"content":{"rendered":"\n<p>Aquest mes de desembre veurem la pel\u00b7l\u00edcula &#8216;Chavalas&#8217; en el marc del Cicle Gaud\u00ed. La projecci\u00f3 es far\u00e0 el diumenge 12 de desembre, a les 18h, al CMC i la gesti\u00f3 de la taquilla anir\u00e0 a c\u00e0rrec de l&#8217;entitat Senderistes Bisbalencs.&nbsp;<\/p>\n\n\n\n<p>Recordeu que si veniu a veure la pel\u00b7l\u00edcula, podreu participar en el sorteig de dos lots de productes bisbalencs i dues entrades dobles per tornar al cinema del Cicle Gaud\u00ed.<\/p>\n\n\n\n<p>Per a m\u00e9s informaci\u00f3 sobre la pel\u00b7l\u00edcula podeu accedir a l&#8217;enlla\u00e7:&nbsp;<a href=\"https:\/\/www.ciclegaudi.cat\/cartellera\/chavalas\/\">https:\/\/www.ciclegaudi.cat\/cartellera\/chavalas\/<\/a><\/p>\n\n\n\n<hr class=\"wp-block-separator\"\/>\n\n\n\n<p>Este mes de diciembre veremos la pel\u00edcula &#8216;Chavalas&#8217; en el marco del Cicle Gaud\u00ed. La proyecci\u00f3n se har\u00e1 el domingo 12 de diciembre, a las 18h, en el CMC y la gesti\u00f3n de la taquilla ir\u00e1 a cargo de la entidad Senderistes Bisbalencs.<\/p>\n\n\n\n<p>Recordad que si ven\u00eds a ver la pel\u00edcula, podr\u00e9is participar en el sorteo de dos lotes de productos bisbalenses y dos entradas dobles para volver al cine del Cicle Gaud\u00ed.<\/p>\n\n\n\n<p>Para m\u00e1s informaci\u00f3n sobre la pel\u00edcula pod\u00e9is acceder al enlace:\u00a0<a rel=\"noreferrer noopener\" href=\"https:\/\/www.ciclegaudi.cat\/cartellera\/chavalas\/\" target=\"_blank\">https:\/\/www.ciclegaudi.cat\/cartellera\/chavalas\/<\/a><\/p>\n\n\n\n<figure class=\"wp-block-image size-large\"><img loading=\"lazy\" width=\"724\" height=\"1024\" src=\"https:\/\/bisbalpenedes.com\/web\/wp-content\/uploads\/2021\/12\/289FC0B8-8113-4BBF-94E7-AEC4BF4334FC-724x1024.png\" alt=\"\" class=\"wp-image-20239\" srcset=\"https:\/\/bisbalpenedes.com\/web\/wp-content\/uploads\/2021\/12\/289FC0B8-8113-4BBF-94E7-AEC4BF4334FC-724x1024.png 724w, https:\/\/bisbalpenedes.com\/web\/wp-content\/uploads\/2021\/12\/289FC0B8-8113-4BBF-94E7-AEC4BF4334FC-600x849.png 600w, https:\/\/bisbalpenedes.com\/web\/wp-content\/uploads\/2021\/12\/289FC0B8-8113-4BBF-94E7-AEC4BF4334FC-212x300.png 212w, https:\/\/bisbalpenedes.com\/web\/wp-content\/uploads\/2021\/12\/289FC0B8-8113-4BBF-94E7-AEC4BF4334FC-768x1086.png 768w, https:\/\/bisbalpenedes.com\/web\/wp-content\/uploads\/2021\/12\/289FC0B8-8113-4BBF-94E7-AEC4BF4334FC-1086x1536.png 1086w, https:\/\/bisbalpenedes.com\/web\/wp-content\/uploads\/2021\/12\/289FC0B8-8113-4BBF-94E7-AEC4BF4334FC-1448x2048.png 1448w, https:\/\/bisbalpenedes.com\/web\/wp-content\/uploads\/2021\/12\/289FC0B8-8113-4BBF-94E7-AEC4BF4334FC.png 1587w\" sizes=\"(max-width: 724px) 100vw, 724px\" \/><\/figure>\n","protected":false},"excerpt":{"rendered":"<p>Aquest mes de desembre veurem la pel\u00b7l\u00edcula &#8216;Chavalas&#8217; en el marc del Cicle Gaud\u00ed. La projecci\u00f3 es far\u00e0 el diumenge 12 de desembre, a les 18h, al CMC i la &hellip; <a href=\"https:\/\/bisbalpenedes.com\/web\/2021\/12\/05\/el-diumenge-12-de-desembre-veurem-la-pellicula-chavalas-al-cmc-en-el-marc-del-cicle-gaudi-els-assistents-podreu-participar-en-un-sorteig\/\" class=\"more-link\">Read More<\/a><\/p>\n","protected":false},"author":4,"featured_media":20240,"comment_status":"closed","ping_status":"closed","sticky":false,"template":"","format":"standard","meta":[],"categories":[13,8],"tags":[2930,4946,307,225,393,771],"_links":{"self":[{"href":"https:\/\/bisbalpenedes.com\/web\/wp-json\/wp\/v2\/posts\/20238"}],"collection":[{"href":"https:\/\/bisbalpenedes.com\/web\/wp-json\/wp\/v2\/posts"}],"about":[{"href":"https:\/\/bisbalpenedes.com\/web\/wp-json\/wp\/v2\/types\/post"}],"author":[{"embeddable":true,"href":"https:\/\/bisbalpenedes.com\/web\/wp-json\/wp\/v2\/users\/4"}],"replies":[{"embeddable":true,"href":"https:\/\/bisbalpenedes.com\/web\/wp-json\/wp\/v2\/comments?post=20238"}],"version-history":[{"count":1,"href":"https:\/\/bisbalpenedes.com\/web\/wp-json\/wp\/v2\/posts\/20238\/revisions"}],"predecessor-version":[{"id":20241,"href":"https:\/\/bisbalpenedes.com\/web\/wp-json\/wp\/v2\/posts\/20238\/revisions\/20241"}],"wp:featuredmedia":[{"embeddable":true,"href":"https:\/\/bisbalpenedes.com\/web\/wp-json\/wp\/v2\/media\/20240"}],"wp:attachment":[{"href":"https:\/\/bisbalpenedes.com\/web\/wp-json\/wp\/v2\/media?parent=20238"}],"wp:term":[{"taxonomy":"category","embeddable":true,"href":"https:\/\/bisbalpenedes.com\/web\/wp-json\/wp\/v2\/categories?post=20238"},{"taxonomy":"post_tag","embeddable":true,"href":"https:\/\/bisbalpenedes.com\/web\/wp-json\/wp\/v2\/tags?post=20238"}],"curies":[{"name":"wp","href":"https:\/\/api.w.org\/{rel}","templated":true}]}}