{"id":20234,"date":"2021-12-05T14:08:45","date_gmt":"2021-12-05T12:08:45","guid":{"rendered":"https:\/\/bisbalpenedes.com\/web\/?p=20234"},"modified":"2021-12-05T14:08:45","modified_gmt":"2021-12-05T12:08:45","slug":"curs-de-dinamitzador-a-poliesportiu-va-al-vendrell-del-23-de-desembre-al-15-de-gener","status":"publish","type":"post","link":"https:\/\/bisbalpenedes.com\/web\/2021\/12\/05\/curs-de-dinamitzador-a-poliesportiu-va-al-vendrell-del-23-de-desembre-al-15-de-gener\/","title":{"rendered":"Curs de dinamitzador\/a poliesportiu\/va al Vendrell &#8211; Del 23 de desembre al 15 de gener"},"content":{"rendered":"\n<p>El Consell Esportiu del Baix Pened\u00e8s ha organitzat un curs de Dinamitzador\/a Poliesportiu\/va que es dur\u00e0 a terme del 23 de desembre al 15 de gener al Vendrell. Es tracta d&#8217;una formaci\u00f3 que dona acc\u00e9s al Registre Oficial de Professionals de l&#8217;Esport (ROPEC). Us adjuntem la informaci\u00f3 sobre aquest curs, que forma part del programa de formaci\u00f3 Sumem Coneixements del Consell Esportiu del Baix Pened\u00e8s.<\/p>\n\n\n\n<p>&#8212;<\/p>\n\n\n\n<p>El Consell Esportiu del Baix Pened\u00e8s ha organizado un curso de Dinamizador\/a Polideportivo\/a que se llevar\u00e1 a cabo del 23 de diciembre al 15 de enero en El Vendrell. Se trata de una formaci\u00f3n que da acceso al Registro Oficial de Profesionales del Deporte (ROPEC). Os adjuntamos la informaci\u00f3n sobre este curso, que forma parte del programa de formaci\u00f3n Sumem Coneixements del Consell Esportiu del Baix Pened\u00e8s.<\/p>\n\n\n\n<figure class=\"wp-block-image size-large\"><img loading=\"lazy\" width=\"1024\" height=\"724\" src=\"https:\/\/bisbalpenedes.com\/web\/wp-content\/uploads\/2021\/12\/8B9902BB-DAD1-46BE-B0F0-6CA59566C5F6-1024x724.jpeg\" alt=\"\" class=\"wp-image-20235\" srcset=\"https:\/\/bisbalpenedes.com\/web\/wp-content\/uploads\/2021\/12\/8B9902BB-DAD1-46BE-B0F0-6CA59566C5F6-1024x724.jpeg 1024w, https:\/\/bisbalpenedes.com\/web\/wp-content\/uploads\/2021\/12\/8B9902BB-DAD1-46BE-B0F0-6CA59566C5F6-600x424.jpeg 600w, https:\/\/bisbalpenedes.com\/web\/wp-content\/uploads\/2021\/12\/8B9902BB-DAD1-46BE-B0F0-6CA59566C5F6-300x212.jpeg 300w, https:\/\/bisbalpenedes.com\/web\/wp-content\/uploads\/2021\/12\/8B9902BB-DAD1-46BE-B0F0-6CA59566C5F6-768x543.jpeg 768w, https:\/\/bisbalpenedes.com\/web\/wp-content\/uploads\/2021\/12\/8B9902BB-DAD1-46BE-B0F0-6CA59566C5F6-1536x1085.jpeg 1536w, https:\/\/bisbalpenedes.com\/web\/wp-content\/uploads\/2021\/12\/8B9902BB-DAD1-46BE-B0F0-6CA59566C5F6.jpeg 1755w\" sizes=\"(max-width: 1024px) 100vw, 1024px\" \/><\/figure>\n","protected":false},"excerpt":{"rendered":"<p>El Consell Esportiu del Baix Pened\u00e8s ha organitzat un curs de Dinamitzador\/a Poliesportiu\/va que es dur\u00e0 a terme del 23 de desembre al 15 de gener al Vendrell. Es tracta &hellip; <a href=\"https:\/\/bisbalpenedes.com\/web\/2021\/12\/05\/curs-de-dinamitzador-a-poliesportiu-va-al-vendrell-del-23-de-desembre-al-15-de-gener\/\" class=\"more-link\">Read More<\/a><\/p>\n","protected":false},"author":4,"featured_media":20236,"comment_status":"closed","ping_status":"closed","sticky":false,"template":"","format":"standard","meta":[],"categories":[19,8],"tags":[459,2441,1010,1011,391,368,12],"_links":{"self":[{"href":"https:\/\/bisbalpenedes.com\/web\/wp-json\/wp\/v2\/posts\/20234"}],"collection":[{"href":"https:\/\/bisbalpenedes.com\/web\/wp-json\/wp\/v2\/posts"}],"about":[{"href":"https:\/\/bisbalpenedes.com\/web\/wp-json\/wp\/v2\/types\/post"}],"author":[{"embeddable":true,"href":"https:\/\/bisbalpenedes.com\/web\/wp-json\/wp\/v2\/users\/4"}],"replies":[{"embeddable":true,"href":"https:\/\/bisbalpenedes.com\/web\/wp-json\/wp\/v2\/comments?post=20234"}],"version-history":[{"count":1,"href":"https:\/\/bisbalpenedes.com\/web\/wp-json\/wp\/v2\/posts\/20234\/revisions"}],"predecessor-version":[{"id":20237,"href":"https:\/\/bisbalpenedes.com\/web\/wp-json\/wp\/v2\/posts\/20234\/revisions\/20237"}],"wp:featuredmedia":[{"embeddable":true,"href":"https:\/\/bisbalpenedes.com\/web\/wp-json\/wp\/v2\/media\/20236"}],"wp:attachment":[{"href":"https:\/\/bisbalpenedes.com\/web\/wp-json\/wp\/v2\/media?parent=20234"}],"wp:term":[{"taxonomy":"category","embeddable":true,"href":"https:\/\/bisbalpenedes.com\/web\/wp-json\/wp\/v2\/categories?post=20234"},{"taxonomy":"post_tag","embeddable":true,"href":"https:\/\/bisbalpenedes.com\/web\/wp-json\/wp\/v2\/tags?post=20234"}],"curies":[{"name":"wp","href":"https:\/\/api.w.org\/{rel}","templated":true}]}}