{"id":20189,"date":"2021-12-02T09:36:08","date_gmt":"2021-12-02T07:36:08","guid":{"rendered":"https:\/\/bisbalpenedes.com\/web\/?p=20189"},"modified":"2021-12-02T09:36:08","modified_gmt":"2021-12-02T07:36:08","slug":"la-bisbal-fara-una-festa-amb-motiu-de-lencesa-dels-llums-de-nadal-el-dijous-9-de-desembre-a-les-19h","status":"publish","type":"post","link":"https:\/\/bisbalpenedes.com\/web\/2021\/12\/02\/la-bisbal-fara-una-festa-amb-motiu-de-lencesa-dels-llums-de-nadal-el-dijous-9-de-desembre-a-les-19h\/","title":{"rendered":"La Bisbal far\u00e0 una festa amb motiu de l&#8217;encesa dels llums de Nadal el dijous 9 de desembre a les 19h"},"content":{"rendered":"\n<p>L\u2019Ajuntament de la Bisbal del Pened\u00e8s far\u00e0 l\u2019encesa dels llums de Nadal el dijous 9 de desembre per donar inici a la campanya de dinamitzaci\u00f3 comercial \u2018Troba la Llum del Nadal\u2019. A les 19h de la tarda la pla\u00e7a de l\u2019Esgl\u00e9sia acollir\u00e0 l\u2019encesa, que comptar\u00e0 amb l\u2019actuaci\u00f3 musical de Xaranga Bandsonats. Els ve\u00efns que s\u2019apropin a veure l\u2019encesa podran degustar cava de Cellers Domenys, gaudir d\u2019una actuaci\u00f3 musical i veure els Llumillums, dos \u00e9ssers lluminosos que ens anunciaran l\u2019arribada de la Llum de Nadal. Posteriorment, la xaranga far\u00e0 un recorregut pels carrers on hi ha comer\u00e7os que participen en la campanya comercial.<\/p>\n\n\n\n<p>La regidora de Comer\u00e7, Judith Vidal, ha explicat que \u201cenguany per primera vegada farem una encesa de llums festiva, que suposar\u00e0 el tret de sortida al nostre Nadal, per\u00f2 tamb\u00e9 de la campanya comercial que engeguem just l\u2019endem\u00e0. Esperem que la festa tingui una bona acollida, que tinguem una nit sense vent ni massa fred i que puguem gaudir d\u2019una bona vetllada\u201d.<\/p>\n\n\n\n<p>L\u2019encesa de llums i l\u2019actuaci\u00f3 de la xaranga s\u2019emmarquen dins de la campanya de dinamitzaci\u00f3 comercial \u201cBaix Pened\u00e8s actiu 2021\u201d del Pla de Reactivaci\u00f3 Econ\u00f2mica del Consell Comarcal del Baix Pened\u00e8s i compten amb la subvenci\u00f3 del Consorci de comer\u00e7, artesania i moda de Catalunya. La Bisbal del Pened\u00e8s \u00e9s un dels 9 municipis de la comarca que s\u2019han adherit a les accions de promoci\u00f3 per potenciar la dinamitzaci\u00f3 del comer\u00e7 local proposades des del Consell Comarcal.<\/p>\n\n\n\n<hr class=\"wp-block-separator\"\/>\n\n\n\n<p><strong>CASTELLANO<\/strong> |\u00a0El Ayuntamiento de la Bisbal del Pened\u00e8s har\u00e1 el encendido de luces de Navidad el jueves 9 de diciembre para dar inicio a la campa\u00f1a de dinamizaci\u00f3n comercial \u2018Troba la Llum de Nadal\u2019. A las 19h de la tarde la plaza de la Iglesia acoger\u00e1 el encendido, que contar\u00e1 con la actuaci\u00f3n musical de la Xaranga Bandsonats. Los vecinos que se acerquen a ver el encendido podr\u00e1n degustar cava de Cellers Domenys, disfrutar de una actuaci\u00f3n musical y ver a los Llumillums, dos seres luminosos que nos anunciar\u00e1n la llegada de la Luz de Navidad. Posteriormente, la charanga har\u00e1 un recorrido por las calles en las que hay comercios que participan en la campa\u00f1a comercial.<\/p>\n\n\n\n<p>La concejala de Comercio, Judith Vidal, ha explicado que \u201ceste a\u00f1o por primera vez haremos un encendido de luces festivo, que supondr\u00e1 el inicio de nuestra Navidad, pero tambi\u00e9n de la campa\u00f1a comercial que arrancamos justo al d\u00eda siguiente. Esperamos que la fiesta tenga una buena acogida, que tengamos una noche sin viento ni mucho fr\u00edo y que podamos disfrutar de una buena velada\u201d.<\/p>\n\n\n\n<p>El encendido de luces y la actuaci\u00f3n de la charanga se enmarcan dentro de la campa\u00f1a de Reactivaci\u00f3n Econ\u00f3mica del Consell Comarcal del Baix Pened\u00e8s y cuentan con la subvenci\u00f3n del Consorci de comer\u00e7, artesania i moda de Catalunya. La Bisbal del Pened\u00e8s es uno de los 9 municipios de la comarca que se han adherido a las acciones de promoci\u00f3n para potenciar la dinamizaci\u00f3n del comercio local propuestas desde el Consell Comarcal.&nbsp;<\/p>\n","protected":false},"excerpt":{"rendered":"<p>L\u2019Ajuntament de la Bisbal del Pened\u00e8s far\u00e0 l\u2019encesa dels llums de Nadal el dijous 9 de desembre per donar inici a la campanya de dinamitzaci\u00f3 comercial \u2018Troba la Llum del &hellip; <a href=\"https:\/\/bisbalpenedes.com\/web\/2021\/12\/02\/la-bisbal-fara-una-festa-amb-motiu-de-lencesa-dels-llums-de-nadal-el-dijous-9-de-desembre-a-les-19h\/\" class=\"more-link\">Read More<\/a><\/p>\n","protected":false},"author":4,"featured_media":20190,"comment_status":"closed","ping_status":"closed","sticky":false,"template":"","format":"standard","meta":[],"categories":[3860,8],"tags":[329,4931,393,2638,4819],"_links":{"self":[{"href":"https:\/\/bisbalpenedes.com\/web\/wp-json\/wp\/v2\/posts\/20189"}],"collection":[{"href":"https:\/\/bisbalpenedes.com\/web\/wp-json\/wp\/v2\/posts"}],"about":[{"href":"https:\/\/bisbalpenedes.com\/web\/wp-json\/wp\/v2\/types\/post"}],"author":[{"embeddable":true,"href":"https:\/\/bisbalpenedes.com\/web\/wp-json\/wp\/v2\/users\/4"}],"replies":[{"embeddable":true,"href":"https:\/\/bisbalpenedes.com\/web\/wp-json\/wp\/v2\/comments?post=20189"}],"version-history":[{"count":1,"href":"https:\/\/bisbalpenedes.com\/web\/wp-json\/wp\/v2\/posts\/20189\/revisions"}],"predecessor-version":[{"id":20191,"href":"https:\/\/bisbalpenedes.com\/web\/wp-json\/wp\/v2\/posts\/20189\/revisions\/20191"}],"wp:featuredmedia":[{"embeddable":true,"href":"https:\/\/bisbalpenedes.com\/web\/wp-json\/wp\/v2\/media\/20190"}],"wp:attachment":[{"href":"https:\/\/bisbalpenedes.com\/web\/wp-json\/wp\/v2\/media?parent=20189"}],"wp:term":[{"taxonomy":"category","embeddable":true,"href":"https:\/\/bisbalpenedes.com\/web\/wp-json\/wp\/v2\/categories?post=20189"},{"taxonomy":"post_tag","embeddable":true,"href":"https:\/\/bisbalpenedes.com\/web\/wp-json\/wp\/v2\/tags?post=20189"}],"curies":[{"name":"wp","href":"https:\/\/api.w.org\/{rel}","templated":true}]}}