{"id":20184,"date":"2021-12-02T09:12:36","date_gmt":"2021-12-02T07:12:36","guid":{"rendered":"https:\/\/bisbalpenedes.com\/web\/?p=20184"},"modified":"2021-12-02T09:12:36","modified_gmt":"2021-12-02T07:12:36","slug":"a-partir-daquest-divendres-sera-obligatori-presentar-el-certificat-covid-per-accedir-a-diversos-espais-tancats","status":"publish","type":"post","link":"https:\/\/bisbalpenedes.com\/web\/2021\/12\/02\/a-partir-daquest-divendres-sera-obligatori-presentar-el-certificat-covid-per-accedir-a-diversos-espais-tancats\/","title":{"rendered":"A partir d&#8217;aquest divendres ser\u00e0 obligatori presentar el certificat COVID per accedir a diversos espais tancats"},"content":{"rendered":"\n<p>Des d&#8217;aquest divendres 3 de desembre, a partir de les 00h, ser\u00e0 obligatori presentar el certificat COVID digital de la UE per accedir a:<\/p>\n\n\n\n<ul><li>Interiors de bars i restaurants<\/li><\/ul>\n\n\n\n<ul><li>Locals d&#8217;oci nocturn o espais de ball<\/li><\/ul>\n\n\n\n<ul><li>Gimnasos<\/li><\/ul>\n\n\n\n<ul><li>Resid\u00e8ncies de gent gran<\/li><\/ul>\n\n\n\n<p>Us adjuntem dues infografies sobre com descarregar el certificat. Podeu demanar m\u00e9s informaci\u00f3 sobre com obtenir-lo al consultori m\u00e8dic o al CAP.<\/p>\n\n\n\n<p>Per a m\u00e9s informaci\u00f3 podeu accedir a l&#8217;enlla\u00e7: <a href=\"http:\/\/ow.ly\/sIJ650GYCJw\">http:\/\/ow.ly\/sIJ650GYCJw<\/a><\/p>\n\n\n\n<p>&#8212;<\/p>\n\n\n\n<p>Desde este viernes 3 de diciembre, a partir de las 00h, ser\u00e1 obligatorio presentar el certificado COVID digital de la UE para acceder a:<\/p>\n\n\n\n<ul><li>Interiores de bares y restaurantes<\/li><\/ul>\n\n\n\n<ul><li>Locales de ocio nocturno o espacios de baile<\/li><\/ul>\n\n\n\n<ul><li>Gimnasios<\/li><\/ul>\n\n\n\n<ul><li>Resiencias de gente mayor<\/li><\/ul>\n\n\n\n<p>Os adjuntamos dos infograf\u00edas sobre c\u00f3mo descargar el certificado. Pod\u00e9is solicitar m\u00e1s informaci\u00f3n sobre c\u00f3mo obtenerlo en el consultorio m\u00e9dico o en el CAP.<\/p>\n\n\n\n<p>Para m\u00e1s informaci\u00f3n pod\u00e9is acceder al enlace:\u00a0<a href=\"http:\/\/ow.ly\/sIJ650GYCJw\">http:\/\/ow.ly\/sIJ650GYCJw<\/a><\/p>\n\n\n\n<figure class=\"wp-block-image size-large\"><img loading=\"lazy\" width=\"1024\" height=\"1024\" src=\"https:\/\/bisbalpenedes.com\/web\/wp-content\/uploads\/2021\/12\/92E296A8-53C0-48ED-A469-4665AC2A8B33-1024x1024.jpeg\" alt=\"\" class=\"wp-image-20186\" srcset=\"https:\/\/bisbalpenedes.com\/web\/wp-content\/uploads\/2021\/12\/92E296A8-53C0-48ED-A469-4665AC2A8B33-1024x1024.jpeg 1024w, https:\/\/bisbalpenedes.com\/web\/wp-content\/uploads\/2021\/12\/92E296A8-53C0-48ED-A469-4665AC2A8B33-300x300.jpeg 300w, https:\/\/bisbalpenedes.com\/web\/wp-content\/uploads\/2021\/12\/92E296A8-53C0-48ED-A469-4665AC2A8B33-100x100.jpeg 100w, https:\/\/bisbalpenedes.com\/web\/wp-content\/uploads\/2021\/12\/92E296A8-53C0-48ED-A469-4665AC2A8B33-600x600.jpeg 600w, https:\/\/bisbalpenedes.com\/web\/wp-content\/uploads\/2021\/12\/92E296A8-53C0-48ED-A469-4665AC2A8B33-150x150.jpeg 150w, https:\/\/bisbalpenedes.com\/web\/wp-content\/uploads\/2021\/12\/92E296A8-53C0-48ED-A469-4665AC2A8B33-768x768.jpeg 768w, https:\/\/bisbalpenedes.com\/web\/wp-content\/uploads\/2021\/12\/92E296A8-53C0-48ED-A469-4665AC2A8B33.jpeg 1080w\" sizes=\"(max-width: 1024px) 100vw, 1024px\" \/><\/figure>\n\n\n\n<figure class=\"wp-block-image size-large\"><img loading=\"lazy\" width=\"1024\" height=\"1024\" src=\"https:\/\/bisbalpenedes.com\/web\/wp-content\/uploads\/2021\/12\/C1A40CC7-C5C1-4345-95FE-FD6EA02EE9F1-1024x1024.jpeg\" alt=\"\" class=\"wp-image-20187\" srcset=\"https:\/\/bisbalpenedes.com\/web\/wp-content\/uploads\/2021\/12\/C1A40CC7-C5C1-4345-95FE-FD6EA02EE9F1-1024x1024.jpeg 1024w, https:\/\/bisbalpenedes.com\/web\/wp-content\/uploads\/2021\/12\/C1A40CC7-C5C1-4345-95FE-FD6EA02EE9F1-300x300.jpeg 300w, https:\/\/bisbalpenedes.com\/web\/wp-content\/uploads\/2021\/12\/C1A40CC7-C5C1-4345-95FE-FD6EA02EE9F1-100x100.jpeg 100w, https:\/\/bisbalpenedes.com\/web\/wp-content\/uploads\/2021\/12\/C1A40CC7-C5C1-4345-95FE-FD6EA02EE9F1-600x600.jpeg 600w, https:\/\/bisbalpenedes.com\/web\/wp-content\/uploads\/2021\/12\/C1A40CC7-C5C1-4345-95FE-FD6EA02EE9F1-150x150.jpeg 150w, https:\/\/bisbalpenedes.com\/web\/wp-content\/uploads\/2021\/12\/C1A40CC7-C5C1-4345-95FE-FD6EA02EE9F1-768x768.jpeg 768w, https:\/\/bisbalpenedes.com\/web\/wp-content\/uploads\/2021\/12\/C1A40CC7-C5C1-4345-95FE-FD6EA02EE9F1.jpeg 1080w\" sizes=\"(max-width: 1024px) 100vw, 1024px\" \/><\/figure>\n","protected":false},"excerpt":{"rendered":"<p>Des d&#8217;aquest divendres 3 de desembre, a partir de les 00h, ser\u00e0 obligatori presentar el certificat COVID digital de la UE per accedir a: Interiors de bars i restaurants Locals &hellip; <a href=\"https:\/\/bisbalpenedes.com\/web\/2021\/12\/02\/a-partir-daquest-divendres-sera-obligatori-presentar-el-certificat-covid-per-accedir-a-diversos-espais-tancats\/\" class=\"more-link\">Read More<\/a><\/p>\n","protected":false},"author":4,"featured_media":20185,"comment_status":"closed","ping_status":"closed","sticky":false,"template":"","format":"standard","meta":[],"categories":[8,14],"tags":[4937,3550,3559,4939,4938,28],"_links":{"self":[{"href":"https:\/\/bisbalpenedes.com\/web\/wp-json\/wp\/v2\/posts\/20184"}],"collection":[{"href":"https:\/\/bisbalpenedes.com\/web\/wp-json\/wp\/v2\/posts"}],"about":[{"href":"https:\/\/bisbalpenedes.com\/web\/wp-json\/wp\/v2\/types\/post"}],"author":[{"embeddable":true,"href":"https:\/\/bisbalpenedes.com\/web\/wp-json\/wp\/v2\/users\/4"}],"replies":[{"embeddable":true,"href":"https:\/\/bisbalpenedes.com\/web\/wp-json\/wp\/v2\/comments?post=20184"}],"version-history":[{"count":1,"href":"https:\/\/bisbalpenedes.com\/web\/wp-json\/wp\/v2\/posts\/20184\/revisions"}],"predecessor-version":[{"id":20188,"href":"https:\/\/bisbalpenedes.com\/web\/wp-json\/wp\/v2\/posts\/20184\/revisions\/20188"}],"wp:featuredmedia":[{"embeddable":true,"href":"https:\/\/bisbalpenedes.com\/web\/wp-json\/wp\/v2\/media\/20185"}],"wp:attachment":[{"href":"https:\/\/bisbalpenedes.com\/web\/wp-json\/wp\/v2\/media?parent=20184"}],"wp:term":[{"taxonomy":"category","embeddable":true,"href":"https:\/\/bisbalpenedes.com\/web\/wp-json\/wp\/v2\/categories?post=20184"},{"taxonomy":"post_tag","embeddable":true,"href":"https:\/\/bisbalpenedes.com\/web\/wp-json\/wp\/v2\/tags?post=20184"}],"curies":[{"name":"wp","href":"https:\/\/api.w.org\/{rel}","templated":true}]}}