{"id":20145,"date":"2021-11-30T21:59:08","date_gmt":"2021-11-30T19:59:08","guid":{"rendered":"https:\/\/bisbalpenedes.com\/web\/?p=20145"},"modified":"2021-11-30T21:59:08","modified_gmt":"2021-11-30T19:59:08","slug":"la-bisbal-del-penedes-fara-la-recollida-de-la-poda-porta-a-porta-a-partir-daquesta-setmana","status":"publish","type":"post","link":"https:\/\/bisbalpenedes.com\/web\/2021\/11\/30\/la-bisbal-del-penedes-fara-la-recollida-de-la-poda-porta-a-porta-a-partir-daquesta-setmana\/","title":{"rendered":"La Bisbal del Pened\u00e8s far\u00e0 la recollida de la poda porta a porta a partir d&#8217;aquesta setmana"},"content":{"rendered":"\n<p>A partir d\u2019aquest mes de desembre, la Bisbal del Pened\u00e8s far\u00e0 la recollida de la poda porta a porta, el primer i el tercer divendres de cada mes, a tot el municipi.<\/p>\n\n\n\n<p>Aquest primer mes, es far\u00e0 els divendres 3 i 17 de desembre i, per sol\u00b7licitar el servei, caldr\u00e0 trucar pr\u00e8viament a l\u2019Ajuntament i recollir una saca (o dues) per a la poda.<\/p>\n\n\n\n<blockquote class=\"wp-block-quote\"><p>El tel\u00e8fon per sol\u00b7licitar el servei \u00e9s el 601 98 68 92 i cal contactar-hi en l\u2019horari d\u2019atenci\u00f3 al ciutad\u00e0 de l\u2019Ajuntament: de dilluns a divendres de 9 a 14h i els dilluns tamb\u00e9 de 16 a 19h. Tamb\u00e9 podeu enviar un correu electr\u00f2nic a <a href=\"mailto:residus@bisbalpenedes.com\">residus@bisbalpenedes.com<\/a>.<\/p><\/blockquote>\n\n\n\n<p>Una vegada sol\u00b7licitat el servei i d\u2019haver recollit la saca, caldr\u00e0 treure la poda al davant de casa la nit abans.<\/p>\n\n\n\n<p><strong>EL SERVEI DE RECOLLIDA DE VOLUMINOSOS ES MANT\u00c9 EL PRIMER DILLUNS DE MES<\/strong><\/p>\n\n\n\n<p>Quant al servei de recollida de voluminosos, aquest es continuar\u00e0 fent el primer dilluns no festiu de mes i, per sol\u00b7licitar-lo tamb\u00e9 caldr\u00e0 trucar al 601 98 68 92 o enviar un correu electr\u00f2nic a <a href=\"mailto:residus@bisbalpenedes.com\">residus@bisbalpenedes.com<\/a><\/p>\n\n\n\n<hr class=\"wp-block-separator\"\/>\n\n\n\n<p><strong>CASTELLANO |<\/strong>&nbsp;A partir de este mes de diciembre, la Bisbal del Pened\u00e8s har\u00e1 la recogida de la poda puerta por puerta, el primer y el tercer viernes de cada mes, en todo el municipio.<\/p>\n\n\n\n<p>Este primer mes, se har\u00e1 los viernes 3 y 17 de diciembre y, para solicitar el servicio, habr\u00e1 que llamar previamente al Ayuntamiento y recoger una saca (o dos) para la poda.<\/p>\n\n\n\n<blockquote class=\"wp-block-quote\"><p>El tel\u00e9fono para solicitar el servicio es el 601 98 68 92 y habr\u00e1 que contactar con el mismo en el horario de atenci\u00f3n al ciudadano del Ayuntamiento: de lunes a viernes de 9 a 14h y los lunes tambi\u00e9n de 16h a 19h. Tambi\u00e9n pod\u00e9is mandar un correo electr\u00f3nico a <a href=\"mailto:residus@bisbalpenedes.com\">residus@bisbalpenedes.com<\/a><\/p><\/blockquote>\n\n\n\n<p>Una vez solicitado el servicio y de haber recogido la saca, habr\u00e1 que sacar la poda delante de casa la noche antes.<\/p>\n\n\n\n<p><strong>EL SERVICIO DE RECOGIDA DE VOLUMINOSOS SE MANTIENE EL PRIMER LUNES DE MES<\/strong><\/p>\n\n\n\n<p>En cuanto al servicio de recogida de voluminosos, este se continuar\u00e1 haciendo el primer lunes no festivo de mes y, para solicitarlo, tambi\u00e9n habr\u00e1 que llamar al 601 98 68 92 o enviar un correo electr\u00f3nico a <a href=\"mailto:residus@bisbalpenedes.com\">residus@bisbalpenedes.com<\/a><\/p>\n\n\n\n<figure class=\"wp-block-image size-large\"><img loading=\"lazy\" width=\"1024\" height=\"690\" src=\"https:\/\/bisbalpenedes.com\/web\/wp-content\/uploads\/2021\/11\/TRIPTIC-BISBAL-23-11-2021_page-0001-1024x690.jpg\" alt=\"\" class=\"wp-image-20147\" srcset=\"https:\/\/bisbalpenedes.com\/web\/wp-content\/uploads\/2021\/11\/TRIPTIC-BISBAL-23-11-2021_page-0001-1024x690.jpg 1024w, https:\/\/bisbalpenedes.com\/web\/wp-content\/uploads\/2021\/11\/TRIPTIC-BISBAL-23-11-2021_page-0001-600x404.jpg 600w, https:\/\/bisbalpenedes.com\/web\/wp-content\/uploads\/2021\/11\/TRIPTIC-BISBAL-23-11-2021_page-0001-300x202.jpg 300w, https:\/\/bisbalpenedes.com\/web\/wp-content\/uploads\/2021\/11\/TRIPTIC-BISBAL-23-11-2021_page-0001-768x517.jpg 768w, https:\/\/bisbalpenedes.com\/web\/wp-content\/uploads\/2021\/11\/TRIPTIC-BISBAL-23-11-2021_page-0001-1536x1034.jpg 1536w, https:\/\/bisbalpenedes.com\/web\/wp-content\/uploads\/2021\/11\/TRIPTIC-BISBAL-23-11-2021_page-0001.jpg 1843w\" sizes=\"(max-width: 1024px) 100vw, 1024px\" \/><\/figure>\n","protected":false},"excerpt":{"rendered":"<p>A partir d\u2019aquest mes de desembre, la Bisbal del Pened\u00e8s far\u00e0 la recollida de la poda porta a porta, el primer i el tercer divendres de cada mes, a tot &hellip; <a href=\"https:\/\/bisbalpenedes.com\/web\/2021\/11\/30\/la-bisbal-del-penedes-fara-la-recollida-de-la-poda-porta-a-porta-a-partir-daquesta-setmana\/\" class=\"more-link\">Read More<\/a><\/p>\n","protected":false},"author":4,"featured_media":20146,"comment_status":"closed","ping_status":"closed","sticky":false,"template":"","format":"standard","meta":[],"categories":[3215,32,8],"tags":[393,220,1730,4929,92,207,1183],"_links":{"self":[{"href":"https:\/\/bisbalpenedes.com\/web\/wp-json\/wp\/v2\/posts\/20145"}],"collection":[{"href":"https:\/\/bisbalpenedes.com\/web\/wp-json\/wp\/v2\/posts"}],"about":[{"href":"https:\/\/bisbalpenedes.com\/web\/wp-json\/wp\/v2\/types\/post"}],"author":[{"embeddable":true,"href":"https:\/\/bisbalpenedes.com\/web\/wp-json\/wp\/v2\/users\/4"}],"replies":[{"embeddable":true,"href":"https:\/\/bisbalpenedes.com\/web\/wp-json\/wp\/v2\/comments?post=20145"}],"version-history":[{"count":1,"href":"https:\/\/bisbalpenedes.com\/web\/wp-json\/wp\/v2\/posts\/20145\/revisions"}],"predecessor-version":[{"id":20148,"href":"https:\/\/bisbalpenedes.com\/web\/wp-json\/wp\/v2\/posts\/20145\/revisions\/20148"}],"wp:featuredmedia":[{"embeddable":true,"href":"https:\/\/bisbalpenedes.com\/web\/wp-json\/wp\/v2\/media\/20146"}],"wp:attachment":[{"href":"https:\/\/bisbalpenedes.com\/web\/wp-json\/wp\/v2\/media?parent=20145"}],"wp:term":[{"taxonomy":"category","embeddable":true,"href":"https:\/\/bisbalpenedes.com\/web\/wp-json\/wp\/v2\/categories?post=20145"},{"taxonomy":"post_tag","embeddable":true,"href":"https:\/\/bisbalpenedes.com\/web\/wp-json\/wp\/v2\/tags?post=20145"}],"curies":[{"name":"wp","href":"https:\/\/api.w.org\/{rel}","templated":true}]}}