{"id":20135,"date":"2021-11-29T13:39:29","date_gmt":"2021-11-29T11:39:29","guid":{"rendered":"https:\/\/bisbalpenedes.com\/web\/?p=20135"},"modified":"2021-11-29T13:39:29","modified_gmt":"2021-11-29T11:39:29","slug":"tan-bon-punt-es-torni-a-activar-el-requisit-de-presentar-el-certificat-covid-digital-de-la-ue-per-fer-activitats-esportives-en-interiors-caldra-presentar-lo-per-participar-en-les-activitats-esportives","status":"publish","type":"post","link":"https:\/\/bisbalpenedes.com\/web\/2021\/11\/29\/tan-bon-punt-es-torni-a-activar-el-requisit-de-presentar-el-certificat-covid-digital-de-la-ue-per-fer-activitats-esportives-en-interiors-caldra-presentar-lo-per-participar-en-les-activitats-esportives\/","title":{"rendered":"Tan bon punt es torni a activar el requisit de presentar el certificat COVID digital de la UE per fer activitats esportives en interiors caldr\u00e0 presentar-lo per participar en les activitats esportives que comencen aquest dimecres al CMC"},"content":{"rendered":"\n<p>Us informem que, tot i que s\u2019ha susp\u00e8s temporalment l\u2019obligaci\u00f3 de presentar el certificat COVID digital de la UE, tan bon punt es torni a activar aquest requisit, ser\u00e0 obligatori presentar el certificat\u00a0 participar en les activitats esportives que comencen el dimecres 1 de desembre al CMC. Per a m\u00e9s informaci\u00f3 sobre com obtenir el certificat, accediu a l\u2019enlla\u00e7 <a href=\"https:\/\/canalsalut.gencat.cat\/ca\/salut-a-z\/c\/coronavirus-2019-ncov\/ciutadania\/certificat-covid-digital-ue\/\">https:\/\/canalsalut.gencat.cat\/ca\/salut-a-z\/c\/coronavirus-2019-ncov\/ciutadania\/certificat-covid-digital-ue\/<\/a> o consulteu les imatges que us adjuntem.<\/p>\n\n\n\n<p>\u2014<\/p>\n\n\n\n<p>Os informamos de que, aunque se ha suspendido temporalmente la obligaci\u00f3n de presentar el certificado COVID digital de la UE, tan pronto c\u00f3mo se vuelva a activar este requisito, ser\u00e1 obligatorio para participar en las actividades deportivas que empiezan el mi\u00e9rcoles 1 de diciembre en el CMC. Para m\u00e1s informaci\u00f3n sobre c\u00f3mo obtener el certificado, acceded al enlace <a href=\"https:\/\/canalsalut.gencat.cat\/ca\/salut-a-z\/c\/coronavirus-2019-ncov\/ciutadania\/certificat-covid-digital-ue\/\">https:\/\/canalsalut.gencat.cat\/ca\/salut-a-z\/c\/coronavirus-2019-ncov\/ciutadania\/certificat-covid-digital-ue\/<\/a> o consultad las im\u00e1genes que os adjuntamos.<\/p>\n\n\n\n<figure class=\"wp-block-image size-large\"><img loading=\"lazy\" width=\"1024\" height=\"576\" src=\"https:\/\/bisbalpenedes.com\/web\/wp-content\/uploads\/2021\/11\/CERTIFICAT-COVID-1-COM-OBTENIR-LO-1024x576.jpg\" alt=\"\" class=\"wp-image-20137\" srcset=\"https:\/\/bisbalpenedes.com\/web\/wp-content\/uploads\/2021\/11\/CERTIFICAT-COVID-1-COM-OBTENIR-LO-1024x576.jpg 1024w, https:\/\/bisbalpenedes.com\/web\/wp-content\/uploads\/2021\/11\/CERTIFICAT-COVID-1-COM-OBTENIR-LO-600x338.jpg 600w, https:\/\/bisbalpenedes.com\/web\/wp-content\/uploads\/2021\/11\/CERTIFICAT-COVID-1-COM-OBTENIR-LO-300x169.jpg 300w, https:\/\/bisbalpenedes.com\/web\/wp-content\/uploads\/2021\/11\/CERTIFICAT-COVID-1-COM-OBTENIR-LO-768x432.jpg 768w, https:\/\/bisbalpenedes.com\/web\/wp-content\/uploads\/2021\/11\/CERTIFICAT-COVID-1-COM-OBTENIR-LO-1536x864.jpg 1536w, https:\/\/bisbalpenedes.com\/web\/wp-content\/uploads\/2021\/11\/CERTIFICAT-COVID-1-COM-OBTENIR-LO.jpg 2048w\" sizes=\"(max-width: 1024px) 100vw, 1024px\" \/><\/figure>\n\n\n\n<figure class=\"wp-block-image size-large\"><img loading=\"lazy\" width=\"1024\" height=\"576\" src=\"https:\/\/bisbalpenedes.com\/web\/wp-content\/uploads\/2021\/11\/CERTIFICAT-COVID-2-COM-OBTENIR-LO.-1024x576.jpg\" alt=\"\" class=\"wp-image-20138\" srcset=\"https:\/\/bisbalpenedes.com\/web\/wp-content\/uploads\/2021\/11\/CERTIFICAT-COVID-2-COM-OBTENIR-LO.-1024x576.jpg 1024w, https:\/\/bisbalpenedes.com\/web\/wp-content\/uploads\/2021\/11\/CERTIFICAT-COVID-2-COM-OBTENIR-LO.-600x338.jpg 600w, https:\/\/bisbalpenedes.com\/web\/wp-content\/uploads\/2021\/11\/CERTIFICAT-COVID-2-COM-OBTENIR-LO.-300x169.jpg 300w, https:\/\/bisbalpenedes.com\/web\/wp-content\/uploads\/2021\/11\/CERTIFICAT-COVID-2-COM-OBTENIR-LO.-768x432.jpg 768w, https:\/\/bisbalpenedes.com\/web\/wp-content\/uploads\/2021\/11\/CERTIFICAT-COVID-2-COM-OBTENIR-LO.-1536x864.jpg 1536w, https:\/\/bisbalpenedes.com\/web\/wp-content\/uploads\/2021\/11\/CERTIFICAT-COVID-2-COM-OBTENIR-LO..jpg 2048w\" sizes=\"(max-width: 1024px) 100vw, 1024px\" \/><\/figure>\n","protected":false},"excerpt":{"rendered":"<p>Us informem que, tot i que s\u2019ha susp\u00e8s temporalment l\u2019obligaci\u00f3 de presentar el certificat COVID digital de la UE, tan bon punt es torni a activar aquest requisit, ser\u00e0 obligatori &hellip; <a href=\"https:\/\/bisbalpenedes.com\/web\/2021\/11\/29\/tan-bon-punt-es-torni-a-activar-el-requisit-de-presentar-el-certificat-covid-digital-de-la-ue-per-fer-activitats-esportives-en-interiors-caldra-presentar-lo-per-participar-en-les-activitats-esportives\/\" class=\"more-link\">Read More<\/a><\/p>\n","protected":false},"author":4,"featured_media":20136,"comment_status":"closed","ping_status":"closed","sticky":false,"template":"","format":"standard","meta":[],"categories":[19,8],"tags":[4927,368,83],"_links":{"self":[{"href":"https:\/\/bisbalpenedes.com\/web\/wp-json\/wp\/v2\/posts\/20135"}],"collection":[{"href":"https:\/\/bisbalpenedes.com\/web\/wp-json\/wp\/v2\/posts"}],"about":[{"href":"https:\/\/bisbalpenedes.com\/web\/wp-json\/wp\/v2\/types\/post"}],"author":[{"embeddable":true,"href":"https:\/\/bisbalpenedes.com\/web\/wp-json\/wp\/v2\/users\/4"}],"replies":[{"embeddable":true,"href":"https:\/\/bisbalpenedes.com\/web\/wp-json\/wp\/v2\/comments?post=20135"}],"version-history":[{"count":1,"href":"https:\/\/bisbalpenedes.com\/web\/wp-json\/wp\/v2\/posts\/20135\/revisions"}],"predecessor-version":[{"id":20139,"href":"https:\/\/bisbalpenedes.com\/web\/wp-json\/wp\/v2\/posts\/20135\/revisions\/20139"}],"wp:featuredmedia":[{"embeddable":true,"href":"https:\/\/bisbalpenedes.com\/web\/wp-json\/wp\/v2\/media\/20136"}],"wp:attachment":[{"href":"https:\/\/bisbalpenedes.com\/web\/wp-json\/wp\/v2\/media?parent=20135"}],"wp:term":[{"taxonomy":"category","embeddable":true,"href":"https:\/\/bisbalpenedes.com\/web\/wp-json\/wp\/v2\/categories?post=20135"},{"taxonomy":"post_tag","embeddable":true,"href":"https:\/\/bisbalpenedes.com\/web\/wp-json\/wp\/v2\/tags?post=20135"}],"curies":[{"name":"wp","href":"https:\/\/api.w.org\/{rel}","templated":true}]}}