{"id":20123,"date":"2021-11-28T12:33:33","date_gmt":"2021-11-28T10:33:33","guid":{"rendered":"https:\/\/bisbalpenedes.com\/web\/?p=20123"},"modified":"2021-11-28T12:33:33","modified_gmt":"2021-11-28T10:33:33","slug":"sha-publicat-un-avis-per-vent-per-avui-diumenge-28-de-novembre","status":"publish","type":"post","link":"https:\/\/bisbalpenedes.com\/web\/2021\/11\/28\/sha-publicat-un-avis-per-vent-per-avui-diumenge-28-de-novembre\/","title":{"rendered":"S&#8217;ha publicat un av\u00eds per vent per avui diumenge 28 de novembre"},"content":{"rendered":"\n<p>El Servei Meteorol\u00f2gic de Catalunya ha em\u00e8s un av\u00eds per vent per avui diumenge. Extremeu les precaucions.<\/p>\n\n\n\n<hr class=\"wp-block-separator\"\/>\n\n\n\n<p>El Servicio Meteorol\u00f3gico de Catalunya ha emitido un aviso por viento para hoy domingo. Extremad las precauciones.<\/p>\n\n\n\n<figure class=\"wp-block-image size-large\"><img loading=\"lazy\" width=\"1024\" height=\"1024\" src=\"https:\/\/bisbalpenedes.com\/web\/wp-content\/uploads\/2020\/12\/infografies_ventades_TOTS_page-0002-1024x1024.jpg\" alt=\"\" class=\"wp-image-15770\" srcset=\"https:\/\/bisbalpenedes.com\/web\/wp-content\/uploads\/2020\/12\/infografies_ventades_TOTS_page-0002-1024x1024.jpg 1024w, https:\/\/bisbalpenedes.com\/web\/wp-content\/uploads\/2020\/12\/infografies_ventades_TOTS_page-0002-300x300.jpg 300w, https:\/\/bisbalpenedes.com\/web\/wp-content\/uploads\/2020\/12\/infografies_ventades_TOTS_page-0002-100x100.jpg 100w, https:\/\/bisbalpenedes.com\/web\/wp-content\/uploads\/2020\/12\/infografies_ventades_TOTS_page-0002-600x600.jpg 600w, https:\/\/bisbalpenedes.com\/web\/wp-content\/uploads\/2020\/12\/infografies_ventades_TOTS_page-0002-150x150.jpg 150w, https:\/\/bisbalpenedes.com\/web\/wp-content\/uploads\/2020\/12\/infografies_ventades_TOTS_page-0002-768x768.jpg 768w, https:\/\/bisbalpenedes.com\/web\/wp-content\/uploads\/2020\/12\/infografies_ventades_TOTS_page-0002.jpg 1250w\" sizes=\"(max-width: 1024px) 100vw, 1024px\" \/><\/figure>\n","protected":false},"excerpt":{"rendered":"<p>El Servei Meteorol\u00f2gic de Catalunya ha em\u00e8s un av\u00eds per vent per avui diumenge. Extremeu les precaucions. El Servicio Meteorol\u00f3gico de Catalunya ha emitido un aviso por viento para hoy &hellip; <a href=\"https:\/\/bisbalpenedes.com\/web\/2021\/11\/28\/sha-publicat-un-avis-per-vent-per-avui-diumenge-28-de-novembre\/\" class=\"more-link\">Read More<\/a><\/p>\n","protected":false},"author":4,"featured_media":20124,"comment_status":"closed","ping_status":"closed","sticky":false,"template":"","format":"standard","meta":[],"categories":[2543,8],"tags":[4613,393,1188,1187],"_links":{"self":[{"href":"https:\/\/bisbalpenedes.com\/web\/wp-json\/wp\/v2\/posts\/20123"}],"collection":[{"href":"https:\/\/bisbalpenedes.com\/web\/wp-json\/wp\/v2\/posts"}],"about":[{"href":"https:\/\/bisbalpenedes.com\/web\/wp-json\/wp\/v2\/types\/post"}],"author":[{"embeddable":true,"href":"https:\/\/bisbalpenedes.com\/web\/wp-json\/wp\/v2\/users\/4"}],"replies":[{"embeddable":true,"href":"https:\/\/bisbalpenedes.com\/web\/wp-json\/wp\/v2\/comments?post=20123"}],"version-history":[{"count":1,"href":"https:\/\/bisbalpenedes.com\/web\/wp-json\/wp\/v2\/posts\/20123\/revisions"}],"predecessor-version":[{"id":20125,"href":"https:\/\/bisbalpenedes.com\/web\/wp-json\/wp\/v2\/posts\/20123\/revisions\/20125"}],"wp:featuredmedia":[{"embeddable":true,"href":"https:\/\/bisbalpenedes.com\/web\/wp-json\/wp\/v2\/media\/20124"}],"wp:attachment":[{"href":"https:\/\/bisbalpenedes.com\/web\/wp-json\/wp\/v2\/media?parent=20123"}],"wp:term":[{"taxonomy":"category","embeddable":true,"href":"https:\/\/bisbalpenedes.com\/web\/wp-json\/wp\/v2\/categories?post=20123"},{"taxonomy":"post_tag","embeddable":true,"href":"https:\/\/bisbalpenedes.com\/web\/wp-json\/wp\/v2\/tags?post=20123"}],"curies":[{"name":"wp","href":"https:\/\/api.w.org\/{rel}","templated":true}]}}