{"id":20113,"date":"2021-11-25T21:39:55","date_gmt":"2021-11-25T19:39:55","guid":{"rendered":"https:\/\/bisbalpenedes.com\/web\/?p=20113"},"modified":"2021-11-25T21:39:55","modified_gmt":"2021-11-25T19:39:55","slug":"es-prorroguen-les-restriccions-i-sespecifiquen-nous-ambits-en-que-cal-presentar-el-certificat-covid-digital-de-la-ue-a-partir-daquest-divendres-26-de-novembre","status":"publish","type":"post","link":"https:\/\/bisbalpenedes.com\/web\/2021\/11\/25\/es-prorroguen-les-restriccions-i-sespecifiquen-nous-ambits-en-que-cal-presentar-el-certificat-covid-digital-de-la-ue-a-partir-daquest-divendres-26-de-novembre\/","title":{"rendered":"Es prorroguen les restriccions i s&#8217;especifiquen nous \u00e0mbits en que cal presentar el certificat COVID digital de la UE a partir d&#8217;aquest divendres 26 de novembre"},"content":{"rendered":"\n<p>Es prorroga el nivell de restriccions per la COVID-19 vigent i, a partir de d&#8217;aquest divendres 26 de novembre, s&#8217;especifiquen nous \u00e0mbits en qu\u00e8 cal presentar el certificat COVID digital de la UE.<br>Per a m\u00e9s informaci\u00f3 podeu accedir a l&#8217;enlla\u00e7: <a rel=\"noreferrer noopener\" href=\"http:\/\/ow.ly\/3etW30s1QPc\" target=\"_blank\">http:\/\/ow.ly\/3etW30s1QPc<\/a><br><\/p>\n\n\n\n<hr class=\"wp-block-separator\"\/>\n\n\n\n<p>Se prorroga el nivel de restricciones por la COVID-19 vigente y, a partir de este viernes 26 de noviembre, se especifican nuevos \u00e1mbitos en los que hay que presentar el certificado COVID digital de la UE.<br>Para m\u00e1s informaci\u00f3n pod\u00e9is acceder al enlace: <a rel=\"noreferrer noopener\" href=\"http:\/\/ow.ly\/3etW30s1QPc\" target=\"_blank\">http:\/\/ow.ly\/3etW30s1QPc<\/a><\/p>\n\n\n\n<figure class=\"wp-block-image size-large\"><img loading=\"lazy\" width=\"726\" height=\"1024\" src=\"https:\/\/bisbalpenedes.com\/web\/wp-content\/uploads\/2021\/11\/mesures-22-octubre_page-0001-726x1024.jpeg\" alt=\"\" class=\"wp-image-20114\" srcset=\"https:\/\/bisbalpenedes.com\/web\/wp-content\/uploads\/2021\/11\/mesures-22-octubre_page-0001-726x1024.jpeg 726w, https:\/\/bisbalpenedes.com\/web\/wp-content\/uploads\/2021\/11\/mesures-22-octubre_page-0001-600x846.jpeg 600w, https:\/\/bisbalpenedes.com\/web\/wp-content\/uploads\/2021\/11\/mesures-22-octubre_page-0001-213x300.jpeg 213w, https:\/\/bisbalpenedes.com\/web\/wp-content\/uploads\/2021\/11\/mesures-22-octubre_page-0001-768x1083.jpeg 768w, https:\/\/bisbalpenedes.com\/web\/wp-content\/uploads\/2021\/11\/mesures-22-octubre_page-0001-1089x1536.jpeg 1089w, https:\/\/bisbalpenedes.com\/web\/wp-content\/uploads\/2021\/11\/mesures-22-octubre_page-0001-1452x2048.jpeg 1452w, https:\/\/bisbalpenedes.com\/web\/wp-content\/uploads\/2021\/11\/mesures-22-octubre_page-0001.jpeg 1754w\" sizes=\"(max-width: 726px) 100vw, 726px\" \/><\/figure>\n","protected":false},"excerpt":{"rendered":"<p>Es prorroga el nivell de restriccions per la COVID-19 vigent i, a partir de d&#8217;aquest divendres 26 de novembre, s&#8217;especifiquen nous \u00e0mbits en qu\u00e8 cal presentar el certificat COVID digital &hellip; <a href=\"https:\/\/bisbalpenedes.com\/web\/2021\/11\/25\/es-prorroguen-les-restriccions-i-sespecifiquen-nous-ambits-en-que-cal-presentar-el-certificat-covid-digital-de-la-ue-a-partir-daquest-divendres-26-de-novembre\/\" class=\"more-link\">Read More<\/a><\/p>\n","protected":false},"author":4,"featured_media":20115,"comment_status":"closed","ping_status":"closed","sticky":false,"template":"","format":"standard","meta":[],"categories":[3636,4095,8,14],"tags":[3550,3559,393,4905,4096],"_links":{"self":[{"href":"https:\/\/bisbalpenedes.com\/web\/wp-json\/wp\/v2\/posts\/20113"}],"collection":[{"href":"https:\/\/bisbalpenedes.com\/web\/wp-json\/wp\/v2\/posts"}],"about":[{"href":"https:\/\/bisbalpenedes.com\/web\/wp-json\/wp\/v2\/types\/post"}],"author":[{"embeddable":true,"href":"https:\/\/bisbalpenedes.com\/web\/wp-json\/wp\/v2\/users\/4"}],"replies":[{"embeddable":true,"href":"https:\/\/bisbalpenedes.com\/web\/wp-json\/wp\/v2\/comments?post=20113"}],"version-history":[{"count":1,"href":"https:\/\/bisbalpenedes.com\/web\/wp-json\/wp\/v2\/posts\/20113\/revisions"}],"predecessor-version":[{"id":20116,"href":"https:\/\/bisbalpenedes.com\/web\/wp-json\/wp\/v2\/posts\/20113\/revisions\/20116"}],"wp:featuredmedia":[{"embeddable":true,"href":"https:\/\/bisbalpenedes.com\/web\/wp-json\/wp\/v2\/media\/20115"}],"wp:attachment":[{"href":"https:\/\/bisbalpenedes.com\/web\/wp-json\/wp\/v2\/media?parent=20113"}],"wp:term":[{"taxonomy":"category","embeddable":true,"href":"https:\/\/bisbalpenedes.com\/web\/wp-json\/wp\/v2\/categories?post=20113"},{"taxonomy":"post_tag","embeddable":true,"href":"https:\/\/bisbalpenedes.com\/web\/wp-json\/wp\/v2\/tags?post=20113"}],"curies":[{"name":"wp","href":"https:\/\/api.w.org\/{rel}","templated":true}]}}