{"id":20100,"date":"2021-11-25T20:09:32","date_gmt":"2021-11-25T18:09:32","guid":{"rendered":"https:\/\/bisbalpenedes.com\/web\/?p=20100"},"modified":"2021-11-25T20:09:32","modified_gmt":"2021-11-25T18:09:32","slug":"la-bisbal-del-penedes-ha-commemorat-el-dia-mundial-per-leliminacio-de-la-violencia-envers-les-dones-el-25n","status":"publish","type":"post","link":"https:\/\/bisbalpenedes.com\/web\/2021\/11\/25\/la-bisbal-del-penedes-ha-commemorat-el-dia-mundial-per-leliminacio-de-la-violencia-envers-les-dones-el-25n\/","title":{"rendered":"La Bisbal del Pened\u00e8s ha commemorat el Dia mundial per l&#8217;eliminaci\u00f3 de la viol\u00e8ncia envers les dones el 25N"},"content":{"rendered":"\n<p>La Bisbal del Pened\u00e8s ha commemorat avui el Dia mundial per l\u2019eliminaci\u00f3 de la viol\u00e8ncia envers les dones amb una caminada que ha sortit de l\u2019Ajuntament de la Bisbal del Pened\u00e8s i que ha portat els assistents al Priorat de la Bisbal, on l\u2019artista vendrellenc Jordi Romeu ha pintat un gran mural basat en l\u2019obra d\u2019Esther Gili, amb els materials que li ha proporcionat Aqualia en el marc de la iniciativa \u201cContra la viol\u00e8ncia de g\u00e8nere&#8230; fes el salt!\u201d. A m\u00e9s, Aqualia ha repartit samarretes tem\u00e0tiques a les entitats participants. Una vegada all\u00e0, s\u2019ha llegit el manifest unitari del 25N de la Generalitat de Catalunya, la Delegaci\u00f3 del Govern espanyol a Catalunya, les quatre diputacions catalanes, la Federaci\u00f3 de Municipis de Catalunya, l\u2019Associaci\u00f3 Catalana de Municipis i l\u2019Ajuntament de Barcelona. <\/p>\n\n\n\n<p>La lectura del manifest ha anat a c\u00e0rrec de l\u2019Asunci\u00f3n, l\u2019Ana, l\u2019Andr\u00e9s i la Teresa, en representaci\u00f3 de l&#8217;Associaci\u00f3 de Dones La Roca foradada, l&#8217;Associaci\u00f3 de ve\u00efns del barri del Priorat de la Bisbal, l&#8217;Associaci\u00f3 de ve\u00efns i amics del Priorat i l&#8217;Associaci\u00f3 de la Gent Gran de La Bisbal del Pened\u00e8s, respectivament.<\/p>\n\n\n\n<figure class=\"wp-block-image size-large\"><img loading=\"lazy\" width=\"1024\" height=\"683\" src=\"https:\/\/bisbalpenedes.com\/web\/wp-content\/uploads\/2021\/11\/25N-LECTURA-MANIFEST-1024x683.jpg\" alt=\"\" class=\"wp-image-20103\" srcset=\"https:\/\/bisbalpenedes.com\/web\/wp-content\/uploads\/2021\/11\/25N-LECTURA-MANIFEST-1024x683.jpg 1024w, https:\/\/bisbalpenedes.com\/web\/wp-content\/uploads\/2021\/11\/25N-LECTURA-MANIFEST-scaled-600x400.jpg 600w, https:\/\/bisbalpenedes.com\/web\/wp-content\/uploads\/2021\/11\/25N-LECTURA-MANIFEST-300x200.jpg 300w, https:\/\/bisbalpenedes.com\/web\/wp-content\/uploads\/2021\/11\/25N-LECTURA-MANIFEST-768x512.jpg 768w, https:\/\/bisbalpenedes.com\/web\/wp-content\/uploads\/2021\/11\/25N-LECTURA-MANIFEST-1536x1024.jpg 1536w, https:\/\/bisbalpenedes.com\/web\/wp-content\/uploads\/2021\/11\/25N-LECTURA-MANIFEST-2048x1365.jpg 2048w\" sizes=\"(max-width: 1024px) 100vw, 1024px\" \/><\/figure>\n\n\n\n<p>Gr\u00e0cies a tots i totes per la vostra participaci\u00f3 i per ajudar a fer m\u00e9s visible la problem\u00e0tica de la viol\u00e8ncia vers les dones.<\/p>\n\n\n\n<figure class=\"wp-block-image size-large\"><img loading=\"lazy\" width=\"1024\" height=\"683\" src=\"https:\/\/bisbalpenedes.com\/web\/wp-content\/uploads\/2021\/11\/25-N-AJUNTAMENT-1-1024x683.jpg\" alt=\"\" class=\"wp-image-20105\" srcset=\"https:\/\/bisbalpenedes.com\/web\/wp-content\/uploads\/2021\/11\/25-N-AJUNTAMENT-1-1024x683.jpg 1024w, https:\/\/bisbalpenedes.com\/web\/wp-content\/uploads\/2021\/11\/25-N-AJUNTAMENT-1-scaled-600x400.jpg 600w, https:\/\/bisbalpenedes.com\/web\/wp-content\/uploads\/2021\/11\/25-N-AJUNTAMENT-1-300x200.jpg 300w, https:\/\/bisbalpenedes.com\/web\/wp-content\/uploads\/2021\/11\/25-N-AJUNTAMENT-1-768x512.jpg 768w, https:\/\/bisbalpenedes.com\/web\/wp-content\/uploads\/2021\/11\/25-N-AJUNTAMENT-1-1536x1024.jpg 1536w, https:\/\/bisbalpenedes.com\/web\/wp-content\/uploads\/2021\/11\/25-N-AJUNTAMENT-1-2048x1365.jpg 2048w\" sizes=\"(max-width: 1024px) 100vw, 1024px\" \/><\/figure>\n\n\n\n<hr class=\"wp-block-separator\"\/>\n\n\n\n<p>La Bisbal del Pened\u00e8s ha conmemorado hoy el D\u00eda mundial por la eliminaci\u00f3n de la violencia hacia las mujeres con una caminata que ha salido del Ayuntamiento de la Bisbal del Pened\u00e8s y que ha llevado a los asistentes al Priorat de la Bisbal, donde el artista vendrellense Jordi Romeu ha pintado un gran mural basado en la obra de Esther Gili, con los materiales que le ha proporcionado Aqualia en el marco de la iniciativa \u201cContra la violencia de g\u00e9nero&#8230;\u00a1haz el salto!\u201d. Adem\u00e1s, Aqualia les ha repartido camisetas tem\u00e1ticas a las entidades participantes. Una vez all\u00ed, se ha le\u00eddo el manifiesto unitario del 25N de la Generalitat de Catalunya, la Delegaci\u00f3n del Gobierno espa\u00f1ol en Catalunya, las cuatro diputaciones catalanas, la Federaci\u00f3 de Municipis de Catalunya, la Associaci\u00f3 Catalana de Municipis y el Ayuntamiento de Barcelona. <\/p>\n\n\n\n<p>La lectura del manifiesto ha ido a cargo de Asunci\u00f3n, Ana, Andr\u00e9s y Teresa, en representaci\u00f3n de la Associaci\u00f3 de Dones La Roca Foradada, la Associacio de ve\u00efns del barri del Priorat de la Bisbal, la Associaci\u00f3 de ve\u00efns i amics del Priorat y la Associaci\u00f3 de la Gent Gran de la Bisbal del Pened\u00e8s, respectivamente.<\/p>\n\n\n\n<figure class=\"wp-block-image size-large\"><img loading=\"lazy\" width=\"1024\" height=\"683\" src=\"https:\/\/bisbalpenedes.com\/web\/wp-content\/uploads\/2021\/11\/25N-LECTURA-MANIFEST-1024x683.jpg\" alt=\"\" class=\"wp-image-20103\" srcset=\"https:\/\/bisbalpenedes.com\/web\/wp-content\/uploads\/2021\/11\/25N-LECTURA-MANIFEST-1024x683.jpg 1024w, https:\/\/bisbalpenedes.com\/web\/wp-content\/uploads\/2021\/11\/25N-LECTURA-MANIFEST-scaled-600x400.jpg 600w, https:\/\/bisbalpenedes.com\/web\/wp-content\/uploads\/2021\/11\/25N-LECTURA-MANIFEST-300x200.jpg 300w, https:\/\/bisbalpenedes.com\/web\/wp-content\/uploads\/2021\/11\/25N-LECTURA-MANIFEST-768x512.jpg 768w, https:\/\/bisbalpenedes.com\/web\/wp-content\/uploads\/2021\/11\/25N-LECTURA-MANIFEST-1536x1024.jpg 1536w, https:\/\/bisbalpenedes.com\/web\/wp-content\/uploads\/2021\/11\/25N-LECTURA-MANIFEST-2048x1365.jpg 2048w\" sizes=\"(max-width: 1024px) 100vw, 1024px\" \/><\/figure>\n\n\n\n<p>Gracias a todos y todas por vuestra participaci\u00f3n y por ayudar a hacer m\u00e1s visible la problem\u00e1tica de la violencia hacia las mujeres.<\/p>\n\n\n\n<figure class=\"wp-block-image size-large\"><img loading=\"lazy\" width=\"1024\" height=\"683\" src=\"https:\/\/bisbalpenedes.com\/web\/wp-content\/uploads\/2021\/11\/25-N-AJUNTAMENT-1024x683.jpg\" alt=\"\" class=\"wp-image-20104\" srcset=\"https:\/\/bisbalpenedes.com\/web\/wp-content\/uploads\/2021\/11\/25-N-AJUNTAMENT-1024x683.jpg 1024w, https:\/\/bisbalpenedes.com\/web\/wp-content\/uploads\/2021\/11\/25-N-AJUNTAMENT-scaled-600x400.jpg 600w, https:\/\/bisbalpenedes.com\/web\/wp-content\/uploads\/2021\/11\/25-N-AJUNTAMENT-300x200.jpg 300w, https:\/\/bisbalpenedes.com\/web\/wp-content\/uploads\/2021\/11\/25-N-AJUNTAMENT-768x512.jpg 768w, https:\/\/bisbalpenedes.com\/web\/wp-content\/uploads\/2021\/11\/25-N-AJUNTAMENT-1536x1024.jpg 1536w, https:\/\/bisbalpenedes.com\/web\/wp-content\/uploads\/2021\/11\/25-N-AJUNTAMENT-2048x1365.jpg 2048w\" sizes=\"(max-width: 1024px) 100vw, 1024px\" \/><\/figure>\n","protected":false},"excerpt":{"rendered":"<p>La Bisbal del Pened\u00e8s ha commemorat avui el Dia mundial per l\u2019eliminaci\u00f3 de la viol\u00e8ncia envers les dones amb una caminada que ha sortit de l\u2019Ajuntament de la Bisbal del &hellip; <a href=\"https:\/\/bisbalpenedes.com\/web\/2021\/11\/25\/la-bisbal-del-penedes-ha-commemorat-el-dia-mundial-per-leliminacio-de-la-violencia-envers-les-dones-el-25n\/\" class=\"more-link\">Read More<\/a><\/p>\n","protected":false},"author":4,"featured_media":20101,"comment_status":"closed","ping_status":"closed","sticky":false,"template":"","format":"standard","meta":[],"categories":[3851,8],"tags":[4224,4923,4924,4914,393,4388,520],"_links":{"self":[{"href":"https:\/\/bisbalpenedes.com\/web\/wp-json\/wp\/v2\/posts\/20100"}],"collection":[{"href":"https:\/\/bisbalpenedes.com\/web\/wp-json\/wp\/v2\/posts"}],"about":[{"href":"https:\/\/bisbalpenedes.com\/web\/wp-json\/wp\/v2\/types\/post"}],"author":[{"embeddable":true,"href":"https:\/\/bisbalpenedes.com\/web\/wp-json\/wp\/v2\/users\/4"}],"replies":[{"embeddable":true,"href":"https:\/\/bisbalpenedes.com\/web\/wp-json\/wp\/v2\/comments?post=20100"}],"version-history":[{"count":1,"href":"https:\/\/bisbalpenedes.com\/web\/wp-json\/wp\/v2\/posts\/20100\/revisions"}],"predecessor-version":[{"id":20106,"href":"https:\/\/bisbalpenedes.com\/web\/wp-json\/wp\/v2\/posts\/20100\/revisions\/20106"}],"wp:featuredmedia":[{"embeddable":true,"href":"https:\/\/bisbalpenedes.com\/web\/wp-json\/wp\/v2\/media\/20101"}],"wp:attachment":[{"href":"https:\/\/bisbalpenedes.com\/web\/wp-json\/wp\/v2\/media?parent=20100"}],"wp:term":[{"taxonomy":"category","embeddable":true,"href":"https:\/\/bisbalpenedes.com\/web\/wp-json\/wp\/v2\/categories?post=20100"},{"taxonomy":"post_tag","embeddable":true,"href":"https:\/\/bisbalpenedes.com\/web\/wp-json\/wp\/v2\/tags?post=20100"}],"curies":[{"name":"wp","href":"https:\/\/api.w.org\/{rel}","templated":true}]}}