{"id":20086,"date":"2021-11-25T08:51:36","date_gmt":"2021-11-25T06:51:36","guid":{"rendered":"https:\/\/bisbalpenedes.com\/web\/?p=20086"},"modified":"2021-11-25T08:54:41","modified_gmt":"2021-11-25T06:54:41","slug":"el-bisablenc-lluc-gil-ha-quedat-segon-a-lopen-despanya-de-combat-jiu-jitsu","status":"publish","type":"post","link":"https:\/\/bisbalpenedes.com\/web\/2021\/11\/25\/el-bisablenc-lluc-gil-ha-quedat-segon-a-lopen-despanya-de-combat-jiu-jitsu\/","title":{"rendered":"El bisablenc Lluc Gil ha quedat segon a l\u2019Open d\u2019Espanya de Combat Jiu Jitsu"},"content":{"rendered":"\n<p>Lluc Gil va quedar segon a l\u2019Open d\u2019Espanya de Combat Jiu Jitsu, celebrat el dia 13 de novembre a Cornell\u00e0 de Terri (Girona). Es tracta de la primera competici\u00f3 del bisbalenc, que s\u2019ha introdu\u00eft en aquesta disciplina enguany. La seva mare, Emma Espejo, ha explicat que \u201cabans el meu fill feia taekwondo i amb el confinament no va voler continuar. Poc despr\u00e9s, un amic de l\u2019escola ens va convidar a provar les classes d\u2019aquesta disciplina, ja que el seu pare era un dels mestres, i li va agradar molt aquesta art marcial. Est\u00e0 molt content, li encanta aquesta disciplina\u201d.<\/p>\n\n\n\n<p>En Lluc t\u00e9 vuit anys i entrena dues vegades a la setmana amb el Club Deportivo Combat Jiu Jitsu Bushido, al Gimn\u00e0s Kanaloa de Calafell. Aquesta ha estat la seva primera competici\u00f3 i est\u00e0 molt content amb el resultat que ha obtingut, quedant segon en la seva categoria.<\/p>\n\n\n\n<p>Des de l\u2019Ajuntament de la Bisbal del Pened\u00e8s el felicitem per aquesta fita i l\u2019animem a continuar entrenant amb tantes ganes com fins ara.<\/p>\n\n\n\n<figure class=\"wp-block-image size-large\"><img loading=\"lazy\" width=\"768\" height=\"1024\" src=\"https:\/\/bisbalpenedes.com\/web\/wp-content\/uploads\/2021\/11\/F3E959F1-28F2-4F00-AB70-3032FC41145E-768x1024.jpeg\" alt=\"\" class=\"wp-image-20088\" srcset=\"https:\/\/bisbalpenedes.com\/web\/wp-content\/uploads\/2021\/11\/F3E959F1-28F2-4F00-AB70-3032FC41145E-768x1024.jpeg 768w, https:\/\/bisbalpenedes.com\/web\/wp-content\/uploads\/2021\/11\/F3E959F1-28F2-4F00-AB70-3032FC41145E-600x800.jpeg 600w, https:\/\/bisbalpenedes.com\/web\/wp-content\/uploads\/2021\/11\/F3E959F1-28F2-4F00-AB70-3032FC41145E-225x300.jpeg 225w, https:\/\/bisbalpenedes.com\/web\/wp-content\/uploads\/2021\/11\/F3E959F1-28F2-4F00-AB70-3032FC41145E-1152x1536.jpeg 1152w, https:\/\/bisbalpenedes.com\/web\/wp-content\/uploads\/2021\/11\/F3E959F1-28F2-4F00-AB70-3032FC41145E.jpeg 1500w\" sizes=\"(max-width: 768px) 100vw, 768px\" \/><\/figure>\n\n\n\n<hr class=\"wp-block-separator\"\/>\n\n\n\n<p><strong>CASTELLANO<\/strong> |&nbsp;Lluc Gil qued\u00f3 segundo en el Open de Espa\u00f1a de Combat Jiu Jitsu, celebrado el d\u00eda 13 de noviembre en Cornell\u00e0 de Terri (Girona). Se trata de la primera competici\u00f3n del bisbalense, que se ha introducido en esta disciplina este a\u00f1o. Su madre, Emma Espejo, ha explicado que \u201cantes mi hijo hac\u00eda taekwondo y con el confinamiento no quiso continuar. Poco despu\u00e9s, un amigo de la escuela nos invit\u00f3 a probar las clases de esta disciplina, ya que su padre era uno de los maestros, y le gust\u00f3 mucho esta arte marcial. Est\u00e1 muy contento, le encanta esta disciplina\u201d.<\/p>\n\n\n\n<p>Lluc tiene ocho a\u00f1os y entrena dos veces a la semana con el Club Deportivo Combat Jiu Jitsu Bushido, en el Gimnasio Kanaloa de Calafell. Esta ha sido su primera competici\u00f3n y est\u00e1 muy contento con el resultado que ha obtenido, quedando segundo en su categor\u00eda.<\/p>\n\n\n\n<p>Desde el Ayuntamiento de la Bisbal del Pened\u00e8s lo felicitamos por este logro y lo animamos a continuar entrenando con tantas ganas como hasta ahora.<\/p>\n","protected":false},"excerpt":{"rendered":"<p>Lluc Gil va quedar segon a l\u2019Open d\u2019Espanya de Combat Jiu Jitsu, celebrat el dia 13 de novembre a Cornell\u00e0 de Terri (Girona). Es tracta de la primera competici\u00f3 del &hellip; <a href=\"https:\/\/bisbalpenedes.com\/web\/2021\/11\/25\/el-bisablenc-lluc-gil-ha-quedat-segon-a-lopen-despanya-de-combat-jiu-jitsu\/\" class=\"more-link\">Read More<\/a><\/p>\n","protected":false},"author":4,"featured_media":20087,"comment_status":"closed","ping_status":"closed","sticky":false,"template":"","format":"standard","meta":[],"categories":[19,8],"tags":[4921,4918,393,4919],"_links":{"self":[{"href":"https:\/\/bisbalpenedes.com\/web\/wp-json\/wp\/v2\/posts\/20086"}],"collection":[{"href":"https:\/\/bisbalpenedes.com\/web\/wp-json\/wp\/v2\/posts"}],"about":[{"href":"https:\/\/bisbalpenedes.com\/web\/wp-json\/wp\/v2\/types\/post"}],"author":[{"embeddable":true,"href":"https:\/\/bisbalpenedes.com\/web\/wp-json\/wp\/v2\/users\/4"}],"replies":[{"embeddable":true,"href":"https:\/\/bisbalpenedes.com\/web\/wp-json\/wp\/v2\/comments?post=20086"}],"version-history":[{"count":2,"href":"https:\/\/bisbalpenedes.com\/web\/wp-json\/wp\/v2\/posts\/20086\/revisions"}],"predecessor-version":[{"id":20091,"href":"https:\/\/bisbalpenedes.com\/web\/wp-json\/wp\/v2\/posts\/20086\/revisions\/20091"}],"wp:featuredmedia":[{"embeddable":true,"href":"https:\/\/bisbalpenedes.com\/web\/wp-json\/wp\/v2\/media\/20087"}],"wp:attachment":[{"href":"https:\/\/bisbalpenedes.com\/web\/wp-json\/wp\/v2\/media?parent=20086"}],"wp:term":[{"taxonomy":"category","embeddable":true,"href":"https:\/\/bisbalpenedes.com\/web\/wp-json\/wp\/v2\/categories?post=20086"},{"taxonomy":"post_tag","embeddable":true,"href":"https:\/\/bisbalpenedes.com\/web\/wp-json\/wp\/v2\/tags?post=20086"}],"curies":[{"name":"wp","href":"https:\/\/api.w.org\/{rel}","templated":true}]}}